{"id":428889,"date":"2025-02-04T17:04:20","date_gmt":"2025-02-04T16:04:20","guid":{"rendered":"https:\/\/www.omnium.cat\/?p=428889"},"modified":"2025-02-04T17:09:11","modified_gmt":"2025-02-04T16:09:11","slug":"la-taula-local-dentitats-per-la-llengua-de-mataro-busca-voluntaris-per-als-grups-de-treball","status":"publish","type":"post","link":"https:\/\/www.omnium.cat\/ca\/la-taula-local-dentitats-per-la-llengua-de-mataro-busca-voluntaris-per-als-grups-de-treball\/","title":{"rendered":"La Taula Local d&#8217;Entitats per la Llengua de Matar\u00f3 busca voluntaris per als grups de treball."},"content":{"rendered":"\n<p>La Taula d\u2019Entitats de Matar\u00f3 per la Llengua continua avan\u00e7ant en el seu comprom\u00eds per impulsar el catal\u00e0 i convida persones i col\u00b7lectius a sumar-se als seus grups de treball, que ja estan actius reunint-se amb l\u2019administraci\u00f3 local, entitats i altres col\u00b7lectius de la ciutat.\u00a0<\/p>\n<p>Actualment, els grups se centren en tres \u00e0mbits clau: lleure i esport, ampliaci\u00f3 d\u2019entitats adherides i relaci\u00f3 amb les administracions. Les persones interessades en col\u00b7laborar dels grups de treball poden contactar amb la taula per correu:\u00a0<a href=\"mailto:taulallenguamataro@gmail.com\">taulallenguamataro@gmail.com<\/a><\/p>\n<p>Amb m\u00e9s de 100 entitats adherides, la Taula continua creixent i consolidant-se com un espai de coordinaci\u00f3 i acci\u00f3 conjunta. Noves organitzacions s\u2019hi han sumat recentment, ampliant la xarxa de col\u00b7laboraci\u00f3 per defensar i promoure l\u2019\u00fas social del catal\u00e0.<\/p>\n<p>La Taula d\u2019Entitats de Matar\u00f3 per la Llengua neix per fomentar la unitat d\u2019acci\u00f3 entre entitats, organitzacions i col\u00b7lectius de la ciutat amb l\u2019objectiu d\u2019enfortir el coneixement i la pres\u00e8ncia del catal\u00e0 en tots els \u00e0mbits. A m\u00e9s, actua com a vehicle per traslladar a l\u2019administraci\u00f3 les peticions i responsabilitats en la defensa i promoci\u00f3 de la llengua.<\/p>\n","protected":false},"excerpt":{"rendered":"<p>La Taula d\u2019Entitats de Matar\u00f3 per la Llengua continua avan\u00e7ant en el seu comprom\u00eds per impulsar el catal\u00e0 i convida persones i col\u00b7lectius a sumar-se als seus grups de treball, [&hellip;]<\/p>\n","protected":false},"author":268,"featured_media":428892,"comment_status":"closed","ping_status":"open","sticky":false,"template":"","format":"standard","meta":{"_acf_changed":false,"footnotes":""},"categories":[1],"tags":[],"post_headquarter":[1751],"post_project":[],"class_list":["post-428889","post","type-post","status-publish","format-standard","has-post-thumbnail","hentry","category-uncategorized-ca","post_headquarter-maresme"],"acf":[],"yoast_head":"<!-- This site is optimized with the Yoast SEO plugin v27.2 - https:\/\/yoast.com\/product\/yoast-seo-wordpress\/ -->\n<title>La Taula Local d&#039;Entitats per la Llengua de Matar\u00f3 busca voluntaris per als grups de treball. - \u00d2mnium Cultural<\/title>\n<meta name=\"robots\" content=\"index, follow, max-snippet:-1, max-image-preview:large, max-video-preview:-1\" \/>\n<link rel=\"canonical\" href=\"https:\/\/www.omnium.cat\/ca\/la-taula-local-dentitats-per-la-llengua-de-mataro-busca-voluntaris-per-als-grups-de-treball\/\" \/>\n<meta name=\"twitter:label1\" content=\"Escrit per\" \/>\n\t<meta name=\"twitter:data1\" content=\"Carles Porta\" \/>\n\t<meta name=\"twitter:label2\" content=\"Temps estimat de lectura\" \/>\n\t<meta name=\"twitter:data2\" content=\"2 minuts\" \/>\n<script type=\"application\/ld+json\" class=\"yoast-schema-graph\">{\"@context\":\"https:\/\/schema.org\",\"@graph\":[{\"@type\":\"Article\",\"@id\":\"https:\/\/www.omnium.cat\/ca\/la-taula-local-dentitats-per-la-llengua-de-mataro-busca-voluntaris-per-als-grups-de-treball\/#article\",\"isPartOf\":{\"@id\":\"https:\/\/www.omnium.cat\/ca\/la-taula-local-dentitats-per-la-llengua-de-mataro-busca-voluntaris-per-als-grups-de-treball\/\"},\"author\":{\"name\":\"Carles Porta\",\"@id\":\"https:\/\/www.omnium.cat\/ca\/#\/schema\/person\/4de75722eb8af50306e6b39ab45dc7f1\"},\"headline\":\"La Taula Local d&#8217;Entitats per la Llengua de Matar\u00f3 busca voluntaris per als grups de treball.\",\"datePublished\":\"2025-02-04T16:04:20+00:00\",\"dateModified\":\"2025-02-04T16:09:11+00:00\",\"mainEntityOfPage\":{\"@id\":\"https:\/\/www.omnium.cat\/ca\/la-taula-local-dentitats-per-la-llengua-de-mataro-busca-voluntaris-per-als-grups-de-treball\/\"},\"wordCount\":217,\"publisher\":{\"@id\":\"https:\/\/www.omnium.cat\/ca\/#organization\"},\"image\":{\"@id\":\"https:\/\/www.omnium.cat\/ca\/la-taula-local-dentitats-per-la-llengua-de-mataro-busca-voluntaris-per-als-grups-de-treball\/#primaryimage\"},\"thumbnailUrl\":\"https:\/\/cdn.omnium.cat\/wp-content\/uploads\/2025\/02\/04164114\/5794243785675359769-2.jpg\",\"articleSection\":[\"Uncategorized @oc\"],\"inLanguage\":\"ca\"},{\"@type\":\"WebPage\",\"@id\":\"https:\/\/www.omnium.cat\/ca\/la-taula-local-dentitats-per-la-llengua-de-mataro-busca-voluntaris-per-als-grups-de-treball\/\",\"url\":\"https:\/\/www.omnium.cat\/ca\/la-taula-local-dentitats-per-la-llengua-de-mataro-busca-voluntaris-per-als-grups-de-treball\/\",\"name\":\"La Taula Local d'Entitats per la Llengua de Matar\u00f3 busca voluntaris per als grups de treball. - \u00d2mnium Cultural\",\"isPartOf\":{\"@id\":\"https:\/\/www.omnium.cat\/ca\/#website\"},\"primaryImageOfPage\":{\"@id\":\"https:\/\/www.omnium.cat\/ca\/la-taula-local-dentitats-per-la-llengua-de-mataro-busca-voluntaris-per-als-grups-de-treball\/#primaryimage\"},\"image\":{\"@id\":\"https:\/\/www.omnium.cat\/ca\/la-taula-local-dentitats-per-la-llengua-de-mataro-busca-voluntaris-per-als-grups-de-treball\/#primaryimage\"},\"thumbnailUrl\":\"https:\/\/cdn.omnium.cat\/wp-content\/uploads\/2025\/02\/04164114\/5794243785675359769-2.jpg\",\"datePublished\":\"2025-02-04T16:04:20+00:00\",\"dateModified\":\"2025-02-04T16:09:11+00:00\",\"breadcrumb\":{\"@id\":\"https:\/\/www.omnium.cat\/ca\/la-taula-local-dentitats-per-la-llengua-de-mataro-busca-voluntaris-per-als-grups-de-treball\/#breadcrumb\"},\"inLanguage\":\"ca\",\"potentialAction\":[{\"@type\":\"ReadAction\",\"target\":[\"https:\/\/www.omnium.cat\/ca\/la-taula-local-dentitats-per-la-llengua-de-mataro-busca-voluntaris-per-als-grups-de-treball\/\"]}]},{\"@type\":\"ImageObject\",\"inLanguage\":\"ca\",\"@id\":\"https:\/\/www.omnium.cat\/ca\/la-taula-local-dentitats-per-la-llengua-de-mataro-busca-voluntaris-per-als-grups-de-treball\/#primaryimage\",\"url\":\"https:\/\/cdn.omnium.cat\/wp-content\/uploads\/2025\/02\/04164114\/5794243785675359769-2.jpg\",\"contentUrl\":\"https:\/\/cdn.omnium.cat\/wp-content\/uploads\/2025\/02\/04164114\/5794243785675359769-2.jpg\",\"width\":1280,\"height\":960},{\"@type\":\"BreadcrumbList\",\"@id\":\"https:\/\/www.omnium.cat\/ca\/la-taula-local-dentitats-per-la-llengua-de-mataro-busca-voluntaris-per-als-grups-de-treball\/#breadcrumb\",\"itemListElement\":[{\"@type\":\"ListItem\",\"position\":1,\"name\":\"Inici\",\"item\":\"https:\/\/www.omnium.cat\/ca\/\"},{\"@type\":\"ListItem\",\"position\":2,\"name\":\"La Taula Local d&#8217;Entitats per la Llengua de Matar\u00f3 busca voluntaris per als grups de treball.\"}]},{\"@type\":\"WebSite\",\"@id\":\"https:\/\/www.omnium.cat\/ca\/#website\",\"url\":\"https:\/\/www.omnium.cat\/ca\/\",\"name\":\"\u00d2mnium Cultural\",\"description\":\"Llengua Cultura Pa\u00eds\",\"publisher\":{\"@id\":\"https:\/\/www.omnium.cat\/ca\/#organization\"},\"potentialAction\":[{\"@type\":\"SearchAction\",\"target\":{\"@type\":\"EntryPoint\",\"urlTemplate\":\"https:\/\/www.omnium.cat\/ca\/?s={search_term_string}\"},\"query-input\":{\"@type\":\"PropertyValueSpecification\",\"valueRequired\":true,\"valueName\":\"search_term_string\"}}],\"inLanguage\":\"ca\"},{\"@type\":\"Organization\",\"@id\":\"https:\/\/www.omnium.cat\/ca\/#organization\",\"name\":\"\u00d2mnium Cultural\",\"url\":\"https:\/\/www.omnium.cat\/ca\/\",\"logo\":{\"@type\":\"ImageObject\",\"inLanguage\":\"ca\",\"@id\":\"https:\/\/www.omnium.cat\/ca\/#\/schema\/logo\/image\/\",\"url\":\"https:\/\/cdn.omnium.cat\/wp-content\/uploads\/2019\/06\/01112517\/cropped-omnium_logo-1.png\",\"contentUrl\":\"https:\/\/cdn.omnium.cat\/wp-content\/uploads\/2019\/06\/01112517\/cropped-omnium_logo-1.png\",\"width\":1213,\"height\":262,\"caption\":\"\u00d2mnium Cultural\"},\"image\":{\"@id\":\"https:\/\/www.omnium.cat\/ca\/#\/schema\/logo\/image\/\"},\"sameAs\":[\"https:\/\/www.facebook.com\/omniumcultural\",\"https:\/\/x.com\/omnium\",\"https:\/\/www.instagram.com\/omniumcultural\/\",\"https:\/\/www.youtube.com\/user\/omniumcultural\"]},{\"@type\":\"Person\",\"@id\":\"https:\/\/www.omnium.cat\/ca\/#\/schema\/person\/4de75722eb8af50306e6b39ab45dc7f1\",\"name\":\"Carles Porta\",\"image\":{\"@type\":\"ImageObject\",\"inLanguage\":\"ca\",\"@id\":\"https:\/\/secure.gravatar.com\/avatar\/308bed24de2577c6193f94e5cc51cde7a0c5992498998998ff4f665db923d04d?s=96&d=mm&r=g\",\"url\":\"https:\/\/secure.gravatar.com\/avatar\/308bed24de2577c6193f94e5cc51cde7a0c5992498998998ff4f665db923d04d?s=96&d=mm&r=g\",\"contentUrl\":\"https:\/\/secure.gravatar.com\/avatar\/308bed24de2577c6193f94e5cc51cde7a0c5992498998998ff4f665db923d04d?s=96&d=mm&r=g\",\"caption\":\"Carles Porta\"}}]}<\/script>\n<!-- \/ Yoast SEO plugin. -->","yoast_head_json":{"title":"La Taula Local d'Entitats per la Llengua de Matar\u00f3 busca voluntaris per als grups de treball. - \u00d2mnium Cultural","robots":{"index":"index","follow":"follow","max-snippet":"max-snippet:-1","max-image-preview":"max-image-preview:large","max-video-preview":"max-video-preview:-1"},"canonical":"https:\/\/www.omnium.cat\/ca\/la-taula-local-dentitats-per-la-llengua-de-mataro-busca-voluntaris-per-als-grups-de-treball\/","twitter_misc":{"Escrit per":"Carles Porta","Temps estimat de lectura":"2 minuts"},"schema":{"@context":"https:\/\/schema.org","@graph":[{"@type":"Article","@id":"https:\/\/www.omnium.cat\/ca\/la-taula-local-dentitats-per-la-llengua-de-mataro-busca-voluntaris-per-als-grups-de-treball\/#article","isPartOf":{"@id":"https:\/\/www.omnium.cat\/ca\/la-taula-local-dentitats-per-la-llengua-de-mataro-busca-voluntaris-per-als-grups-de-treball\/"},"author":{"name":"Carles Porta","@id":"https:\/\/www.omnium.cat\/ca\/#\/schema\/person\/4de75722eb8af50306e6b39ab45dc7f1"},"headline":"La Taula Local d&#8217;Entitats per la Llengua de Matar\u00f3 busca voluntaris per als grups de treball.","datePublished":"2025-02-04T16:04:20+00:00","dateModified":"2025-02-04T16:09:11+00:00","mainEntityOfPage":{"@id":"https:\/\/www.omnium.cat\/ca\/la-taula-local-dentitats-per-la-llengua-de-mataro-busca-voluntaris-per-als-grups-de-treball\/"},"wordCount":217,"publisher":{"@id":"https:\/\/www.omnium.cat\/ca\/#organization"},"image":{"@id":"https:\/\/www.omnium.cat\/ca\/la-taula-local-dentitats-per-la-llengua-de-mataro-busca-voluntaris-per-als-grups-de-treball\/#primaryimage"},"thumbnailUrl":"https:\/\/cdn.omnium.cat\/wp-content\/uploads\/2025\/02\/04164114\/5794243785675359769-2.jpg","articleSection":["Uncategorized @oc"],"inLanguage":"ca"},{"@type":"WebPage","@id":"https:\/\/www.omnium.cat\/ca\/la-taula-local-dentitats-per-la-llengua-de-mataro-busca-voluntaris-per-als-grups-de-treball\/","url":"https:\/\/www.omnium.cat\/ca\/la-taula-local-dentitats-per-la-llengua-de-mataro-busca-voluntaris-per-als-grups-de-treball\/","name":"La Taula Local d'Entitats per la Llengua de Matar\u00f3 busca voluntaris per als grups de treball. - \u00d2mnium Cultural","isPartOf":{"@id":"https:\/\/www.omnium.cat\/ca\/#website"},"primaryImageOfPage":{"@id":"https:\/\/www.omnium.cat\/ca\/la-taula-local-dentitats-per-la-llengua-de-mataro-busca-voluntaris-per-als-grups-de-treball\/#primaryimage"},"image":{"@id":"https:\/\/www.omnium.cat\/ca\/la-taula-local-dentitats-per-la-llengua-de-mataro-busca-voluntaris-per-als-grups-de-treball\/#primaryimage"},"thumbnailUrl":"https:\/\/cdn.omnium.cat\/wp-content\/uploads\/2025\/02\/04164114\/5794243785675359769-2.jpg","datePublished":"2025-02-04T16:04:20+00:00","dateModified":"2025-02-04T16:09:11+00:00","breadcrumb":{"@id":"https:\/\/www.omnium.cat\/ca\/la-taula-local-dentitats-per-la-llengua-de-mataro-busca-voluntaris-per-als-grups-de-treball\/#breadcrumb"},"inLanguage":"ca","potentialAction":[{"@type":"ReadAction","target":["https:\/\/www.omnium.cat\/ca\/la-taula-local-dentitats-per-la-llengua-de-mataro-busca-voluntaris-per-als-grups-de-treball\/"]}]},{"@type":"ImageObject","inLanguage":"ca","@id":"https:\/\/www.omnium.cat\/ca\/la-taula-local-dentitats-per-la-llengua-de-mataro-busca-voluntaris-per-als-grups-de-treball\/#primaryimage","url":"https:\/\/cdn.omnium.cat\/wp-content\/uploads\/2025\/02\/04164114\/5794243785675359769-2.jpg","contentUrl":"https:\/\/cdn.omnium.cat\/wp-content\/uploads\/2025\/02\/04164114\/5794243785675359769-2.jpg","width":1280,"height":960},{"@type":"BreadcrumbList","@id":"https:\/\/www.omnium.cat\/ca\/la-taula-local-dentitats-per-la-llengua-de-mataro-busca-voluntaris-per-als-grups-de-treball\/#breadcrumb","itemListElement":[{"@type":"ListItem","position":1,"name":"Inici","item":"https:\/\/www.omnium.cat\/ca\/"},{"@type":"ListItem","position":2,"name":"La Taula Local d&#8217;Entitats per la Llengua de Matar\u00f3 busca voluntaris per als grups de treball."}]},{"@type":"WebSite","@id":"https:\/\/www.omnium.cat\/ca\/#website","url":"https:\/\/www.omnium.cat\/ca\/","name":"\u00d2mnium Cultural","description":"Llengua Cultura Pa\u00eds","publisher":{"@id":"https:\/\/www.omnium.cat\/ca\/#organization"},"potentialAction":[{"@type":"SearchAction","target":{"@type":"EntryPoint","urlTemplate":"https:\/\/www.omnium.cat\/ca\/?s={search_term_string}"},"query-input":{"@type":"PropertyValueSpecification","valueRequired":true,"valueName":"search_term_string"}}],"inLanguage":"ca"},{"@type":"Organization","@id":"https:\/\/www.omnium.cat\/ca\/#organization","name":"\u00d2mnium Cultural","url":"https:\/\/www.omnium.cat\/ca\/","logo":{"@type":"ImageObject","inLanguage":"ca","@id":"https:\/\/www.omnium.cat\/ca\/#\/schema\/logo\/image\/","url":"https:\/\/cdn.omnium.cat\/wp-content\/uploads\/2019\/06\/01112517\/cropped-omnium_logo-1.png","contentUrl":"https:\/\/cdn.omnium.cat\/wp-content\/uploads\/2019\/06\/01112517\/cropped-omnium_logo-1.png","width":1213,"height":262,"caption":"\u00d2mnium Cultural"},"image":{"@id":"https:\/\/www.omnium.cat\/ca\/#\/schema\/logo\/image\/"},"sameAs":["https:\/\/www.facebook.com\/omniumcultural","https:\/\/x.com\/omnium","https:\/\/www.instagram.com\/omniumcultural\/","https:\/\/www.youtube.com\/user\/omniumcultural"]},{"@type":"Person","@id":"https:\/\/www.omnium.cat\/ca\/#\/schema\/person\/4de75722eb8af50306e6b39ab45dc7f1","name":"Carles Porta","image":{"@type":"ImageObject","inLanguage":"ca","@id":"https:\/\/secure.gravatar.com\/avatar\/308bed24de2577c6193f94e5cc51cde7a0c5992498998998ff4f665db923d04d?s=96&d=mm&r=g","url":"https:\/\/secure.gravatar.com\/avatar\/308bed24de2577c6193f94e5cc51cde7a0c5992498998998ff4f665db923d04d?s=96&d=mm&r=g","contentUrl":"https:\/\/secure.gravatar.com\/avatar\/308bed24de2577c6193f94e5cc51cde7a0c5992498998998ff4f665db923d04d?s=96&d=mm&r=g","caption":"Carles Porta"}}]}},"_links":{"self":[{"href":"https:\/\/www.omnium.cat\/ca\/wp-json\/wp\/v2\/posts\/428889","targetHints":{"allow":["GET"]}}],"collection":[{"href":"https:\/\/www.omnium.cat\/ca\/wp-json\/wp\/v2\/posts"}],"about":[{"href":"https:\/\/www.omnium.cat\/ca\/wp-json\/wp\/v2\/types\/post"}],"author":[{"embeddable":true,"href":"https:\/\/www.omnium.cat\/ca\/wp-json\/wp\/v2\/users\/268"}],"replies":[{"embeddable":true,"href":"https:\/\/www.omnium.cat\/ca\/wp-json\/wp\/v2\/comments?post=428889"}],"version-history":[{"count":2,"href":"https:\/\/www.omnium.cat\/ca\/wp-json\/wp\/v2\/posts\/428889\/revisions"}],"predecessor-version":[{"id":428903,"href":"https:\/\/www.omnium.cat\/ca\/wp-json\/wp\/v2\/posts\/428889\/revisions\/428903"}],"wp:featuredmedia":[{"embeddable":true,"href":"https:\/\/www.omnium.cat\/ca\/wp-json\/wp\/v2\/media\/428892"}],"wp:attachment":[{"href":"https:\/\/www.omnium.cat\/ca\/wp-json\/wp\/v2\/media?parent=428889"}],"wp:term":[{"taxonomy":"category","embeddable":true,"href":"https:\/\/www.omnium.cat\/ca\/wp-json\/wp\/v2\/categories?post=428889"},{"taxonomy":"post_tag","embeddable":true,"href":"https:\/\/www.omnium.cat\/ca\/wp-json\/wp\/v2\/tags?post=428889"},{"taxonomy":"post_headquarter","embeddable":true,"href":"https:\/\/www.omnium.cat\/ca\/wp-json\/wp\/v2\/post_headquarter?post=428889"},{"taxonomy":"post_project","embeddable":true,"href":"https:\/\/www.omnium.cat\/ca\/wp-json\/wp\/v2\/post_project?post=428889"}],"curies":[{"name":"wp","href":"https:\/\/api.w.org\/{rel}","templated":true}]}}