{"id":428901,"date":"2025-02-04T17:06:53","date_gmt":"2025-02-04T16:06:53","guid":{"rendered":"https:\/\/www.omnium.cat\/?p=428901"},"modified":"2025-02-04T17:44:58","modified_gmt":"2025-02-04T16:44:58","slug":"sants-homenatja-angel-guimera-amb-un-esdeveniment-cultural-unic","status":"publish","type":"post","link":"https:\/\/www.omnium.cat\/ca\/sants-homenatja-angel-guimera-amb-un-esdeveniment-cultural-unic\/","title":{"rendered":"Sants homenatja \u00c0ngel Guimer\u00e0 amb un esdeveniment cultural \u00fanic"},"content":{"rendered":"\n<p>El proper dissabte 22 de febrer, a les 20 h, les Cotxeres de Sants seran l&#8217;escenari d&#8217;un acte especial per retre homenatge al dramaturg \u00c0ngel Guimer\u00e0, una figura clau de la literatura catalana. Aquest esdeveniment cultural comptar\u00e0 amb la participaci\u00f3 de destacades personalitats del m\u00f3n de la cultura, com Carme Sansa, Enric Maj\u00f3, Llu\u00eds Duran, Muntsa Farr\u00e9, Eduard Reboll, Rosa Mas i la Coral Sant Medir.<\/p>\n<p>A m\u00e9s, tamb\u00e9 hi col\u00b7laborar\u00e0 l&#8217;editorial Adesiara, que ha treballat per preservar i difondre l&#8217;obra del reconegut autor. L&#8217;homenatge, organitzat per \u00d2mnium Cultural Sants-Montju\u00efc, l&#8217;Associaci\u00f3 M\u00e9s Junts M\u00e9s Lluny, la Coral Sant Medir i Sants 3 R\u00e0dio, busca reivindicar el llegat literari i cultural d&#8217;\u00c0ngel Guimer\u00e0, posant en valor la seva contribuci\u00f3 a les arts esc\u00e8niques.<\/p>\n<p>Com a complement a aquest homenatge, durant el mateix dia tindr\u00e0 lloc la 1a Fira a Sants de llibres en catal\u00e0 d\u2019editorials independents dels Pa\u00efsos Catalans, de 10 h a 21 h a l\u2019Auditori de les Cotxeres de Sants (Carrer de Sants, 79).<\/p>\n<p>Aquest esdeveniment \u00e9s una magn\u00edfica oportunitat per a tots els amants de la cultura catalana, tant per recordar una figura liter\u00e0ria fonamental com per descobrir les novetats liter\u00e0ries en catal\u00e0 de les editorials independents.<\/p>\n<p>Organitza:<\/p>\n<p>\u00d2mnium Cultural Sants-Montju\u00efc<br \/>Associaci\u00f3 M\u00e9s Junts M\u00e9s Lluny<br \/>Coral Sant Medir<br \/>Sants 3 R\u00e0dio<\/p>\n<p><br \/>T\u2019hi esperem per gaudir de la cultura en maj\u00fascules!<\/p>\n","protected":false},"excerpt":{"rendered":"<p>El proper dissabte 22 de febrer, a les 20 h, les Cotxeres de Sants seran l&#8217;escenari d&#8217;un acte especial per retre homenatge al dramaturg \u00c0ngel Guimer\u00e0, una figura clau de [&hellip;]<\/p>\n","protected":false},"author":275,"featured_media":428905,"comment_status":"closed","ping_status":"open","sticky":false,"template":"","format":"standard","meta":{"_acf_changed":false,"footnotes":""},"categories":[1],"tags":[],"post_headquarter":[1759],"post_project":[],"class_list":["post-428901","post","type-post","status-publish","format-standard","has-post-thumbnail","hentry","category-uncategorized-ca","post_headquarter-barcelona-sants-montjuic"],"acf":[],"yoast_head":"<!-- This site is optimized with the Yoast SEO plugin v27.2 - https:\/\/yoast.com\/product\/yoast-seo-wordpress\/ -->\n<title>Sants homenatja \u00c0ngel Guimer\u00e0 amb un esdeveniment cultural \u00fanic - \u00d2mnium Cultural<\/title>\n<meta name=\"description\" content=\"El proper dissabte 22 de febrer, a les 20 h, les Cotxeres de Sants seran l&#039;escenari d&#039;un acte especial per retre homenatge al dramaturg \u00c0ngel Guimer\u00e0, una figura clau de la literatura catalana.\" \/>\n<meta name=\"robots\" content=\"index, follow, max-snippet:-1, max-image-preview:large, max-video-preview:-1\" \/>\n<link rel=\"canonical\" href=\"https:\/\/www.omnium.cat\/ca\/sants-homenatja-angel-guimera-amb-un-esdeveniment-cultural-unic\/\" \/>\n<meta name=\"twitter:label1\" content=\"Escrit per\" \/>\n\t<meta name=\"twitter:data1\" content=\"Vinyet Maduell\" \/>\n\t<meta name=\"twitter:label2\" content=\"Temps estimat de lectura\" \/>\n\t<meta name=\"twitter:data2\" content=\"2 minuts\" \/>\n<script type=\"application\/ld+json\" class=\"yoast-schema-graph\">{\"@context\":\"https:\/\/schema.org\",\"@graph\":[{\"@type\":\"Article\",\"@id\":\"https:\/\/www.omnium.cat\/ca\/sants-homenatja-angel-guimera-amb-un-esdeveniment-cultural-unic\/#article\",\"isPartOf\":{\"@id\":\"https:\/\/www.omnium.cat\/ca\/sants-homenatja-angel-guimera-amb-un-esdeveniment-cultural-unic\/\"},\"author\":{\"name\":\"Vinyet Maduell\",\"@id\":\"https:\/\/www.omnium.cat\/ca\/#\/schema\/person\/47260fc1b61b4cd891ad0a3c5ba4439e\"},\"headline\":\"Sants homenatja \u00c0ngel Guimer\u00e0 amb un esdeveniment cultural \u00fanic\",\"datePublished\":\"2025-02-04T16:06:53+00:00\",\"dateModified\":\"2025-02-04T16:44:58+00:00\",\"mainEntityOfPage\":{\"@id\":\"https:\/\/www.omnium.cat\/ca\/sants-homenatja-angel-guimera-amb-un-esdeveniment-cultural-unic\/\"},\"wordCount\":250,\"publisher\":{\"@id\":\"https:\/\/www.omnium.cat\/ca\/#organization\"},\"image\":{\"@id\":\"https:\/\/www.omnium.cat\/ca\/sants-homenatja-angel-guimera-amb-un-esdeveniment-cultural-unic\/#primaryimage\"},\"thumbnailUrl\":\"https:\/\/cdn.omnium.cat\/wp-content\/uploads\/2025\/02\/04171227\/Copia-de-Quedem-al-Teatre-14.png\",\"articleSection\":[\"Uncategorized @oc\"],\"inLanguage\":\"ca\"},{\"@type\":\"WebPage\",\"@id\":\"https:\/\/www.omnium.cat\/ca\/sants-homenatja-angel-guimera-amb-un-esdeveniment-cultural-unic\/\",\"url\":\"https:\/\/www.omnium.cat\/ca\/sants-homenatja-angel-guimera-amb-un-esdeveniment-cultural-unic\/\",\"name\":\"Sants homenatja \u00c0ngel Guimer\u00e0 amb un esdeveniment cultural \u00fanic - \u00d2mnium Cultural\",\"isPartOf\":{\"@id\":\"https:\/\/www.omnium.cat\/ca\/#website\"},\"primaryImageOfPage\":{\"@id\":\"https:\/\/www.omnium.cat\/ca\/sants-homenatja-angel-guimera-amb-un-esdeveniment-cultural-unic\/#primaryimage\"},\"image\":{\"@id\":\"https:\/\/www.omnium.cat\/ca\/sants-homenatja-angel-guimera-amb-un-esdeveniment-cultural-unic\/#primaryimage\"},\"thumbnailUrl\":\"https:\/\/cdn.omnium.cat\/wp-content\/uploads\/2025\/02\/04171227\/Copia-de-Quedem-al-Teatre-14.png\",\"datePublished\":\"2025-02-04T16:06:53+00:00\",\"dateModified\":\"2025-02-04T16:44:58+00:00\",\"description\":\"El proper dissabte 22 de febrer, a les 20 h, les Cotxeres de Sants seran l'escenari d'un acte especial per retre homenatge al dramaturg \u00c0ngel Guimer\u00e0, una figura clau de la literatura catalana.\",\"breadcrumb\":{\"@id\":\"https:\/\/www.omnium.cat\/ca\/sants-homenatja-angel-guimera-amb-un-esdeveniment-cultural-unic\/#breadcrumb\"},\"inLanguage\":\"ca\",\"potentialAction\":[{\"@type\":\"ReadAction\",\"target\":[\"https:\/\/www.omnium.cat\/ca\/sants-homenatja-angel-guimera-amb-un-esdeveniment-cultural-unic\/\"]}]},{\"@type\":\"ImageObject\",\"inLanguage\":\"ca\",\"@id\":\"https:\/\/www.omnium.cat\/ca\/sants-homenatja-angel-guimera-amb-un-esdeveniment-cultural-unic\/#primaryimage\",\"url\":\"https:\/\/cdn.omnium.cat\/wp-content\/uploads\/2025\/02\/04171227\/Copia-de-Quedem-al-Teatre-14.png\",\"contentUrl\":\"https:\/\/cdn.omnium.cat\/wp-content\/uploads\/2025\/02\/04171227\/Copia-de-Quedem-al-Teatre-14.png\",\"width\":1366,\"height\":768},{\"@type\":\"BreadcrumbList\",\"@id\":\"https:\/\/www.omnium.cat\/ca\/sants-homenatja-angel-guimera-amb-un-esdeveniment-cultural-unic\/#breadcrumb\",\"itemListElement\":[{\"@type\":\"ListItem\",\"position\":1,\"name\":\"Inici\",\"item\":\"https:\/\/www.omnium.cat\/ca\/\"},{\"@type\":\"ListItem\",\"position\":2,\"name\":\"Sants homenatja \u00c0ngel Guimer\u00e0 amb un esdeveniment cultural \u00fanic\"}]},{\"@type\":\"WebSite\",\"@id\":\"https:\/\/www.omnium.cat\/ca\/#website\",\"url\":\"https:\/\/www.omnium.cat\/ca\/\",\"name\":\"\u00d2mnium Cultural\",\"description\":\"Llengua Cultura Pa\u00eds\",\"publisher\":{\"@id\":\"https:\/\/www.omnium.cat\/ca\/#organization\"},\"potentialAction\":[{\"@type\":\"SearchAction\",\"target\":{\"@type\":\"EntryPoint\",\"urlTemplate\":\"https:\/\/www.omnium.cat\/ca\/?s={search_term_string}\"},\"query-input\":{\"@type\":\"PropertyValueSpecification\",\"valueRequired\":true,\"valueName\":\"search_term_string\"}}],\"inLanguage\":\"ca\"},{\"@type\":\"Organization\",\"@id\":\"https:\/\/www.omnium.cat\/ca\/#organization\",\"name\":\"\u00d2mnium Cultural\",\"url\":\"https:\/\/www.omnium.cat\/ca\/\",\"logo\":{\"@type\":\"ImageObject\",\"inLanguage\":\"ca\",\"@id\":\"https:\/\/www.omnium.cat\/ca\/#\/schema\/logo\/image\/\",\"url\":\"https:\/\/cdn.omnium.cat\/wp-content\/uploads\/2019\/06\/01112517\/cropped-omnium_logo-1.png\",\"contentUrl\":\"https:\/\/cdn.omnium.cat\/wp-content\/uploads\/2019\/06\/01112517\/cropped-omnium_logo-1.png\",\"width\":1213,\"height\":262,\"caption\":\"\u00d2mnium Cultural\"},\"image\":{\"@id\":\"https:\/\/www.omnium.cat\/ca\/#\/schema\/logo\/image\/\"},\"sameAs\":[\"https:\/\/www.facebook.com\/omniumcultural\",\"https:\/\/x.com\/omnium\",\"https:\/\/www.instagram.com\/omniumcultural\/\",\"https:\/\/www.youtube.com\/user\/omniumcultural\"]},{\"@type\":\"Person\",\"@id\":\"https:\/\/www.omnium.cat\/ca\/#\/schema\/person\/47260fc1b61b4cd891ad0a3c5ba4439e\",\"name\":\"Vinyet Maduell\",\"image\":{\"@type\":\"ImageObject\",\"inLanguage\":\"ca\",\"@id\":\"https:\/\/secure.gravatar.com\/avatar\/b71921faa30a1ceca305b72702510b0a436a3ca34f9d1ea806756b05d893da99?s=96&d=mm&r=g\",\"url\":\"https:\/\/secure.gravatar.com\/avatar\/b71921faa30a1ceca305b72702510b0a436a3ca34f9d1ea806756b05d893da99?s=96&d=mm&r=g\",\"contentUrl\":\"https:\/\/secure.gravatar.com\/avatar\/b71921faa30a1ceca305b72702510b0a436a3ca34f9d1ea806756b05d893da99?s=96&d=mm&r=g\",\"caption\":\"Vinyet Maduell\"}}]}<\/script>\n<!-- \/ Yoast SEO plugin. -->","yoast_head_json":{"title":"Sants homenatja \u00c0ngel Guimer\u00e0 amb un esdeveniment cultural \u00fanic - \u00d2mnium Cultural","description":"El proper dissabte 22 de febrer, a les 20 h, les Cotxeres de Sants seran l'escenari d'un acte especial per retre homenatge al dramaturg \u00c0ngel Guimer\u00e0, una figura clau de la literatura catalana.","robots":{"index":"index","follow":"follow","max-snippet":"max-snippet:-1","max-image-preview":"max-image-preview:large","max-video-preview":"max-video-preview:-1"},"canonical":"https:\/\/www.omnium.cat\/ca\/sants-homenatja-angel-guimera-amb-un-esdeveniment-cultural-unic\/","twitter_misc":{"Escrit per":"Vinyet Maduell","Temps estimat de lectura":"2 minuts"},"schema":{"@context":"https:\/\/schema.org","@graph":[{"@type":"Article","@id":"https:\/\/www.omnium.cat\/ca\/sants-homenatja-angel-guimera-amb-un-esdeveniment-cultural-unic\/#article","isPartOf":{"@id":"https:\/\/www.omnium.cat\/ca\/sants-homenatja-angel-guimera-amb-un-esdeveniment-cultural-unic\/"},"author":{"name":"Vinyet Maduell","@id":"https:\/\/www.omnium.cat\/ca\/#\/schema\/person\/47260fc1b61b4cd891ad0a3c5ba4439e"},"headline":"Sants homenatja \u00c0ngel Guimer\u00e0 amb un esdeveniment cultural \u00fanic","datePublished":"2025-02-04T16:06:53+00:00","dateModified":"2025-02-04T16:44:58+00:00","mainEntityOfPage":{"@id":"https:\/\/www.omnium.cat\/ca\/sants-homenatja-angel-guimera-amb-un-esdeveniment-cultural-unic\/"},"wordCount":250,"publisher":{"@id":"https:\/\/www.omnium.cat\/ca\/#organization"},"image":{"@id":"https:\/\/www.omnium.cat\/ca\/sants-homenatja-angel-guimera-amb-un-esdeveniment-cultural-unic\/#primaryimage"},"thumbnailUrl":"https:\/\/cdn.omnium.cat\/wp-content\/uploads\/2025\/02\/04171227\/Copia-de-Quedem-al-Teatre-14.png","articleSection":["Uncategorized @oc"],"inLanguage":"ca"},{"@type":"WebPage","@id":"https:\/\/www.omnium.cat\/ca\/sants-homenatja-angel-guimera-amb-un-esdeveniment-cultural-unic\/","url":"https:\/\/www.omnium.cat\/ca\/sants-homenatja-angel-guimera-amb-un-esdeveniment-cultural-unic\/","name":"Sants homenatja \u00c0ngel Guimer\u00e0 amb un esdeveniment cultural \u00fanic - \u00d2mnium Cultural","isPartOf":{"@id":"https:\/\/www.omnium.cat\/ca\/#website"},"primaryImageOfPage":{"@id":"https:\/\/www.omnium.cat\/ca\/sants-homenatja-angel-guimera-amb-un-esdeveniment-cultural-unic\/#primaryimage"},"image":{"@id":"https:\/\/www.omnium.cat\/ca\/sants-homenatja-angel-guimera-amb-un-esdeveniment-cultural-unic\/#primaryimage"},"thumbnailUrl":"https:\/\/cdn.omnium.cat\/wp-content\/uploads\/2025\/02\/04171227\/Copia-de-Quedem-al-Teatre-14.png","datePublished":"2025-02-04T16:06:53+00:00","dateModified":"2025-02-04T16:44:58+00:00","description":"El proper dissabte 22 de febrer, a les 20 h, les Cotxeres de Sants seran l'escenari d'un acte especial per retre homenatge al dramaturg \u00c0ngel Guimer\u00e0, una figura clau de la literatura catalana.","breadcrumb":{"@id":"https:\/\/www.omnium.cat\/ca\/sants-homenatja-angel-guimera-amb-un-esdeveniment-cultural-unic\/#breadcrumb"},"inLanguage":"ca","potentialAction":[{"@type":"ReadAction","target":["https:\/\/www.omnium.cat\/ca\/sants-homenatja-angel-guimera-amb-un-esdeveniment-cultural-unic\/"]}]},{"@type":"ImageObject","inLanguage":"ca","@id":"https:\/\/www.omnium.cat\/ca\/sants-homenatja-angel-guimera-amb-un-esdeveniment-cultural-unic\/#primaryimage","url":"https:\/\/cdn.omnium.cat\/wp-content\/uploads\/2025\/02\/04171227\/Copia-de-Quedem-al-Teatre-14.png","contentUrl":"https:\/\/cdn.omnium.cat\/wp-content\/uploads\/2025\/02\/04171227\/Copia-de-Quedem-al-Teatre-14.png","width":1366,"height":768},{"@type":"BreadcrumbList","@id":"https:\/\/www.omnium.cat\/ca\/sants-homenatja-angel-guimera-amb-un-esdeveniment-cultural-unic\/#breadcrumb","itemListElement":[{"@type":"ListItem","position":1,"name":"Inici","item":"https:\/\/www.omnium.cat\/ca\/"},{"@type":"ListItem","position":2,"name":"Sants homenatja \u00c0ngel Guimer\u00e0 amb un esdeveniment cultural \u00fanic"}]},{"@type":"WebSite","@id":"https:\/\/www.omnium.cat\/ca\/#website","url":"https:\/\/www.omnium.cat\/ca\/","name":"\u00d2mnium Cultural","description":"Llengua Cultura Pa\u00eds","publisher":{"@id":"https:\/\/www.omnium.cat\/ca\/#organization"},"potentialAction":[{"@type":"SearchAction","target":{"@type":"EntryPoint","urlTemplate":"https:\/\/www.omnium.cat\/ca\/?s={search_term_string}"},"query-input":{"@type":"PropertyValueSpecification","valueRequired":true,"valueName":"search_term_string"}}],"inLanguage":"ca"},{"@type":"Organization","@id":"https:\/\/www.omnium.cat\/ca\/#organization","name":"\u00d2mnium Cultural","url":"https:\/\/www.omnium.cat\/ca\/","logo":{"@type":"ImageObject","inLanguage":"ca","@id":"https:\/\/www.omnium.cat\/ca\/#\/schema\/logo\/image\/","url":"https:\/\/cdn.omnium.cat\/wp-content\/uploads\/2019\/06\/01112517\/cropped-omnium_logo-1.png","contentUrl":"https:\/\/cdn.omnium.cat\/wp-content\/uploads\/2019\/06\/01112517\/cropped-omnium_logo-1.png","width":1213,"height":262,"caption":"\u00d2mnium Cultural"},"image":{"@id":"https:\/\/www.omnium.cat\/ca\/#\/schema\/logo\/image\/"},"sameAs":["https:\/\/www.facebook.com\/omniumcultural","https:\/\/x.com\/omnium","https:\/\/www.instagram.com\/omniumcultural\/","https:\/\/www.youtube.com\/user\/omniumcultural"]},{"@type":"Person","@id":"https:\/\/www.omnium.cat\/ca\/#\/schema\/person\/47260fc1b61b4cd891ad0a3c5ba4439e","name":"Vinyet Maduell","image":{"@type":"ImageObject","inLanguage":"ca","@id":"https:\/\/secure.gravatar.com\/avatar\/b71921faa30a1ceca305b72702510b0a436a3ca34f9d1ea806756b05d893da99?s=96&d=mm&r=g","url":"https:\/\/secure.gravatar.com\/avatar\/b71921faa30a1ceca305b72702510b0a436a3ca34f9d1ea806756b05d893da99?s=96&d=mm&r=g","contentUrl":"https:\/\/secure.gravatar.com\/avatar\/b71921faa30a1ceca305b72702510b0a436a3ca34f9d1ea806756b05d893da99?s=96&d=mm&r=g","caption":"Vinyet Maduell"}}]}},"_links":{"self":[{"href":"https:\/\/www.omnium.cat\/ca\/wp-json\/wp\/v2\/posts\/428901","targetHints":{"allow":["GET"]}}],"collection":[{"href":"https:\/\/www.omnium.cat\/ca\/wp-json\/wp\/v2\/posts"}],"about":[{"href":"https:\/\/www.omnium.cat\/ca\/wp-json\/wp\/v2\/types\/post"}],"author":[{"embeddable":true,"href":"https:\/\/www.omnium.cat\/ca\/wp-json\/wp\/v2\/users\/275"}],"replies":[{"embeddable":true,"href":"https:\/\/www.omnium.cat\/ca\/wp-json\/wp\/v2\/comments?post=428901"}],"version-history":[{"count":1,"href":"https:\/\/www.omnium.cat\/ca\/wp-json\/wp\/v2\/posts\/428901\/revisions"}],"predecessor-version":[{"id":428904,"href":"https:\/\/www.omnium.cat\/ca\/wp-json\/wp\/v2\/posts\/428901\/revisions\/428904"}],"wp:featuredmedia":[{"embeddable":true,"href":"https:\/\/www.omnium.cat\/ca\/wp-json\/wp\/v2\/media\/428905"}],"wp:attachment":[{"href":"https:\/\/www.omnium.cat\/ca\/wp-json\/wp\/v2\/media?parent=428901"}],"wp:term":[{"taxonomy":"category","embeddable":true,"href":"https:\/\/www.omnium.cat\/ca\/wp-json\/wp\/v2\/categories?post=428901"},{"taxonomy":"post_tag","embeddable":true,"href":"https:\/\/www.omnium.cat\/ca\/wp-json\/wp\/v2\/tags?post=428901"},{"taxonomy":"post_headquarter","embeddable":true,"href":"https:\/\/www.omnium.cat\/ca\/wp-json\/wp\/v2\/post_headquarter?post=428901"},{"taxonomy":"post_project","embeddable":true,"href":"https:\/\/www.omnium.cat\/ca\/wp-json\/wp\/v2\/post_project?post=428901"}],"curies":[{"name":"wp","href":"https:\/\/api.w.org\/{rel}","templated":true}]}}