{"id":428961,"date":"2025-02-05T10:50:29","date_gmt":"2025-02-05T09:50:29","guid":{"rendered":"https:\/\/www.omnium.cat\/?p=428961"},"modified":"2025-02-05T10:50:37","modified_gmt":"2025-02-05T09:50:37","slug":"antich-lassociacionisme-educatiu-te-un-paper-clau-per-combatre-els-discursos-dodi-mantenir-viva-la-memoria-democratica-i-no-repetir-errors-del-passat","status":"publish","type":"post","link":"https:\/\/www.omnium.cat\/ca\/antich-lassociacionisme-educatiu-te-un-paper-clau-per-combatre-els-discursos-dodi-mantenir-viva-la-memoria-democratica-i-no-repetir-errors-del-passat\/","title":{"rendered":"Antich: \u201cL&#8217;associacionisme educatiu t\u00e9 un paper clau per combatre els discursos d\u2019odi, mantenir viva la mem\u00f2ria democr\u00e0tica i no repetir errors del passat\u201d"},"content":{"rendered":"\n<p style=\"text-align: center;\"><strong>\u00d2mnium Cultural, a trav\u00e9s de l\u2019Escola de Formaci\u00f3 Guillem Agull\u00f3, i representants de l\u2019associacionisme educatiu presenten un pla d\u2019acci\u00f3 amb eines per combatre els discursos d\u2019odi entre els joves<\/strong><\/p>\n<p>\u00a0<\/p>\n<p>\u00d2mnium Cultural, a trav\u00e9s de l\u2019Escola de Formaci\u00f3 Guillem Agull\u00f3, i representants de l\u2019associacionisme educatiu han presentat un pla d\u2019acci\u00f3 que cont\u00e9 eines per a caps i monitors d\u2019entitats de l\u2019associacionisme per lluitar contra la proliferaci\u00f3 dels discurs d\u2019odi i l\u2019extrema dreta entre els joves. El president d\u2019\u00d2mnium Cultural, Xavier Antich, ha assegurat que \u201cl&#8217;associacionisme educatiu t\u00e9 un paper clau per combatre els discursos d\u2019odi, mantenir viva la mem\u00f2ria democr\u00e0tica i no repetir errors del passat\u201d. \u201cNo nom\u00e9s es tracta de recordar noms i dates com si f\u00f3ssim lloros que hem apr\u00e8s una lli\u00e7\u00f3 d\u2019hist\u00f2ria, sin\u00f3 de desterrar els discursos de l\u2019odi i de la intoler\u00e0ncia, i de fer valdre els valors del catalanisme democr\u00e0tic\u201d, ha afegit Antich, acompanyat de J\u00falia Petit, referent pol\u00edtica de l\u2019Escola de Formaci\u00f3 Guillem Agull\u00f3 i membre de la Junta Directiva nacional d\u2019\u00d2mnium, i de representants de l\u2019associacionisme educatiu com Minyons Escoltes i Guies, Escoltes, Acci\u00f3, Moviment de Centres d\u2019Esplai Cristians Catalans i Esplac.\u00a0<\/p>\n<p>Aquest pla d\u2019acci\u00f3 consta de la guia Cap lloc per l\u2019odi, que consta de tres apartats. Un primer que inclou un marc te\u00f2ric per entendre qu\u00e8 \u00e9s el discurs d\u2019odi i com es pot identificar. El segon incorpora un conjunt d\u2019estrat\u00e8gies enfocades a la prevenci\u00f3 i el rol dels caps i monitors en educar en la diversitat, el respecte i la conviv\u00e8ncia. I l\u2019\u00faltim apartat \u00e9s una bateria d\u2019activitats dirigides a diferents franges d\u2019edat. Tot plegat anir\u00e0 acompanyat d\u2019un pla de formaci\u00f3 integral a caps i monitors d\u2019arreu dels Pa\u00efsos Catalans.\u00a0<\/p>\n<p>El president d\u2019\u00d2mnium ha apuntat que aquest guies \u201chan de servir perqu\u00e8 l\u2019associacionisme juvenil i educatiu sigui encara m\u00e9s fort i estrat\u00e8gic en aquest cam\u00ed que no t\u00e9 marxa enrere i que es diu construcci\u00f3 nacional\u201d i ha fet una defensa de l\u2019associacionisme a Catalunya, que \u201cha estat pal de paller, s\u00edmbol de resist\u00e8ncia i un dels instruments m\u00e9s poderosos de la societat civil per protegir-se, en defensa de la identitat col\u00b7lectiva i nacional, de la llengua i la cultura catalanes\u201d. Antich ha recordat que \u201cl\u2019extrema dreta i el feixisme avancen penetrant en totes les capes\u201d. Per aix\u00f2, assegura que \u201ccal blindar-nos com a pa\u00eds\u201d i que la millor manera de fer-ho \u00e9s \u201ca trav\u00e9s de m\u00e9s recursos, m\u00e9s cultura, m\u00e9s mem\u00f2ria democr\u00e0tica i, sobretot, m\u00e9s educaci\u00f3\u201d. El president d\u2019\u00d2mnium ha rebutjat els \u201cdiscursos derrotistes\u201d i ha destacat que \u201cels joves no s\u00f3n part del problema, sin\u00f3 part de la principal soluci\u00f3\u201d perqu\u00e8 \u201cells s\u00f3n i han de ser la columna vertebral del pa\u00eds que volem construir\u201d.\u00a0<\/p>\n<p>Durant la presentaci\u00f3 del pla d\u2019acci\u00f3, J\u00falia Petit, referent pol\u00edtica de l\u2019Escola de Formaci\u00f3 Guillem Agull\u00f3 i membre de la Junta Directiva nacional d\u2019\u00d2mnium, ha assegurat que \u201ccombatre els discursos d\u2019odi que promou l\u2019extrema dreta \u00e9s una prioritat\u201d i que \u00e9s urgent \u201creconnectar amb els joves si volem construir un pa\u00eds on la llibertat i la cohesi\u00f3 siguin pilars fonamentals\u201d. Petit ha recordat que \u201cl\u2019Escola de Formaci\u00f3 Guillem Agull\u00f3 naixia el 2021 com una eina de pensament al servei de l\u2019activisme, amb l\u2019objectiu de reactivar coneixements i fer front a aquesta onada reaccion\u00e0ria\u201d.<\/p>\n<p>Tamb\u00e9 ha intervingut Clara Bricull\u00e9 com a representant de les entitats d\u2019associacionisme educatiu. Bricull\u00e9 ha afirmat que \u201ccada dia som m\u00e9s les entitats que detectem la pres\u00e8ncia de discursos que fomenten l\u2019odi cap a aquelles persones i col\u00b7lectius que no compleixen amb la norma establerta\u201d. A m\u00e9s, ha recordat que \u201cgran part de l\u2019ess\u00e8ncia dels esplais i caus \u00e9s la lluita contra les discriminacions i els discursos d\u2019odi, fer de les entitats un espai segur per tots els infants i joves que hi participen\u201d. \u201cL\u2019eina per combatre els discursos d\u2019odi ja existeix: es diu associacionisme educatiu, es diuen esplais i agrupaments\u201d, ha assegurat Bricull\u00e9.\u00a0<\/p>\n","protected":false},"excerpt":{"rendered":"<p>\u00d2mnium Cultural, a trav\u00e9s de l\u2019Escola de Formaci\u00f3 Guillem Agull\u00f3, i representants de l\u2019associacionisme educatiu presenten un pla d\u2019acci\u00f3 amb eines per combatre els discursos d\u2019odi entre els joves \u00a0 [&hellip;]<\/p>\n","protected":false},"author":182,"featured_media":428962,"comment_status":"closed","ping_status":"open","sticky":false,"template":"","format":"standard","meta":{"_acf_changed":false,"footnotes":""},"categories":[1],"tags":[],"post_headquarter":[],"post_project":[],"class_list":["post-428961","post","type-post","status-publish","format-standard","has-post-thumbnail","hentry","category-uncategorized-ca"],"acf":[],"yoast_head":"<!-- This site is optimized with the Yoast SEO plugin v27.2 - https:\/\/yoast.com\/product\/yoast-seo-wordpress\/ -->\n<title>Antich: \u201cL&#039;associacionisme educatiu t\u00e9 un paper clau per combatre els discursos d\u2019odi, mantenir viva la mem\u00f2ria democr\u00e0tica i no repetir errors del passat\u201d - \u00d2mnium Cultural<\/title>\n<meta name=\"robots\" content=\"index, follow, max-snippet:-1, max-image-preview:large, max-video-preview:-1\" \/>\n<link rel=\"canonical\" href=\"https:\/\/www.omnium.cat\/ca\/antich-lassociacionisme-educatiu-te-un-paper-clau-per-combatre-els-discursos-dodi-mantenir-viva-la-memoria-democratica-i-no-repetir-errors-del-passat\/\" \/>\n<meta name=\"twitter:label1\" content=\"Escrit per\" \/>\n\t<meta name=\"twitter:data1\" content=\"Aida Morales\" \/>\n\t<meta name=\"twitter:label2\" content=\"Temps estimat de lectura\" \/>\n\t<meta name=\"twitter:data2\" content=\"4 minuts\" \/>\n<script type=\"application\/ld+json\" class=\"yoast-schema-graph\">{\"@context\":\"https:\/\/schema.org\",\"@graph\":[{\"@type\":\"Article\",\"@id\":\"https:\/\/www.omnium.cat\/ca\/antich-lassociacionisme-educatiu-te-un-paper-clau-per-combatre-els-discursos-dodi-mantenir-viva-la-memoria-democratica-i-no-repetir-errors-del-passat\/#article\",\"isPartOf\":{\"@id\":\"https:\/\/www.omnium.cat\/ca\/antich-lassociacionisme-educatiu-te-un-paper-clau-per-combatre-els-discursos-dodi-mantenir-viva-la-memoria-democratica-i-no-repetir-errors-del-passat\/\"},\"author\":{\"name\":\"Aida Morales\",\"@id\":\"https:\/\/www.omnium.cat\/ca\/#\/schema\/person\/858757a3dcdf3cd6598d0db932c42b05\"},\"headline\":\"Antich: \u201cL&#8217;associacionisme educatiu t\u00e9 un paper clau per combatre els discursos d\u2019odi, mantenir viva la mem\u00f2ria democr\u00e0tica i no repetir errors del passat\u201d\",\"datePublished\":\"2025-02-05T09:50:29+00:00\",\"dateModified\":\"2025-02-05T09:50:37+00:00\",\"mainEntityOfPage\":{\"@id\":\"https:\/\/www.omnium.cat\/ca\/antich-lassociacionisme-educatiu-te-un-paper-clau-per-combatre-els-discursos-dodi-mantenir-viva-la-memoria-democratica-i-no-repetir-errors-del-passat\/\"},\"wordCount\":759,\"publisher\":{\"@id\":\"https:\/\/www.omnium.cat\/ca\/#organization\"},\"image\":{\"@id\":\"https:\/\/www.omnium.cat\/ca\/antich-lassociacionisme-educatiu-te-un-paper-clau-per-combatre-els-discursos-dodi-mantenir-viva-la-memoria-democratica-i-no-repetir-errors-del-passat\/#primaryimage\"},\"thumbnailUrl\":\"https:\/\/cdn.omnium.cat\/wp-content\/uploads\/2025\/02\/05104947\/DSC04838-scaled.jpg\",\"articleSection\":[\"Uncategorized @oc\"],\"inLanguage\":\"ca\"},{\"@type\":\"WebPage\",\"@id\":\"https:\/\/www.omnium.cat\/ca\/antich-lassociacionisme-educatiu-te-un-paper-clau-per-combatre-els-discursos-dodi-mantenir-viva-la-memoria-democratica-i-no-repetir-errors-del-passat\/\",\"url\":\"https:\/\/www.omnium.cat\/ca\/antich-lassociacionisme-educatiu-te-un-paper-clau-per-combatre-els-discursos-dodi-mantenir-viva-la-memoria-democratica-i-no-repetir-errors-del-passat\/\",\"name\":\"Antich: \u201cL'associacionisme educatiu t\u00e9 un paper clau per combatre els discursos d\u2019odi, mantenir viva la mem\u00f2ria democr\u00e0tica i no repetir errors del passat\u201d - \u00d2mnium Cultural\",\"isPartOf\":{\"@id\":\"https:\/\/www.omnium.cat\/ca\/#website\"},\"primaryImageOfPage\":{\"@id\":\"https:\/\/www.omnium.cat\/ca\/antich-lassociacionisme-educatiu-te-un-paper-clau-per-combatre-els-discursos-dodi-mantenir-viva-la-memoria-democratica-i-no-repetir-errors-del-passat\/#primaryimage\"},\"image\":{\"@id\":\"https:\/\/www.omnium.cat\/ca\/antich-lassociacionisme-educatiu-te-un-paper-clau-per-combatre-els-discursos-dodi-mantenir-viva-la-memoria-democratica-i-no-repetir-errors-del-passat\/#primaryimage\"},\"thumbnailUrl\":\"https:\/\/cdn.omnium.cat\/wp-content\/uploads\/2025\/02\/05104947\/DSC04838-scaled.jpg\",\"datePublished\":\"2025-02-05T09:50:29+00:00\",\"dateModified\":\"2025-02-05T09:50:37+00:00\",\"breadcrumb\":{\"@id\":\"https:\/\/www.omnium.cat\/ca\/antich-lassociacionisme-educatiu-te-un-paper-clau-per-combatre-els-discursos-dodi-mantenir-viva-la-memoria-democratica-i-no-repetir-errors-del-passat\/#breadcrumb\"},\"inLanguage\":\"ca\",\"potentialAction\":[{\"@type\":\"ReadAction\",\"target\":[\"https:\/\/www.omnium.cat\/ca\/antich-lassociacionisme-educatiu-te-un-paper-clau-per-combatre-els-discursos-dodi-mantenir-viva-la-memoria-democratica-i-no-repetir-errors-del-passat\/\"]}]},{\"@type\":\"ImageObject\",\"inLanguage\":\"ca\",\"@id\":\"https:\/\/www.omnium.cat\/ca\/antich-lassociacionisme-educatiu-te-un-paper-clau-per-combatre-els-discursos-dodi-mantenir-viva-la-memoria-democratica-i-no-repetir-errors-del-passat\/#primaryimage\",\"url\":\"https:\/\/cdn.omnium.cat\/wp-content\/uploads\/2025\/02\/05104947\/DSC04838-scaled.jpg\",\"contentUrl\":\"https:\/\/cdn.omnium.cat\/wp-content\/uploads\/2025\/02\/05104947\/DSC04838-scaled.jpg\",\"width\":2560,\"height\":1707},{\"@type\":\"BreadcrumbList\",\"@id\":\"https:\/\/www.omnium.cat\/ca\/antich-lassociacionisme-educatiu-te-un-paper-clau-per-combatre-els-discursos-dodi-mantenir-viva-la-memoria-democratica-i-no-repetir-errors-del-passat\/#breadcrumb\",\"itemListElement\":[{\"@type\":\"ListItem\",\"position\":1,\"name\":\"Inici\",\"item\":\"https:\/\/www.omnium.cat\/ca\/\"},{\"@type\":\"ListItem\",\"position\":2,\"name\":\"Antich: \u201cL&#8217;associacionisme educatiu t\u00e9 un paper clau per combatre els discursos d\u2019odi, mantenir viva la mem\u00f2ria democr\u00e0tica i no repetir errors del passat\u201d\"}]},{\"@type\":\"WebSite\",\"@id\":\"https:\/\/www.omnium.cat\/ca\/#website\",\"url\":\"https:\/\/www.omnium.cat\/ca\/\",\"name\":\"\u00d2mnium Cultural\",\"description\":\"Llengua Cultura Pa\u00eds\",\"publisher\":{\"@id\":\"https:\/\/www.omnium.cat\/ca\/#organization\"},\"potentialAction\":[{\"@type\":\"SearchAction\",\"target\":{\"@type\":\"EntryPoint\",\"urlTemplate\":\"https:\/\/www.omnium.cat\/ca\/?s={search_term_string}\"},\"query-input\":{\"@type\":\"PropertyValueSpecification\",\"valueRequired\":true,\"valueName\":\"search_term_string\"}}],\"inLanguage\":\"ca\"},{\"@type\":\"Organization\",\"@id\":\"https:\/\/www.omnium.cat\/ca\/#organization\",\"name\":\"\u00d2mnium Cultural\",\"url\":\"https:\/\/www.omnium.cat\/ca\/\",\"logo\":{\"@type\":\"ImageObject\",\"inLanguage\":\"ca\",\"@id\":\"https:\/\/www.omnium.cat\/ca\/#\/schema\/logo\/image\/\",\"url\":\"https:\/\/cdn.omnium.cat\/wp-content\/uploads\/2019\/06\/01112517\/cropped-omnium_logo-1.png\",\"contentUrl\":\"https:\/\/cdn.omnium.cat\/wp-content\/uploads\/2019\/06\/01112517\/cropped-omnium_logo-1.png\",\"width\":1213,\"height\":262,\"caption\":\"\u00d2mnium Cultural\"},\"image\":{\"@id\":\"https:\/\/www.omnium.cat\/ca\/#\/schema\/logo\/image\/\"},\"sameAs\":[\"https:\/\/www.facebook.com\/omniumcultural\",\"https:\/\/x.com\/omnium\",\"https:\/\/www.instagram.com\/omniumcultural\/\",\"https:\/\/www.youtube.com\/user\/omniumcultural\"]},{\"@type\":\"Person\",\"@id\":\"https:\/\/www.omnium.cat\/ca\/#\/schema\/person\/858757a3dcdf3cd6598d0db932c42b05\",\"name\":\"Aida Morales\",\"image\":{\"@type\":\"ImageObject\",\"inLanguage\":\"ca\",\"@id\":\"https:\/\/secure.gravatar.com\/avatar\/d31eddf3eb503b2da10671c829ecb9f8b407291532ee79052b9691be16224b84?s=96&d=mm&r=g\",\"url\":\"https:\/\/secure.gravatar.com\/avatar\/d31eddf3eb503b2da10671c829ecb9f8b407291532ee79052b9691be16224b84?s=96&d=mm&r=g\",\"contentUrl\":\"https:\/\/secure.gravatar.com\/avatar\/d31eddf3eb503b2da10671c829ecb9f8b407291532ee79052b9691be16224b84?s=96&d=mm&r=g\",\"caption\":\"Aida Morales\"}}]}<\/script>\n<!-- \/ Yoast SEO plugin. -->","yoast_head_json":{"title":"Antich: \u201cL'associacionisme educatiu t\u00e9 un paper clau per combatre els discursos d\u2019odi, mantenir viva la mem\u00f2ria democr\u00e0tica i no repetir errors del passat\u201d - \u00d2mnium Cultural","robots":{"index":"index","follow":"follow","max-snippet":"max-snippet:-1","max-image-preview":"max-image-preview:large","max-video-preview":"max-video-preview:-1"},"canonical":"https:\/\/www.omnium.cat\/ca\/antich-lassociacionisme-educatiu-te-un-paper-clau-per-combatre-els-discursos-dodi-mantenir-viva-la-memoria-democratica-i-no-repetir-errors-del-passat\/","twitter_misc":{"Escrit per":"Aida Morales","Temps estimat de lectura":"4 minuts"},"schema":{"@context":"https:\/\/schema.org","@graph":[{"@type":"Article","@id":"https:\/\/www.omnium.cat\/ca\/antich-lassociacionisme-educatiu-te-un-paper-clau-per-combatre-els-discursos-dodi-mantenir-viva-la-memoria-democratica-i-no-repetir-errors-del-passat\/#article","isPartOf":{"@id":"https:\/\/www.omnium.cat\/ca\/antich-lassociacionisme-educatiu-te-un-paper-clau-per-combatre-els-discursos-dodi-mantenir-viva-la-memoria-democratica-i-no-repetir-errors-del-passat\/"},"author":{"name":"Aida Morales","@id":"https:\/\/www.omnium.cat\/ca\/#\/schema\/person\/858757a3dcdf3cd6598d0db932c42b05"},"headline":"Antich: \u201cL&#8217;associacionisme educatiu t\u00e9 un paper clau per combatre els discursos d\u2019odi, mantenir viva la mem\u00f2ria democr\u00e0tica i no repetir errors del passat\u201d","datePublished":"2025-02-05T09:50:29+00:00","dateModified":"2025-02-05T09:50:37+00:00","mainEntityOfPage":{"@id":"https:\/\/www.omnium.cat\/ca\/antich-lassociacionisme-educatiu-te-un-paper-clau-per-combatre-els-discursos-dodi-mantenir-viva-la-memoria-democratica-i-no-repetir-errors-del-passat\/"},"wordCount":759,"publisher":{"@id":"https:\/\/www.omnium.cat\/ca\/#organization"},"image":{"@id":"https:\/\/www.omnium.cat\/ca\/antich-lassociacionisme-educatiu-te-un-paper-clau-per-combatre-els-discursos-dodi-mantenir-viva-la-memoria-democratica-i-no-repetir-errors-del-passat\/#primaryimage"},"thumbnailUrl":"https:\/\/cdn.omnium.cat\/wp-content\/uploads\/2025\/02\/05104947\/DSC04838-scaled.jpg","articleSection":["Uncategorized @oc"],"inLanguage":"ca"},{"@type":"WebPage","@id":"https:\/\/www.omnium.cat\/ca\/antich-lassociacionisme-educatiu-te-un-paper-clau-per-combatre-els-discursos-dodi-mantenir-viva-la-memoria-democratica-i-no-repetir-errors-del-passat\/","url":"https:\/\/www.omnium.cat\/ca\/antich-lassociacionisme-educatiu-te-un-paper-clau-per-combatre-els-discursos-dodi-mantenir-viva-la-memoria-democratica-i-no-repetir-errors-del-passat\/","name":"Antich: \u201cL'associacionisme educatiu t\u00e9 un paper clau per combatre els discursos d\u2019odi, mantenir viva la mem\u00f2ria democr\u00e0tica i no repetir errors del passat\u201d - \u00d2mnium Cultural","isPartOf":{"@id":"https:\/\/www.omnium.cat\/ca\/#website"},"primaryImageOfPage":{"@id":"https:\/\/www.omnium.cat\/ca\/antich-lassociacionisme-educatiu-te-un-paper-clau-per-combatre-els-discursos-dodi-mantenir-viva-la-memoria-democratica-i-no-repetir-errors-del-passat\/#primaryimage"},"image":{"@id":"https:\/\/www.omnium.cat\/ca\/antich-lassociacionisme-educatiu-te-un-paper-clau-per-combatre-els-discursos-dodi-mantenir-viva-la-memoria-democratica-i-no-repetir-errors-del-passat\/#primaryimage"},"thumbnailUrl":"https:\/\/cdn.omnium.cat\/wp-content\/uploads\/2025\/02\/05104947\/DSC04838-scaled.jpg","datePublished":"2025-02-05T09:50:29+00:00","dateModified":"2025-02-05T09:50:37+00:00","breadcrumb":{"@id":"https:\/\/www.omnium.cat\/ca\/antich-lassociacionisme-educatiu-te-un-paper-clau-per-combatre-els-discursos-dodi-mantenir-viva-la-memoria-democratica-i-no-repetir-errors-del-passat\/#breadcrumb"},"inLanguage":"ca","potentialAction":[{"@type":"ReadAction","target":["https:\/\/www.omnium.cat\/ca\/antich-lassociacionisme-educatiu-te-un-paper-clau-per-combatre-els-discursos-dodi-mantenir-viva-la-memoria-democratica-i-no-repetir-errors-del-passat\/"]}]},{"@type":"ImageObject","inLanguage":"ca","@id":"https:\/\/www.omnium.cat\/ca\/antich-lassociacionisme-educatiu-te-un-paper-clau-per-combatre-els-discursos-dodi-mantenir-viva-la-memoria-democratica-i-no-repetir-errors-del-passat\/#primaryimage","url":"https:\/\/cdn.omnium.cat\/wp-content\/uploads\/2025\/02\/05104947\/DSC04838-scaled.jpg","contentUrl":"https:\/\/cdn.omnium.cat\/wp-content\/uploads\/2025\/02\/05104947\/DSC04838-scaled.jpg","width":2560,"height":1707},{"@type":"BreadcrumbList","@id":"https:\/\/www.omnium.cat\/ca\/antich-lassociacionisme-educatiu-te-un-paper-clau-per-combatre-els-discursos-dodi-mantenir-viva-la-memoria-democratica-i-no-repetir-errors-del-passat\/#breadcrumb","itemListElement":[{"@type":"ListItem","position":1,"name":"Inici","item":"https:\/\/www.omnium.cat\/ca\/"},{"@type":"ListItem","position":2,"name":"Antich: \u201cL&#8217;associacionisme educatiu t\u00e9 un paper clau per combatre els discursos d\u2019odi, mantenir viva la mem\u00f2ria democr\u00e0tica i no repetir errors del passat\u201d"}]},{"@type":"WebSite","@id":"https:\/\/www.omnium.cat\/ca\/#website","url":"https:\/\/www.omnium.cat\/ca\/","name":"\u00d2mnium Cultural","description":"Llengua Cultura Pa\u00eds","publisher":{"@id":"https:\/\/www.omnium.cat\/ca\/#organization"},"potentialAction":[{"@type":"SearchAction","target":{"@type":"EntryPoint","urlTemplate":"https:\/\/www.omnium.cat\/ca\/?s={search_term_string}"},"query-input":{"@type":"PropertyValueSpecification","valueRequired":true,"valueName":"search_term_string"}}],"inLanguage":"ca"},{"@type":"Organization","@id":"https:\/\/www.omnium.cat\/ca\/#organization","name":"\u00d2mnium Cultural","url":"https:\/\/www.omnium.cat\/ca\/","logo":{"@type":"ImageObject","inLanguage":"ca","@id":"https:\/\/www.omnium.cat\/ca\/#\/schema\/logo\/image\/","url":"https:\/\/cdn.omnium.cat\/wp-content\/uploads\/2019\/06\/01112517\/cropped-omnium_logo-1.png","contentUrl":"https:\/\/cdn.omnium.cat\/wp-content\/uploads\/2019\/06\/01112517\/cropped-omnium_logo-1.png","width":1213,"height":262,"caption":"\u00d2mnium Cultural"},"image":{"@id":"https:\/\/www.omnium.cat\/ca\/#\/schema\/logo\/image\/"},"sameAs":["https:\/\/www.facebook.com\/omniumcultural","https:\/\/x.com\/omnium","https:\/\/www.instagram.com\/omniumcultural\/","https:\/\/www.youtube.com\/user\/omniumcultural"]},{"@type":"Person","@id":"https:\/\/www.omnium.cat\/ca\/#\/schema\/person\/858757a3dcdf3cd6598d0db932c42b05","name":"Aida Morales","image":{"@type":"ImageObject","inLanguage":"ca","@id":"https:\/\/secure.gravatar.com\/avatar\/d31eddf3eb503b2da10671c829ecb9f8b407291532ee79052b9691be16224b84?s=96&d=mm&r=g","url":"https:\/\/secure.gravatar.com\/avatar\/d31eddf3eb503b2da10671c829ecb9f8b407291532ee79052b9691be16224b84?s=96&d=mm&r=g","contentUrl":"https:\/\/secure.gravatar.com\/avatar\/d31eddf3eb503b2da10671c829ecb9f8b407291532ee79052b9691be16224b84?s=96&d=mm&r=g","caption":"Aida Morales"}}]}},"_links":{"self":[{"href":"https:\/\/www.omnium.cat\/ca\/wp-json\/wp\/v2\/posts\/428961","targetHints":{"allow":["GET"]}}],"collection":[{"href":"https:\/\/www.omnium.cat\/ca\/wp-json\/wp\/v2\/posts"}],"about":[{"href":"https:\/\/www.omnium.cat\/ca\/wp-json\/wp\/v2\/types\/post"}],"author":[{"embeddable":true,"href":"https:\/\/www.omnium.cat\/ca\/wp-json\/wp\/v2\/users\/182"}],"replies":[{"embeddable":true,"href":"https:\/\/www.omnium.cat\/ca\/wp-json\/wp\/v2\/comments?post=428961"}],"version-history":[{"count":2,"href":"https:\/\/www.omnium.cat\/ca\/wp-json\/wp\/v2\/posts\/428961\/revisions"}],"predecessor-version":[{"id":429009,"href":"https:\/\/www.omnium.cat\/ca\/wp-json\/wp\/v2\/posts\/428961\/revisions\/429009"}],"wp:featuredmedia":[{"embeddable":true,"href":"https:\/\/www.omnium.cat\/ca\/wp-json\/wp\/v2\/media\/428962"}],"wp:attachment":[{"href":"https:\/\/www.omnium.cat\/ca\/wp-json\/wp\/v2\/media?parent=428961"}],"wp:term":[{"taxonomy":"category","embeddable":true,"href":"https:\/\/www.omnium.cat\/ca\/wp-json\/wp\/v2\/categories?post=428961"},{"taxonomy":"post_tag","embeddable":true,"href":"https:\/\/www.omnium.cat\/ca\/wp-json\/wp\/v2\/tags?post=428961"},{"taxonomy":"post_headquarter","embeddable":true,"href":"https:\/\/www.omnium.cat\/ca\/wp-json\/wp\/v2\/post_headquarter?post=428961"},{"taxonomy":"post_project","embeddable":true,"href":"https:\/\/www.omnium.cat\/ca\/wp-json\/wp\/v2\/post_project?post=428961"}],"curies":[{"name":"wp","href":"https:\/\/api.w.org\/{rel}","templated":true}]}}