{"id":429089,"date":"2025-02-06T12:37:03","date_gmt":"2025-02-06T11:37:03","guid":{"rendered":"https:\/\/www.omnium.cat\/?p=429089"},"modified":"2025-02-06T13:32:09","modified_gmt":"2025-02-06T12:32:09","slug":"dones-de-cinema-un-recital-musical-per-visibilitzar-la-veu-femenina-en-el-sete-art","status":"publish","type":"post","link":"https:\/\/www.omnium.cat\/ca\/dones-de-cinema-un-recital-musical-per-visibilitzar-la-veu-femenina-en-el-sete-art\/","title":{"rendered":"&#8220;Dones de Cinema&#8221;: Un recital musical per visibilitzar la veu femenina en el set\u00e8 art"},"content":{"rendered":"\n<p>El dimarts <strong>18 de mar\u00e7 a les 19h<\/strong>, la <strong>Lleialtat Santsenca<\/strong> (C\/. Olzinelles, 30) acollir\u00e0 <strong>&#8220;Dones de Cinema&#8221;<\/strong>, un recital musical protagonitzat per la cantant <strong>Loida Bar\u00f3<\/strong> i la pianista <strong>Eug\u00e8nia Ar\u00fas<\/strong>, membres del duet <strong>Silly Symphony<\/strong>. Aquest esdeveniment, d\u2019entrada lliure, ofereix una experi\u00e8ncia propera i \u00edntima amb l\u2019objectiu de celebrar i reivindicar el paper de la dona en el m\u00f3n del cinema.<\/p>\n<p>El recital, que combina m\u00fasica i cinema, vol posar en relleu el talent femen\u00ed dins del set\u00e8 art, donant visibilitat a compositores de bandes sonores, lletristes, guionistes, directores i personatges ic\u00f2nics. L\u2019espectacle inclour\u00e0 adaptacions al catal\u00e0 i far\u00e0 un recorregut din\u00e0mic ple d\u2019emoci\u00f3, coneixement i reflexi\u00f3.<\/p>\n<p>La cantant <strong>Loida Bar\u00f3<\/strong>, graduada en Interpretaci\u00f3 de Cant Jazz per l\u2019ESMUC, i la pianista <strong>Eug\u00e8nia Ar\u00fas<\/strong>, doctora en educaci\u00f3 musical i llicenciada en improvisaci\u00f3 pian\u00edstica per l&#8217;Institut Jaques-Dalcroze de Ginebra, han unit el seu talent per crear <strong>Silly Symphony<\/strong>, un projecte que fusiona la m\u00fasica i el cinema des d\u2019una perspectiva femenina.<\/p>\n<p>Aquest recital es presenta com una oportunitat \u00fanica per gaudir de la m\u00fasica en viu mentre es reflexiona sobre el paper de les dones a la ind\u00fastria cinematogr\u00e0fica.\u00a0<\/p>\n<p>\u00a0<\/p>\n","protected":false},"excerpt":{"rendered":"<p>El dimarts 18 de mar\u00e7 a les 19h, la Lleialtat Santsenca (C\/. Olzinelles, 30) acollir\u00e0 &#8220;Dones de Cinema&#8221;, un recital musical protagonitzat per la cantant Loida Bar\u00f3 i la pianista [&hellip;]<\/p>\n","protected":false},"author":275,"featured_media":429095,"comment_status":"closed","ping_status":"open","sticky":false,"template":"","format":"standard","meta":{"_acf_changed":false,"footnotes":""},"categories":[1],"tags":[],"post_headquarter":[1759],"post_project":[],"class_list":["post-429089","post","type-post","status-publish","format-standard","has-post-thumbnail","hentry","category-uncategorized-ca","post_headquarter-barcelona-sants-montjuic"],"acf":[],"yoast_head":"<!-- This site is optimized with the Yoast SEO plugin v27.2 - https:\/\/yoast.com\/product\/yoast-seo-wordpress\/ -->\n<title>&quot;Dones de Cinema&quot;: Un recital musical per visibilitzar la veu femenina en el set\u00e8 art - \u00d2mnium Cultural<\/title>\n<meta name=\"robots\" content=\"index, follow, max-snippet:-1, max-image-preview:large, max-video-preview:-1\" \/>\n<link rel=\"canonical\" href=\"https:\/\/www.omnium.cat\/ca\/dones-de-cinema-un-recital-musical-per-visibilitzar-la-veu-femenina-en-el-sete-art\/\" \/>\n<meta name=\"twitter:label1\" content=\"Escrit per\" \/>\n\t<meta name=\"twitter:data1\" content=\"Vinyet Maduell\" \/>\n\t<meta name=\"twitter:label2\" content=\"Temps estimat de lectura\" \/>\n\t<meta name=\"twitter:data2\" content=\"2 minuts\" \/>\n<script type=\"application\/ld+json\" class=\"yoast-schema-graph\">{\"@context\":\"https:\/\/schema.org\",\"@graph\":[{\"@type\":\"Article\",\"@id\":\"https:\/\/www.omnium.cat\/ca\/dones-de-cinema-un-recital-musical-per-visibilitzar-la-veu-femenina-en-el-sete-art\/#article\",\"isPartOf\":{\"@id\":\"https:\/\/www.omnium.cat\/ca\/dones-de-cinema-un-recital-musical-per-visibilitzar-la-veu-femenina-en-el-sete-art\/\"},\"author\":{\"name\":\"Vinyet Maduell\",\"@id\":\"https:\/\/www.omnium.cat\/ca\/#\/schema\/person\/47260fc1b61b4cd891ad0a3c5ba4439e\"},\"headline\":\"&#8220;Dones de Cinema&#8221;: Un recital musical per visibilitzar la veu femenina en el set\u00e8 art\",\"datePublished\":\"2025-02-06T11:37:03+00:00\",\"dateModified\":\"2025-02-06T12:32:09+00:00\",\"mainEntityOfPage\":{\"@id\":\"https:\/\/www.omnium.cat\/ca\/dones-de-cinema-un-recital-musical-per-visibilitzar-la-veu-femenina-en-el-sete-art\/\"},\"wordCount\":224,\"publisher\":{\"@id\":\"https:\/\/www.omnium.cat\/ca\/#organization\"},\"image\":{\"@id\":\"https:\/\/www.omnium.cat\/ca\/dones-de-cinema-un-recital-musical-per-visibilitzar-la-veu-femenina-en-el-sete-art\/#primaryimage\"},\"thumbnailUrl\":\"https:\/\/www.omnium.cat\/wp-content\/uploads\/imatge-dones-de-cinema.jpg\",\"articleSection\":[\"Uncategorized @oc\"],\"inLanguage\":\"ca\"},{\"@type\":\"WebPage\",\"@id\":\"https:\/\/www.omnium.cat\/ca\/dones-de-cinema-un-recital-musical-per-visibilitzar-la-veu-femenina-en-el-sete-art\/\",\"url\":\"https:\/\/www.omnium.cat\/ca\/dones-de-cinema-un-recital-musical-per-visibilitzar-la-veu-femenina-en-el-sete-art\/\",\"name\":\"\\\"Dones de Cinema\\\": Un recital musical per visibilitzar la veu femenina en el set\u00e8 art - \u00d2mnium Cultural\",\"isPartOf\":{\"@id\":\"https:\/\/www.omnium.cat\/ca\/#website\"},\"primaryImageOfPage\":{\"@id\":\"https:\/\/www.omnium.cat\/ca\/dones-de-cinema-un-recital-musical-per-visibilitzar-la-veu-femenina-en-el-sete-art\/#primaryimage\"},\"image\":{\"@id\":\"https:\/\/www.omnium.cat\/ca\/dones-de-cinema-un-recital-musical-per-visibilitzar-la-veu-femenina-en-el-sete-art\/#primaryimage\"},\"thumbnailUrl\":\"https:\/\/www.omnium.cat\/wp-content\/uploads\/imatge-dones-de-cinema.jpg\",\"datePublished\":\"2025-02-06T11:37:03+00:00\",\"dateModified\":\"2025-02-06T12:32:09+00:00\",\"breadcrumb\":{\"@id\":\"https:\/\/www.omnium.cat\/ca\/dones-de-cinema-un-recital-musical-per-visibilitzar-la-veu-femenina-en-el-sete-art\/#breadcrumb\"},\"inLanguage\":\"ca\",\"potentialAction\":[{\"@type\":\"ReadAction\",\"target\":[\"https:\/\/www.omnium.cat\/ca\/dones-de-cinema-un-recital-musical-per-visibilitzar-la-veu-femenina-en-el-sete-art\/\"]}]},{\"@type\":\"ImageObject\",\"inLanguage\":\"ca\",\"@id\":\"https:\/\/www.omnium.cat\/ca\/dones-de-cinema-un-recital-musical-per-visibilitzar-la-veu-femenina-en-el-sete-art\/#primaryimage\",\"url\":\"https:\/\/www.omnium.cat\/wp-content\/uploads\/imatge-dones-de-cinema.jpg\",\"contentUrl\":\"https:\/\/www.omnium.cat\/wp-content\/uploads\/imatge-dones-de-cinema.jpg\",\"width\":9000,\"height\":5035},{\"@type\":\"BreadcrumbList\",\"@id\":\"https:\/\/www.omnium.cat\/ca\/dones-de-cinema-un-recital-musical-per-visibilitzar-la-veu-femenina-en-el-sete-art\/#breadcrumb\",\"itemListElement\":[{\"@type\":\"ListItem\",\"position\":1,\"name\":\"Inici\",\"item\":\"https:\/\/www.omnium.cat\/ca\/\"},{\"@type\":\"ListItem\",\"position\":2,\"name\":\"&#8220;Dones de Cinema&#8221;: Un recital musical per visibilitzar la veu femenina en el set\u00e8 art\"}]},{\"@type\":\"WebSite\",\"@id\":\"https:\/\/www.omnium.cat\/ca\/#website\",\"url\":\"https:\/\/www.omnium.cat\/ca\/\",\"name\":\"\u00d2mnium Cultural\",\"description\":\"Llengua Cultura Pa\u00eds\",\"publisher\":{\"@id\":\"https:\/\/www.omnium.cat\/ca\/#organization\"},\"potentialAction\":[{\"@type\":\"SearchAction\",\"target\":{\"@type\":\"EntryPoint\",\"urlTemplate\":\"https:\/\/www.omnium.cat\/ca\/?s={search_term_string}\"},\"query-input\":{\"@type\":\"PropertyValueSpecification\",\"valueRequired\":true,\"valueName\":\"search_term_string\"}}],\"inLanguage\":\"ca\"},{\"@type\":\"Organization\",\"@id\":\"https:\/\/www.omnium.cat\/ca\/#organization\",\"name\":\"\u00d2mnium Cultural\",\"url\":\"https:\/\/www.omnium.cat\/ca\/\",\"logo\":{\"@type\":\"ImageObject\",\"inLanguage\":\"ca\",\"@id\":\"https:\/\/www.omnium.cat\/ca\/#\/schema\/logo\/image\/\",\"url\":\"https:\/\/cdn.omnium.cat\/wp-content\/uploads\/2019\/06\/01112517\/cropped-omnium_logo-1.png\",\"contentUrl\":\"https:\/\/cdn.omnium.cat\/wp-content\/uploads\/2019\/06\/01112517\/cropped-omnium_logo-1.png\",\"width\":1213,\"height\":262,\"caption\":\"\u00d2mnium Cultural\"},\"image\":{\"@id\":\"https:\/\/www.omnium.cat\/ca\/#\/schema\/logo\/image\/\"},\"sameAs\":[\"https:\/\/www.facebook.com\/omniumcultural\",\"https:\/\/x.com\/omnium\",\"https:\/\/www.instagram.com\/omniumcultural\/\",\"https:\/\/www.youtube.com\/user\/omniumcultural\"]},{\"@type\":\"Person\",\"@id\":\"https:\/\/www.omnium.cat\/ca\/#\/schema\/person\/47260fc1b61b4cd891ad0a3c5ba4439e\",\"name\":\"Vinyet Maduell\",\"image\":{\"@type\":\"ImageObject\",\"inLanguage\":\"ca\",\"@id\":\"https:\/\/secure.gravatar.com\/avatar\/b71921faa30a1ceca305b72702510b0a436a3ca34f9d1ea806756b05d893da99?s=96&d=mm&r=g\",\"url\":\"https:\/\/secure.gravatar.com\/avatar\/b71921faa30a1ceca305b72702510b0a436a3ca34f9d1ea806756b05d893da99?s=96&d=mm&r=g\",\"contentUrl\":\"https:\/\/secure.gravatar.com\/avatar\/b71921faa30a1ceca305b72702510b0a436a3ca34f9d1ea806756b05d893da99?s=96&d=mm&r=g\",\"caption\":\"Vinyet Maduell\"}}]}<\/script>\n<!-- \/ Yoast SEO plugin. -->","yoast_head_json":{"title":"\"Dones de Cinema\": Un recital musical per visibilitzar la veu femenina en el set\u00e8 art - \u00d2mnium Cultural","robots":{"index":"index","follow":"follow","max-snippet":"max-snippet:-1","max-image-preview":"max-image-preview:large","max-video-preview":"max-video-preview:-1"},"canonical":"https:\/\/www.omnium.cat\/ca\/dones-de-cinema-un-recital-musical-per-visibilitzar-la-veu-femenina-en-el-sete-art\/","twitter_misc":{"Escrit per":"Vinyet Maduell","Temps estimat de lectura":"2 minuts"},"schema":{"@context":"https:\/\/schema.org","@graph":[{"@type":"Article","@id":"https:\/\/www.omnium.cat\/ca\/dones-de-cinema-un-recital-musical-per-visibilitzar-la-veu-femenina-en-el-sete-art\/#article","isPartOf":{"@id":"https:\/\/www.omnium.cat\/ca\/dones-de-cinema-un-recital-musical-per-visibilitzar-la-veu-femenina-en-el-sete-art\/"},"author":{"name":"Vinyet Maduell","@id":"https:\/\/www.omnium.cat\/ca\/#\/schema\/person\/47260fc1b61b4cd891ad0a3c5ba4439e"},"headline":"&#8220;Dones de Cinema&#8221;: Un recital musical per visibilitzar la veu femenina en el set\u00e8 art","datePublished":"2025-02-06T11:37:03+00:00","dateModified":"2025-02-06T12:32:09+00:00","mainEntityOfPage":{"@id":"https:\/\/www.omnium.cat\/ca\/dones-de-cinema-un-recital-musical-per-visibilitzar-la-veu-femenina-en-el-sete-art\/"},"wordCount":224,"publisher":{"@id":"https:\/\/www.omnium.cat\/ca\/#organization"},"image":{"@id":"https:\/\/www.omnium.cat\/ca\/dones-de-cinema-un-recital-musical-per-visibilitzar-la-veu-femenina-en-el-sete-art\/#primaryimage"},"thumbnailUrl":"https:\/\/www.omnium.cat\/wp-content\/uploads\/imatge-dones-de-cinema.jpg","articleSection":["Uncategorized @oc"],"inLanguage":"ca"},{"@type":"WebPage","@id":"https:\/\/www.omnium.cat\/ca\/dones-de-cinema-un-recital-musical-per-visibilitzar-la-veu-femenina-en-el-sete-art\/","url":"https:\/\/www.omnium.cat\/ca\/dones-de-cinema-un-recital-musical-per-visibilitzar-la-veu-femenina-en-el-sete-art\/","name":"\"Dones de Cinema\": Un recital musical per visibilitzar la veu femenina en el set\u00e8 art - \u00d2mnium Cultural","isPartOf":{"@id":"https:\/\/www.omnium.cat\/ca\/#website"},"primaryImageOfPage":{"@id":"https:\/\/www.omnium.cat\/ca\/dones-de-cinema-un-recital-musical-per-visibilitzar-la-veu-femenina-en-el-sete-art\/#primaryimage"},"image":{"@id":"https:\/\/www.omnium.cat\/ca\/dones-de-cinema-un-recital-musical-per-visibilitzar-la-veu-femenina-en-el-sete-art\/#primaryimage"},"thumbnailUrl":"https:\/\/www.omnium.cat\/wp-content\/uploads\/imatge-dones-de-cinema.jpg","datePublished":"2025-02-06T11:37:03+00:00","dateModified":"2025-02-06T12:32:09+00:00","breadcrumb":{"@id":"https:\/\/www.omnium.cat\/ca\/dones-de-cinema-un-recital-musical-per-visibilitzar-la-veu-femenina-en-el-sete-art\/#breadcrumb"},"inLanguage":"ca","potentialAction":[{"@type":"ReadAction","target":["https:\/\/www.omnium.cat\/ca\/dones-de-cinema-un-recital-musical-per-visibilitzar-la-veu-femenina-en-el-sete-art\/"]}]},{"@type":"ImageObject","inLanguage":"ca","@id":"https:\/\/www.omnium.cat\/ca\/dones-de-cinema-un-recital-musical-per-visibilitzar-la-veu-femenina-en-el-sete-art\/#primaryimage","url":"https:\/\/www.omnium.cat\/wp-content\/uploads\/imatge-dones-de-cinema.jpg","contentUrl":"https:\/\/www.omnium.cat\/wp-content\/uploads\/imatge-dones-de-cinema.jpg","width":9000,"height":5035},{"@type":"BreadcrumbList","@id":"https:\/\/www.omnium.cat\/ca\/dones-de-cinema-un-recital-musical-per-visibilitzar-la-veu-femenina-en-el-sete-art\/#breadcrumb","itemListElement":[{"@type":"ListItem","position":1,"name":"Inici","item":"https:\/\/www.omnium.cat\/ca\/"},{"@type":"ListItem","position":2,"name":"&#8220;Dones de Cinema&#8221;: Un recital musical per visibilitzar la veu femenina en el set\u00e8 art"}]},{"@type":"WebSite","@id":"https:\/\/www.omnium.cat\/ca\/#website","url":"https:\/\/www.omnium.cat\/ca\/","name":"\u00d2mnium Cultural","description":"Llengua Cultura Pa\u00eds","publisher":{"@id":"https:\/\/www.omnium.cat\/ca\/#organization"},"potentialAction":[{"@type":"SearchAction","target":{"@type":"EntryPoint","urlTemplate":"https:\/\/www.omnium.cat\/ca\/?s={search_term_string}"},"query-input":{"@type":"PropertyValueSpecification","valueRequired":true,"valueName":"search_term_string"}}],"inLanguage":"ca"},{"@type":"Organization","@id":"https:\/\/www.omnium.cat\/ca\/#organization","name":"\u00d2mnium Cultural","url":"https:\/\/www.omnium.cat\/ca\/","logo":{"@type":"ImageObject","inLanguage":"ca","@id":"https:\/\/www.omnium.cat\/ca\/#\/schema\/logo\/image\/","url":"https:\/\/cdn.omnium.cat\/wp-content\/uploads\/2019\/06\/01112517\/cropped-omnium_logo-1.png","contentUrl":"https:\/\/cdn.omnium.cat\/wp-content\/uploads\/2019\/06\/01112517\/cropped-omnium_logo-1.png","width":1213,"height":262,"caption":"\u00d2mnium Cultural"},"image":{"@id":"https:\/\/www.omnium.cat\/ca\/#\/schema\/logo\/image\/"},"sameAs":["https:\/\/www.facebook.com\/omniumcultural","https:\/\/x.com\/omnium","https:\/\/www.instagram.com\/omniumcultural\/","https:\/\/www.youtube.com\/user\/omniumcultural"]},{"@type":"Person","@id":"https:\/\/www.omnium.cat\/ca\/#\/schema\/person\/47260fc1b61b4cd891ad0a3c5ba4439e","name":"Vinyet Maduell","image":{"@type":"ImageObject","inLanguage":"ca","@id":"https:\/\/secure.gravatar.com\/avatar\/b71921faa30a1ceca305b72702510b0a436a3ca34f9d1ea806756b05d893da99?s=96&d=mm&r=g","url":"https:\/\/secure.gravatar.com\/avatar\/b71921faa30a1ceca305b72702510b0a436a3ca34f9d1ea806756b05d893da99?s=96&d=mm&r=g","contentUrl":"https:\/\/secure.gravatar.com\/avatar\/b71921faa30a1ceca305b72702510b0a436a3ca34f9d1ea806756b05d893da99?s=96&d=mm&r=g","caption":"Vinyet Maduell"}}]}},"_links":{"self":[{"href":"https:\/\/www.omnium.cat\/ca\/wp-json\/wp\/v2\/posts\/429089","targetHints":{"allow":["GET"]}}],"collection":[{"href":"https:\/\/www.omnium.cat\/ca\/wp-json\/wp\/v2\/posts"}],"about":[{"href":"https:\/\/www.omnium.cat\/ca\/wp-json\/wp\/v2\/types\/post"}],"author":[{"embeddable":true,"href":"https:\/\/www.omnium.cat\/ca\/wp-json\/wp\/v2\/users\/275"}],"replies":[{"embeddable":true,"href":"https:\/\/www.omnium.cat\/ca\/wp-json\/wp\/v2\/comments?post=429089"}],"version-history":[{"count":1,"href":"https:\/\/www.omnium.cat\/ca\/wp-json\/wp\/v2\/posts\/429089\/revisions"}],"predecessor-version":[{"id":429090,"href":"https:\/\/www.omnium.cat\/ca\/wp-json\/wp\/v2\/posts\/429089\/revisions\/429090"}],"wp:featuredmedia":[{"embeddable":true,"href":"https:\/\/www.omnium.cat\/ca\/wp-json\/wp\/v2\/media\/429095"}],"wp:attachment":[{"href":"https:\/\/www.omnium.cat\/ca\/wp-json\/wp\/v2\/media?parent=429089"}],"wp:term":[{"taxonomy":"category","embeddable":true,"href":"https:\/\/www.omnium.cat\/ca\/wp-json\/wp\/v2\/categories?post=429089"},{"taxonomy":"post_tag","embeddable":true,"href":"https:\/\/www.omnium.cat\/ca\/wp-json\/wp\/v2\/tags?post=429089"},{"taxonomy":"post_headquarter","embeddable":true,"href":"https:\/\/www.omnium.cat\/ca\/wp-json\/wp\/v2\/post_headquarter?post=429089"},{"taxonomy":"post_project","embeddable":true,"href":"https:\/\/www.omnium.cat\/ca\/wp-json\/wp\/v2\/post_project?post=429089"}],"curies":[{"name":"wp","href":"https:\/\/api.w.org\/{rel}","templated":true}]}}