{"id":429244,"date":"2025-02-08T12:25:05","date_gmt":"2025-02-08T11:25:05","guid":{"rendered":"https:\/\/www.omnium.cat\/?p=429244"},"modified":"2025-02-08T12:25:07","modified_gmt":"2025-02-08T11:25:07","slug":"la-federacio-llull-clou-lany-estelles-amb-un-emotiu-homenatge-a-burjassot","status":"publish","type":"post","link":"https:\/\/www.omnium.cat\/ca\/la-federacio-llull-clou-lany-estelles-amb-un-emotiu-homenatge-a-burjassot\/","title":{"rendered":"La Federaci\u00f3 Llull clou l\u2019Any Estell\u00e9s amb un emotiu homenatge a Burjassot"},"content":{"rendered":"\n<p style=\"text-align: center;\"><em>Acci\u00f3 Cultural del Pa\u00eds Valenci\u00e0, \u00d2mnium Cultural i l\u2019Obra Cultural Balear destaquen la import\u00e0ncia d\u2019Estell\u00e9s com a referent literari i la seua obra com un llegat fonamental per a la cultura en catal\u00e0<\/em><\/p>\n<p>La <strong>Federaci\u00f3 Llull<\/strong> ha concl\u00f2s l\u2019<strong>Any Estell\u00e9s<\/strong> amb un emotiu homenatge a <strong>Vicent Andr\u00e9s Estell\u00e9s<\/strong> a la poblaci\u00f3 que el va veure n\u00e0ixer, Burjassot. El municipi de l\u2019Horta Nord ha acollit aquest dissabte 8 de febrer l\u2019acte de cloenda de l\u2019Any Estell\u00e9s, organitzat per la Federaci\u00f3 Llull, que integra <strong>Acci\u00f3 Cultural del Pa\u00eds Valenci\u00e0, \u00d2mnium Cultural i l\u2019Obra Cultural Balear<\/strong>, i amb el suport de la <strong>Plataforma Cent d\u2019Estell\u00e9s<\/strong>. L\u2019homenatge ha tingut lloc a la Pla\u00e7a Emilio Castelar, punt central del municipi natal del poeta i on es troba la seua est\u00e0tua, i ha comptat amb la participaci\u00f3 d<strong>\u2019Anna Oliver<\/strong>, presidenta d\u2019Acci\u00f3 Cultural del Pa\u00eds Valenci\u00e0; <strong>Xavier Antich<\/strong>, president d\u2019\u00d2mnium Cultural, i <strong>Antoni Llabr\u00e9s<\/strong>, president de l\u2019Obra Cultural Balear i de la Federaci\u00f3 Llull.\u00a0<\/p>\n<p>Durant la cerim\u00f2nia, els representants de les tres entitats han destacat la import\u00e0ncia d\u2019Estell\u00e9s com a referent literari i la seua obra com un llegat fonamental per a la cultura en catal\u00e0. Alhora, ha estat present part de la fam\u00edlia del lletraferit. L\u2019acte ha incl\u00f2s una ofrena simb\u00f2lica de llibres, un gest carregat de significat que ha volgut representar la transmissi\u00f3 de la literatura i la cultura com a patrimoni col\u00b7lectiu. A m\u00e9s, s\u2019han recitat diversos fragments de l\u2019obra de Vicent Andr\u00e9s Estell\u00e9s, a c\u00e0rrec de l\u2019actor Francesc Any\u00f3, qui a m\u00e9s ha sigut el conductor de l\u2019acte. Any\u00f3 ha posat veu als versos m\u00e9s emblem\u00e0tics del poeta de Burjassot.<\/p>\n<p>La presidenta d\u2019Acci\u00f3 Cultural del Pa\u00eds Valenci\u00e0, <strong>Anna Oliver<\/strong>, ha posat el focus en la necessitat de revertir la dolenta situaci\u00f3 en qu\u00e8 es troba la nostra llengua: \u00ab<strong>Tots els indicadors sobre l&#8217;\u00fas de la llengua als territoris de parla catalana ens adverteixen de la necessitat de revertir la situaci\u00f3 de risc en qu\u00e8 ens trobem, i malgrat aix\u00f2, el que patim s\u00f3n situacions d&#8217;atac des dels governs centralistes i d&#8217;extrema dreta, i des del sistema judicial que retalla les pol\u00edtiques educatives i l&#8217;exercici dels drets ling\u00fc\u00edstics. Per fer front a eixa realitat, l&#8217;alian\u00e7a entre les entitats que treballem pel pa\u00eds i la llengua es fa m\u00e9s necess\u00e0ria que mai, fomentant l&#8217;\u00fas entre nous parlants, joves i en \u00e0mbits com el lleure i l\u2019oci. Com el poeta de Burjassot, fomentarem l&#8217;\u00fas de la llengua per \u2018tota la terra i el mar\u2019<\/strong>\u00bb.\u00a0<\/p>\n<p><strong>Xavier Antich<\/strong>, president d\u2019\u00d2mnium Cultural, ha destacat el catal\u00e0 com a eina nacional. \u00ab<strong>Fa tres mesos, la Federaci\u00f3 Llull vam situar la cultura catalana com a motor de la solidaritat i la reconstrucci\u00f3. I avui, ens tornem a conjurar en pro de la construcci\u00f3 nacional per deixar clar que som Pa\u00efsos Catalans i que volem exercir els nostres drets en llibertat. Per aix\u00f2, i agafant el llegat d\u2019Estell\u00e9s, continuarem defensant i promovent el catal\u00e0, la nostra llengua pr\u00f2pia i el nervi de la nostra naci\u00f3. Perqu\u00e8 el catal\u00e0 \u00e9s la millor eina de cohesi\u00f3 i connexi\u00f3 que ens identifica i ens uneix com a pa\u00eds<\/strong>\u00bb.\u00a0<\/p>\n<p>L\u2019actual president de la Federaci\u00f3 Llull i de l\u2019Obra Cultural Balear, <strong>Antoni Llabr\u00e9s<\/strong>, ha manifestat que Estell\u00e9s ens va retratar com a poble com pocs ho han fet, va posar versos a la vida quotidiana i ens va recordar que la poesia \u00e9s tamb\u00e9 una eina de resist\u00e8ncia. Llabr\u00e9s s\u2019ha referit a l\u2019Any Estell\u00e9s, que avui conclou, i a l\u2019Any Llompart, que just acaba de comen\u00e7ar: \u00ab<strong>Celebracions que ens permeten retre homenatge als nostres referents, redescobrir aquests escriptors i valorar-los i fer-los arribar a noves generacions de lectors i, sobretot, que mentre hi hagi alg\u00fa que llegeixi Estell\u00e9s i Llompart, la seva veu i el seu comprom\u00eds continuaran ressonant per enfortir la nostra consci\u00e8ncia col\u00b7lectiva, arreu dels nostres territoris<\/strong>\u00bb.\u00a0<\/p>\n<p>La jornada s\u2019ha completat amb la ruta liter\u00e0ria \u00ab<strong>Un cant a la vida<\/strong>\u00bb, condu\u00efda per <strong>Isabel Any\u00f3<\/strong>, neta d\u2019Estell\u00e9s. Aquesta passejada pels carrers del poble ha perm\u00e8s als assistents con\u00e8ixer de primera m\u00e0 els espais m\u00e9s significatius de la vida del poeta i aprofundir en la relaci\u00f3 entre la seua obra i l\u2019entorn que el va inspirar.\u00a0<\/p>\n<p>Amb aquest acte, la Federaci\u00f3 Llull ha posat punt final a un any dedicat a la mem\u00f2ria i difusi\u00f3 de Vicent Andr\u00e9s Estell\u00e9s. Se l\u2019ha reivindicat com una de les veus m\u00e9s poderoses de la literatura catalana i s\u2019ha refermat el comprom\u00eds de les tres entitats amb la cultura i la llengua. En aquest 2025 s\u2019encetar\u00e0 i es commemorar\u00e0 l\u2019<strong>Any Llompart<\/strong>, que agafa el testimoni per celebrar, llegir i recordar un altre dels lletraferits de la nostra literatura, Josep Maria Llompart.<\/p>\n\n\n\n\n","protected":false},"excerpt":{"rendered":"<p>Acci\u00f3 Cultural del Pa\u00eds Valenci\u00e0, \u00d2mnium Cultural i l\u2019Obra Cultural Balear destaquen la import\u00e0ncia d\u2019Estell\u00e9s com a referent literari i la seua obra com un llegat fonamental per a la [&hellip;]<\/p>\n","protected":false},"author":288,"featured_media":429252,"comment_status":"closed","ping_status":"open","sticky":false,"template":"","format":"standard","meta":{"_acf_changed":false,"footnotes":""},"categories":[1],"tags":[],"post_headquarter":[],"post_project":[],"class_list":["post-429244","post","type-post","status-publish","format-standard","has-post-thumbnail","hentry","category-uncategorized-ca"],"acf":[],"yoast_head":"<!-- This site is optimized with the Yoast SEO plugin v27.2 - https:\/\/yoast.com\/product\/yoast-seo-wordpress\/ -->\n<title>La Federaci\u00f3 Llull clou l\u2019Any Estell\u00e9s amb un emotiu homenatge a Burjassot - \u00d2mnium Cultural<\/title>\n<meta name=\"robots\" content=\"index, follow, max-snippet:-1, max-image-preview:large, max-video-preview:-1\" \/>\n<link rel=\"canonical\" href=\"https:\/\/www.omnium.cat\/ca\/la-federacio-llull-clou-lany-estelles-amb-un-emotiu-homenatge-a-burjassot\/\" \/>\n<meta name=\"twitter:label1\" content=\"Escrit per\" \/>\n\t<meta name=\"twitter:data1\" content=\"Xavier Sierra\" \/>\n\t<meta name=\"twitter:label2\" content=\"Temps estimat de lectura\" \/>\n\t<meta name=\"twitter:data2\" content=\"5 minuts\" \/>\n<script type=\"application\/ld+json\" class=\"yoast-schema-graph\">{\"@context\":\"https:\/\/schema.org\",\"@graph\":[{\"@type\":\"Article\",\"@id\":\"https:\/\/www.omnium.cat\/ca\/la-federacio-llull-clou-lany-estelles-amb-un-emotiu-homenatge-a-burjassot\/#article\",\"isPartOf\":{\"@id\":\"https:\/\/www.omnium.cat\/ca\/la-federacio-llull-clou-lany-estelles-amb-un-emotiu-homenatge-a-burjassot\/\"},\"author\":{\"name\":\"Xavier Sierra\",\"@id\":\"https:\/\/www.omnium.cat\/ca\/#\/schema\/person\/3e8bb9bde99e0010e44a69046b398ea5\"},\"headline\":\"La Federaci\u00f3 Llull clou l\u2019Any Estell\u00e9s amb un emotiu homenatge a Burjassot\",\"datePublished\":\"2025-02-08T11:25:05+00:00\",\"dateModified\":\"2025-02-08T11:25:07+00:00\",\"mainEntityOfPage\":{\"@id\":\"https:\/\/www.omnium.cat\/ca\/la-federacio-llull-clou-lany-estelles-amb-un-emotiu-homenatge-a-burjassot\/\"},\"wordCount\":886,\"publisher\":{\"@id\":\"https:\/\/www.omnium.cat\/ca\/#organization\"},\"image\":{\"@id\":\"https:\/\/www.omnium.cat\/ca\/la-federacio-llull-clou-lany-estelles-amb-un-emotiu-homenatge-a-burjassot\/#primaryimage\"},\"thumbnailUrl\":\"https:\/\/cdn.omnium.cat\/wp-content\/uploads\/2025\/02\/08122439\/foto-estelles.jpg\",\"articleSection\":[\"Uncategorized @oc\"],\"inLanguage\":\"ca\"},{\"@type\":\"WebPage\",\"@id\":\"https:\/\/www.omnium.cat\/ca\/la-federacio-llull-clou-lany-estelles-amb-un-emotiu-homenatge-a-burjassot\/\",\"url\":\"https:\/\/www.omnium.cat\/ca\/la-federacio-llull-clou-lany-estelles-amb-un-emotiu-homenatge-a-burjassot\/\",\"name\":\"La Federaci\u00f3 Llull clou l\u2019Any Estell\u00e9s amb un emotiu homenatge a Burjassot - \u00d2mnium Cultural\",\"isPartOf\":{\"@id\":\"https:\/\/www.omnium.cat\/ca\/#website\"},\"primaryImageOfPage\":{\"@id\":\"https:\/\/www.omnium.cat\/ca\/la-federacio-llull-clou-lany-estelles-amb-un-emotiu-homenatge-a-burjassot\/#primaryimage\"},\"image\":{\"@id\":\"https:\/\/www.omnium.cat\/ca\/la-federacio-llull-clou-lany-estelles-amb-un-emotiu-homenatge-a-burjassot\/#primaryimage\"},\"thumbnailUrl\":\"https:\/\/cdn.omnium.cat\/wp-content\/uploads\/2025\/02\/08122439\/foto-estelles.jpg\",\"datePublished\":\"2025-02-08T11:25:05+00:00\",\"dateModified\":\"2025-02-08T11:25:07+00:00\",\"breadcrumb\":{\"@id\":\"https:\/\/www.omnium.cat\/ca\/la-federacio-llull-clou-lany-estelles-amb-un-emotiu-homenatge-a-burjassot\/#breadcrumb\"},\"inLanguage\":\"ca\",\"potentialAction\":[{\"@type\":\"ReadAction\",\"target\":[\"https:\/\/www.omnium.cat\/ca\/la-federacio-llull-clou-lany-estelles-amb-un-emotiu-homenatge-a-burjassot\/\"]}]},{\"@type\":\"ImageObject\",\"inLanguage\":\"ca\",\"@id\":\"https:\/\/www.omnium.cat\/ca\/la-federacio-llull-clou-lany-estelles-amb-un-emotiu-homenatge-a-burjassot\/#primaryimage\",\"url\":\"https:\/\/cdn.omnium.cat\/wp-content\/uploads\/2025\/02\/08122439\/foto-estelles.jpg\",\"contentUrl\":\"https:\/\/cdn.omnium.cat\/wp-content\/uploads\/2025\/02\/08122439\/foto-estelles.jpg\",\"width\":1280,\"height\":960},{\"@type\":\"BreadcrumbList\",\"@id\":\"https:\/\/www.omnium.cat\/ca\/la-federacio-llull-clou-lany-estelles-amb-un-emotiu-homenatge-a-burjassot\/#breadcrumb\",\"itemListElement\":[{\"@type\":\"ListItem\",\"position\":1,\"name\":\"Inici\",\"item\":\"https:\/\/www.omnium.cat\/ca\/\"},{\"@type\":\"ListItem\",\"position\":2,\"name\":\"La Federaci\u00f3 Llull clou l\u2019Any Estell\u00e9s amb un emotiu homenatge a Burjassot\"}]},{\"@type\":\"WebSite\",\"@id\":\"https:\/\/www.omnium.cat\/ca\/#website\",\"url\":\"https:\/\/www.omnium.cat\/ca\/\",\"name\":\"\u00d2mnium Cultural\",\"description\":\"Llengua Cultura Pa\u00eds\",\"publisher\":{\"@id\":\"https:\/\/www.omnium.cat\/ca\/#organization\"},\"potentialAction\":[{\"@type\":\"SearchAction\",\"target\":{\"@type\":\"EntryPoint\",\"urlTemplate\":\"https:\/\/www.omnium.cat\/ca\/?s={search_term_string}\"},\"query-input\":{\"@type\":\"PropertyValueSpecification\",\"valueRequired\":true,\"valueName\":\"search_term_string\"}}],\"inLanguage\":\"ca\"},{\"@type\":\"Organization\",\"@id\":\"https:\/\/www.omnium.cat\/ca\/#organization\",\"name\":\"\u00d2mnium Cultural\",\"url\":\"https:\/\/www.omnium.cat\/ca\/\",\"logo\":{\"@type\":\"ImageObject\",\"inLanguage\":\"ca\",\"@id\":\"https:\/\/www.omnium.cat\/ca\/#\/schema\/logo\/image\/\",\"url\":\"https:\/\/cdn.omnium.cat\/wp-content\/uploads\/2019\/06\/01112517\/cropped-omnium_logo-1.png\",\"contentUrl\":\"https:\/\/cdn.omnium.cat\/wp-content\/uploads\/2019\/06\/01112517\/cropped-omnium_logo-1.png\",\"width\":1213,\"height\":262,\"caption\":\"\u00d2mnium Cultural\"},\"image\":{\"@id\":\"https:\/\/www.omnium.cat\/ca\/#\/schema\/logo\/image\/\"},\"sameAs\":[\"https:\/\/www.facebook.com\/omniumcultural\",\"https:\/\/x.com\/omnium\",\"https:\/\/www.instagram.com\/omniumcultural\/\",\"https:\/\/www.youtube.com\/user\/omniumcultural\"]},{\"@type\":\"Person\",\"@id\":\"https:\/\/www.omnium.cat\/ca\/#\/schema\/person\/3e8bb9bde99e0010e44a69046b398ea5\",\"name\":\"Xavier Sierra\",\"image\":{\"@type\":\"ImageObject\",\"inLanguage\":\"ca\",\"@id\":\"https:\/\/secure.gravatar.com\/avatar\/8fdb8bb45f60c2e9655e2a9e6d0eb062d4799c19afafc780f709c90dd40f733e?s=96&d=mm&r=g\",\"url\":\"https:\/\/secure.gravatar.com\/avatar\/8fdb8bb45f60c2e9655e2a9e6d0eb062d4799c19afafc780f709c90dd40f733e?s=96&d=mm&r=g\",\"contentUrl\":\"https:\/\/secure.gravatar.com\/avatar\/8fdb8bb45f60c2e9655e2a9e6d0eb062d4799c19afafc780f709c90dd40f733e?s=96&d=mm&r=g\",\"caption\":\"Xavier Sierra\"}}]}<\/script>\n<!-- \/ Yoast SEO plugin. -->","yoast_head_json":{"title":"La Federaci\u00f3 Llull clou l\u2019Any Estell\u00e9s amb un emotiu homenatge a Burjassot - \u00d2mnium Cultural","robots":{"index":"index","follow":"follow","max-snippet":"max-snippet:-1","max-image-preview":"max-image-preview:large","max-video-preview":"max-video-preview:-1"},"canonical":"https:\/\/www.omnium.cat\/ca\/la-federacio-llull-clou-lany-estelles-amb-un-emotiu-homenatge-a-burjassot\/","twitter_misc":{"Escrit per":"Xavier Sierra","Temps estimat de lectura":"5 minuts"},"schema":{"@context":"https:\/\/schema.org","@graph":[{"@type":"Article","@id":"https:\/\/www.omnium.cat\/ca\/la-federacio-llull-clou-lany-estelles-amb-un-emotiu-homenatge-a-burjassot\/#article","isPartOf":{"@id":"https:\/\/www.omnium.cat\/ca\/la-federacio-llull-clou-lany-estelles-amb-un-emotiu-homenatge-a-burjassot\/"},"author":{"name":"Xavier Sierra","@id":"https:\/\/www.omnium.cat\/ca\/#\/schema\/person\/3e8bb9bde99e0010e44a69046b398ea5"},"headline":"La Federaci\u00f3 Llull clou l\u2019Any Estell\u00e9s amb un emotiu homenatge a Burjassot","datePublished":"2025-02-08T11:25:05+00:00","dateModified":"2025-02-08T11:25:07+00:00","mainEntityOfPage":{"@id":"https:\/\/www.omnium.cat\/ca\/la-federacio-llull-clou-lany-estelles-amb-un-emotiu-homenatge-a-burjassot\/"},"wordCount":886,"publisher":{"@id":"https:\/\/www.omnium.cat\/ca\/#organization"},"image":{"@id":"https:\/\/www.omnium.cat\/ca\/la-federacio-llull-clou-lany-estelles-amb-un-emotiu-homenatge-a-burjassot\/#primaryimage"},"thumbnailUrl":"https:\/\/cdn.omnium.cat\/wp-content\/uploads\/2025\/02\/08122439\/foto-estelles.jpg","articleSection":["Uncategorized @oc"],"inLanguage":"ca"},{"@type":"WebPage","@id":"https:\/\/www.omnium.cat\/ca\/la-federacio-llull-clou-lany-estelles-amb-un-emotiu-homenatge-a-burjassot\/","url":"https:\/\/www.omnium.cat\/ca\/la-federacio-llull-clou-lany-estelles-amb-un-emotiu-homenatge-a-burjassot\/","name":"La Federaci\u00f3 Llull clou l\u2019Any Estell\u00e9s amb un emotiu homenatge a Burjassot - \u00d2mnium Cultural","isPartOf":{"@id":"https:\/\/www.omnium.cat\/ca\/#website"},"primaryImageOfPage":{"@id":"https:\/\/www.omnium.cat\/ca\/la-federacio-llull-clou-lany-estelles-amb-un-emotiu-homenatge-a-burjassot\/#primaryimage"},"image":{"@id":"https:\/\/www.omnium.cat\/ca\/la-federacio-llull-clou-lany-estelles-amb-un-emotiu-homenatge-a-burjassot\/#primaryimage"},"thumbnailUrl":"https:\/\/cdn.omnium.cat\/wp-content\/uploads\/2025\/02\/08122439\/foto-estelles.jpg","datePublished":"2025-02-08T11:25:05+00:00","dateModified":"2025-02-08T11:25:07+00:00","breadcrumb":{"@id":"https:\/\/www.omnium.cat\/ca\/la-federacio-llull-clou-lany-estelles-amb-un-emotiu-homenatge-a-burjassot\/#breadcrumb"},"inLanguage":"ca","potentialAction":[{"@type":"ReadAction","target":["https:\/\/www.omnium.cat\/ca\/la-federacio-llull-clou-lany-estelles-amb-un-emotiu-homenatge-a-burjassot\/"]}]},{"@type":"ImageObject","inLanguage":"ca","@id":"https:\/\/www.omnium.cat\/ca\/la-federacio-llull-clou-lany-estelles-amb-un-emotiu-homenatge-a-burjassot\/#primaryimage","url":"https:\/\/cdn.omnium.cat\/wp-content\/uploads\/2025\/02\/08122439\/foto-estelles.jpg","contentUrl":"https:\/\/cdn.omnium.cat\/wp-content\/uploads\/2025\/02\/08122439\/foto-estelles.jpg","width":1280,"height":960},{"@type":"BreadcrumbList","@id":"https:\/\/www.omnium.cat\/ca\/la-federacio-llull-clou-lany-estelles-amb-un-emotiu-homenatge-a-burjassot\/#breadcrumb","itemListElement":[{"@type":"ListItem","position":1,"name":"Inici","item":"https:\/\/www.omnium.cat\/ca\/"},{"@type":"ListItem","position":2,"name":"La Federaci\u00f3 Llull clou l\u2019Any Estell\u00e9s amb un emotiu homenatge a Burjassot"}]},{"@type":"WebSite","@id":"https:\/\/www.omnium.cat\/ca\/#website","url":"https:\/\/www.omnium.cat\/ca\/","name":"\u00d2mnium Cultural","description":"Llengua Cultura Pa\u00eds","publisher":{"@id":"https:\/\/www.omnium.cat\/ca\/#organization"},"potentialAction":[{"@type":"SearchAction","target":{"@type":"EntryPoint","urlTemplate":"https:\/\/www.omnium.cat\/ca\/?s={search_term_string}"},"query-input":{"@type":"PropertyValueSpecification","valueRequired":true,"valueName":"search_term_string"}}],"inLanguage":"ca"},{"@type":"Organization","@id":"https:\/\/www.omnium.cat\/ca\/#organization","name":"\u00d2mnium Cultural","url":"https:\/\/www.omnium.cat\/ca\/","logo":{"@type":"ImageObject","inLanguage":"ca","@id":"https:\/\/www.omnium.cat\/ca\/#\/schema\/logo\/image\/","url":"https:\/\/cdn.omnium.cat\/wp-content\/uploads\/2019\/06\/01112517\/cropped-omnium_logo-1.png","contentUrl":"https:\/\/cdn.omnium.cat\/wp-content\/uploads\/2019\/06\/01112517\/cropped-omnium_logo-1.png","width":1213,"height":262,"caption":"\u00d2mnium Cultural"},"image":{"@id":"https:\/\/www.omnium.cat\/ca\/#\/schema\/logo\/image\/"},"sameAs":["https:\/\/www.facebook.com\/omniumcultural","https:\/\/x.com\/omnium","https:\/\/www.instagram.com\/omniumcultural\/","https:\/\/www.youtube.com\/user\/omniumcultural"]},{"@type":"Person","@id":"https:\/\/www.omnium.cat\/ca\/#\/schema\/person\/3e8bb9bde99e0010e44a69046b398ea5","name":"Xavier Sierra","image":{"@type":"ImageObject","inLanguage":"ca","@id":"https:\/\/secure.gravatar.com\/avatar\/8fdb8bb45f60c2e9655e2a9e6d0eb062d4799c19afafc780f709c90dd40f733e?s=96&d=mm&r=g","url":"https:\/\/secure.gravatar.com\/avatar\/8fdb8bb45f60c2e9655e2a9e6d0eb062d4799c19afafc780f709c90dd40f733e?s=96&d=mm&r=g","contentUrl":"https:\/\/secure.gravatar.com\/avatar\/8fdb8bb45f60c2e9655e2a9e6d0eb062d4799c19afafc780f709c90dd40f733e?s=96&d=mm&r=g","caption":"Xavier Sierra"}}]}},"_links":{"self":[{"href":"https:\/\/www.omnium.cat\/ca\/wp-json\/wp\/v2\/posts\/429244","targetHints":{"allow":["GET"]}}],"collection":[{"href":"https:\/\/www.omnium.cat\/ca\/wp-json\/wp\/v2\/posts"}],"about":[{"href":"https:\/\/www.omnium.cat\/ca\/wp-json\/wp\/v2\/types\/post"}],"author":[{"embeddable":true,"href":"https:\/\/www.omnium.cat\/ca\/wp-json\/wp\/v2\/users\/288"}],"replies":[{"embeddable":true,"href":"https:\/\/www.omnium.cat\/ca\/wp-json\/wp\/v2\/comments?post=429244"}],"version-history":[{"count":1,"href":"https:\/\/www.omnium.cat\/ca\/wp-json\/wp\/v2\/posts\/429244\/revisions"}],"predecessor-version":[{"id":429248,"href":"https:\/\/www.omnium.cat\/ca\/wp-json\/wp\/v2\/posts\/429244\/revisions\/429248"}],"wp:featuredmedia":[{"embeddable":true,"href":"https:\/\/www.omnium.cat\/ca\/wp-json\/wp\/v2\/media\/429252"}],"wp:attachment":[{"href":"https:\/\/www.omnium.cat\/ca\/wp-json\/wp\/v2\/media?parent=429244"}],"wp:term":[{"taxonomy":"category","embeddable":true,"href":"https:\/\/www.omnium.cat\/ca\/wp-json\/wp\/v2\/categories?post=429244"},{"taxonomy":"post_tag","embeddable":true,"href":"https:\/\/www.omnium.cat\/ca\/wp-json\/wp\/v2\/tags?post=429244"},{"taxonomy":"post_headquarter","embeddable":true,"href":"https:\/\/www.omnium.cat\/ca\/wp-json\/wp\/v2\/post_headquarter?post=429244"},{"taxonomy":"post_project","embeddable":true,"href":"https:\/\/www.omnium.cat\/ca\/wp-json\/wp\/v2\/post_project?post=429244"}],"curies":[{"name":"wp","href":"https:\/\/api.w.org\/{rel}","templated":true}]}}