{"id":429265,"date":"2025-02-10T10:30:00","date_gmt":"2025-02-10T09:30:00","guid":{"rendered":"https:\/\/www.omnium.cat\/?p=429265"},"modified":"2025-02-10T11:29:05","modified_gmt":"2025-02-10T10:29:05","slug":"laudiencia-provincial-de-barcelona-ratifica-larxiu-de-la-querella-per-tortures-durant-el-franquisme-presentada-per-carles-vallejo","status":"publish","type":"post","link":"https:\/\/www.omnium.cat\/ca\/laudiencia-provincial-de-barcelona-ratifica-larxiu-de-la-querella-per-tortures-durant-el-franquisme-presentada-per-carles-vallejo\/","title":{"rendered":"L&#8217;Audi\u00e8ncia Provincial de Barcelona ratifica l&#8217;arxiu de la querella per tortures durant el franquisme presentada per Carles Vallejo"},"content":{"rendered":"\n<p style=\"text-align: center;\"><strong><em>Ir\u00eddia i \u00d2mnium recorreran la decisi\u00f3 i tamb\u00e9 estudien les vies internacionals per denunciar que l\u2019Estat espanyol est\u00e0 desestimant totes les querelles per crims de lesa humanitat durant el Franquisme<\/em><\/strong><\/p>\n<p>\u00a0<\/p>\n<p>Barcelona, 10 de febrer de 2025 &#8211; L&#8217;Audi\u00e8ncia Provincial de Barcelona ha confirmat l&#8217;arxiu de la querella interposada per Carles Vallejo, amb el suport d\u2019Ir\u00eddia i \u00d2mnium Cultural, per les tortures que el sindicalista va patir l\u2019any 1970 a la Prefectura Superior de Policia de Via Laietana 43 a mans de la Brigada Pol\u00edtico-Social. Ir\u00eddia i \u00d2mnium ja estan estudiant les vies internacionals per denunciar que els tribunals de l&#8217;Estat espanyol estan desestimant totes les querelles per crims de lesa humanitat durant el Franquisme.\u00a0<\/p>\n<p>La resoluci\u00f3 es basa en els arguments habitualment esgrimits en els arxius de querelles per crims del Franquisme: la prescripci\u00f3 dels delictes i el principi de legalitat i irretroactivitat de les normes penals, segons el qual en el moment dels fets no existia com a tal el delicte de crims de lesa humanitat. En aquest cas, per\u00f2, es destaca que la resoluci\u00f3 de la Secci\u00f3 8\u00aa de l&#8217;Audi\u00e8ncia Provincial de Barcelona coincideix amb el text presentat per l\u2019equip jur\u00eddic d\u2019Ir\u00eddia pel qu\u00e8 fa a la inaplicabilitat de la Llei d\u2019Amnistia de 1977, tot i que en base a arguments diferents. Com explica la Laura Medina, advocada del cas: &#8220;l\u2019Audi\u00e8ncia Provincial considera que \u00e9s un requisit imprescindible per a l\u2019aplicaci\u00f3 de la Llei d\u2019Amnistia la pr\u00e8via declaraci\u00f3 de responsabilitat penal d\u2019una persona en concret i per un delicte en concret; des d\u2019Ir\u00eddia remarquem la seva inaplicabilitat perqu\u00e8 els crims de lesa humanitat, d\u2019acord amb la normativa internacional dels drets humans, no s\u00f3n amnistiables i, a m\u00e9s, en cap cas, pot suposar un obstacle per iniciar una investigaci\u00f3 penal\u201d.<\/p>\n<p>Per la seva part, el president d\u2019\u00d2mnium Cultural, Xavier Antich, ha considerat \u201cinadmissible aquest nou arxivament, que se suma a una din\u00e0mica, ja no nom\u00e9s de no reparaci\u00f3, sin\u00f3 de no reconeixement de les v\u00edctimes del Franquisme\u201d. Per a Antich, la din\u00e0mica judicial de no recon\u00e8ixer els crims de lesa humanitat \u201cens obliga com a societat civil a seguir picant pedra per a mantenir viva la mem\u00f2ria democr\u00e0tica i exigir la tan necess\u00e0ria reparaci\u00f3 a les v\u00edctimes. Nom\u00e9s aix\u00ed, amb mem\u00f2ria, veritat i just\u00edcia es podr\u00e0 avan\u00e7ar en la construcci\u00f3 d\u2019una veritable societat democr\u00e0tica\u201d.\u00a0<\/p>\n<p>Ir\u00eddia, en col\u00b7laboraci\u00f3 amb \u00d2mnium, recorreran la decisi\u00f3 de l&#8217;Audi\u00e8ncia -que ha tardat un any en emetre una resoluci\u00f3 al respecte-, argumentant que la gravetat dels fets requereix una resposta judicial que compleixi els est\u00e0ndards internacionals de just\u00edcia transicional. Aquests est\u00e0ndards estableixen que \u00e9s essencial abordar els crims del passat a trav\u00e9s de l&#8217;acc\u00e9s a la just\u00edcia i l&#8217;assoliment de la veritat, la reparaci\u00f3 i les garanties de no-repetici\u00f3. Segons Ir\u00eddia, cap d&#8217;aquests drets s&#8217;est\u00e0 acomplint i els arxius de les querelles afecten directament les v\u00edctimes i les persones represaliades en el seu proc\u00e9s de reparaci\u00f3, tot perpetuant-se la impunitat.<\/p>\n<p>En aquest cas, Ir\u00eddia i \u00d2mnium estan estudiant les vies internacionals per denunciar que els tribunals de l\u2019Estat espanyol segueixen arxivant sistem\u00e0ticament les querelles per crims de lesa humanitat durant el Franquisme. Aix\u00f2 malgrat que, recentment, tamb\u00e9 la Fiscalia, d&#8217;acord amb el criteri de la Fiscalia de Drets Humans i Mem\u00f2ria Democr\u00e0tica, s&#8217;ha sumat als arguments de les acusacions particulars. En el cas de la querella de Carles Vallejo, el Ministeri Fiscal va posicionar-se a favor d\u2019admetre-la a tr\u00e0mit i va assenyalar \u201cl\u2019obligaci\u00f3 de garantir no nom\u00e9s el dret a la just\u00edcia, sin\u00f3 tamb\u00e9 el dret a veritat i a la reparaci\u00f3 de les v\u00edctimes\u201d. Tamb\u00e9 la Generalitat de Catalunya es va personar com a acusaci\u00f3 popular en aquest cas.\u00a0<\/p>\n<p>La querella de Carles Vallejo \u00e9s la primera de l\u2019Estat espanyol presentada despr\u00e9s de l\u2019entrada en vigor de la Llei 20\/2022, de 19 d&#8217;octubre, de Mem\u00f2ria Democr\u00e0tica (LMD), segons la qual, s\u2019hauria de \u201cgarantir la tutela judicial en els procediments encaminats a l\u2019obtenci\u00f3 d\u2019una declaraci\u00f3 judicial sobre la realitat i les circumst\u00e0ncies de fets passats determinats relacionats amb les v\u00edctimes\u201d. Tot i que la LMD assenyali com a fonamental el dret a l\u2019acc\u00e9s a la just\u00edcia per part de les v\u00edctimes, totes les querelles presentades en aquest marc legislatiu, han acabat arxivades, perpetuant aix\u00ed la impunitat dels crims del Franquisme. Els fets denunciats a la querella s\u2019ubiquen a la Prefectura Superior de Policia de Via Laietana 43, centre de la repressi\u00f3 franquista a Barcelona que, des de fa d\u00e8cades, les entitats memorialistes i de drets humans exigeixen que es converteixi en un centre de mem\u00f2ria i d\u2019interpretaci\u00f3 de la tortura.<\/p>\n\n\n","protected":false},"excerpt":{"rendered":"<p>Ir\u00eddia i \u00d2mnium recorreran la decisi\u00f3 i tamb\u00e9 estudien les vies internacionals per denunciar que l\u2019Estat espanyol est\u00e0 desestimant totes les querelles per crims de lesa humanitat durant el Franquisme [&hellip;]<\/p>\n","protected":false},"author":182,"featured_media":429266,"comment_status":"closed","ping_status":"open","sticky":false,"template":"","format":"standard","meta":{"_acf_changed":false,"footnotes":""},"categories":[1],"tags":[],"post_headquarter":[],"post_project":[],"class_list":["post-429265","post","type-post","status-publish","format-standard","has-post-thumbnail","hentry","category-uncategorized-ca"],"acf":[],"yoast_head":"<!-- This site is optimized with the Yoast SEO plugin v27.2 - https:\/\/yoast.com\/product\/yoast-seo-wordpress\/ -->\n<title>L&#039;Audi\u00e8ncia Provincial de Barcelona ratifica l&#039;arxiu de la querella per tortures durant el franquisme presentada per Carles Vallejo - \u00d2mnium Cultural<\/title>\n<meta name=\"robots\" content=\"index, follow, max-snippet:-1, max-image-preview:large, max-video-preview:-1\" \/>\n<link rel=\"canonical\" href=\"https:\/\/www.omnium.cat\/ca\/laudiencia-provincial-de-barcelona-ratifica-larxiu-de-la-querella-per-tortures-durant-el-franquisme-presentada-per-carles-vallejo\/\" \/>\n<meta name=\"twitter:label1\" content=\"Escrit per\" \/>\n\t<meta name=\"twitter:data1\" content=\"Aida Morales\" \/>\n\t<meta name=\"twitter:label2\" content=\"Temps estimat de lectura\" \/>\n\t<meta name=\"twitter:data2\" content=\"5 minuts\" \/>\n<script type=\"application\/ld+json\" class=\"yoast-schema-graph\">{\"@context\":\"https:\/\/schema.org\",\"@graph\":[{\"@type\":\"Article\",\"@id\":\"https:\/\/www.omnium.cat\/ca\/laudiencia-provincial-de-barcelona-ratifica-larxiu-de-la-querella-per-tortures-durant-el-franquisme-presentada-per-carles-vallejo\/#article\",\"isPartOf\":{\"@id\":\"https:\/\/www.omnium.cat\/ca\/laudiencia-provincial-de-barcelona-ratifica-larxiu-de-la-querella-per-tortures-durant-el-franquisme-presentada-per-carles-vallejo\/\"},\"author\":{\"name\":\"Aida Morales\",\"@id\":\"https:\/\/www.omnium.cat\/ca\/#\/schema\/person\/858757a3dcdf3cd6598d0db932c42b05\"},\"headline\":\"L&#8217;Audi\u00e8ncia Provincial de Barcelona ratifica l&#8217;arxiu de la querella per tortures durant el franquisme presentada per Carles Vallejo\",\"datePublished\":\"2025-02-10T09:30:00+00:00\",\"dateModified\":\"2025-02-10T10:29:05+00:00\",\"mainEntityOfPage\":{\"@id\":\"https:\/\/www.omnium.cat\/ca\/laudiencia-provincial-de-barcelona-ratifica-larxiu-de-la-querella-per-tortures-durant-el-franquisme-presentada-per-carles-vallejo\/\"},\"wordCount\":861,\"publisher\":{\"@id\":\"https:\/\/www.omnium.cat\/ca\/#organization\"},\"image\":{\"@id\":\"https:\/\/www.omnium.cat\/ca\/laudiencia-provincial-de-barcelona-ratifica-larxiu-de-la-querella-per-tortures-durant-el-franquisme-presentada-per-carles-vallejo\/#primaryimage\"},\"thumbnailUrl\":\"https:\/\/cdn.omnium.cat\/wp-content\/uploads\/2025\/02\/10093347\/52516731055_58fba9d89c_k-1.jpg\",\"articleSection\":[\"Uncategorized @oc\"],\"inLanguage\":\"ca\"},{\"@type\":\"WebPage\",\"@id\":\"https:\/\/www.omnium.cat\/ca\/laudiencia-provincial-de-barcelona-ratifica-larxiu-de-la-querella-per-tortures-durant-el-franquisme-presentada-per-carles-vallejo\/\",\"url\":\"https:\/\/www.omnium.cat\/ca\/laudiencia-provincial-de-barcelona-ratifica-larxiu-de-la-querella-per-tortures-durant-el-franquisme-presentada-per-carles-vallejo\/\",\"name\":\"L'Audi\u00e8ncia Provincial de Barcelona ratifica l'arxiu de la querella per tortures durant el franquisme presentada per Carles Vallejo - \u00d2mnium Cultural\",\"isPartOf\":{\"@id\":\"https:\/\/www.omnium.cat\/ca\/#website\"},\"primaryImageOfPage\":{\"@id\":\"https:\/\/www.omnium.cat\/ca\/laudiencia-provincial-de-barcelona-ratifica-larxiu-de-la-querella-per-tortures-durant-el-franquisme-presentada-per-carles-vallejo\/#primaryimage\"},\"image\":{\"@id\":\"https:\/\/www.omnium.cat\/ca\/laudiencia-provincial-de-barcelona-ratifica-larxiu-de-la-querella-per-tortures-durant-el-franquisme-presentada-per-carles-vallejo\/#primaryimage\"},\"thumbnailUrl\":\"https:\/\/cdn.omnium.cat\/wp-content\/uploads\/2025\/02\/10093347\/52516731055_58fba9d89c_k-1.jpg\",\"datePublished\":\"2025-02-10T09:30:00+00:00\",\"dateModified\":\"2025-02-10T10:29:05+00:00\",\"breadcrumb\":{\"@id\":\"https:\/\/www.omnium.cat\/ca\/laudiencia-provincial-de-barcelona-ratifica-larxiu-de-la-querella-per-tortures-durant-el-franquisme-presentada-per-carles-vallejo\/#breadcrumb\"},\"inLanguage\":\"ca\",\"potentialAction\":[{\"@type\":\"ReadAction\",\"target\":[\"https:\/\/www.omnium.cat\/ca\/laudiencia-provincial-de-barcelona-ratifica-larxiu-de-la-querella-per-tortures-durant-el-franquisme-presentada-per-carles-vallejo\/\"]}]},{\"@type\":\"ImageObject\",\"inLanguage\":\"ca\",\"@id\":\"https:\/\/www.omnium.cat\/ca\/laudiencia-provincial-de-barcelona-ratifica-larxiu-de-la-querella-per-tortures-durant-el-franquisme-presentada-per-carles-vallejo\/#primaryimage\",\"url\":\"https:\/\/cdn.omnium.cat\/wp-content\/uploads\/2025\/02\/10093347\/52516731055_58fba9d89c_k-1.jpg\",\"contentUrl\":\"https:\/\/cdn.omnium.cat\/wp-content\/uploads\/2025\/02\/10093347\/52516731055_58fba9d89c_k-1.jpg\",\"width\":2048,\"height\":1536},{\"@type\":\"BreadcrumbList\",\"@id\":\"https:\/\/www.omnium.cat\/ca\/laudiencia-provincial-de-barcelona-ratifica-larxiu-de-la-querella-per-tortures-durant-el-franquisme-presentada-per-carles-vallejo\/#breadcrumb\",\"itemListElement\":[{\"@type\":\"ListItem\",\"position\":1,\"name\":\"Inici\",\"item\":\"https:\/\/www.omnium.cat\/ca\/\"},{\"@type\":\"ListItem\",\"position\":2,\"name\":\"L&#8217;Audi\u00e8ncia Provincial de Barcelona ratifica l&#8217;arxiu de la querella per tortures durant el franquisme presentada per Carles Vallejo\"}]},{\"@type\":\"WebSite\",\"@id\":\"https:\/\/www.omnium.cat\/ca\/#website\",\"url\":\"https:\/\/www.omnium.cat\/ca\/\",\"name\":\"\u00d2mnium Cultural\",\"description\":\"Llengua Cultura Pa\u00eds\",\"publisher\":{\"@id\":\"https:\/\/www.omnium.cat\/ca\/#organization\"},\"potentialAction\":[{\"@type\":\"SearchAction\",\"target\":{\"@type\":\"EntryPoint\",\"urlTemplate\":\"https:\/\/www.omnium.cat\/ca\/?s={search_term_string}\"},\"query-input\":{\"@type\":\"PropertyValueSpecification\",\"valueRequired\":true,\"valueName\":\"search_term_string\"}}],\"inLanguage\":\"ca\"},{\"@type\":\"Organization\",\"@id\":\"https:\/\/www.omnium.cat\/ca\/#organization\",\"name\":\"\u00d2mnium Cultural\",\"url\":\"https:\/\/www.omnium.cat\/ca\/\",\"logo\":{\"@type\":\"ImageObject\",\"inLanguage\":\"ca\",\"@id\":\"https:\/\/www.omnium.cat\/ca\/#\/schema\/logo\/image\/\",\"url\":\"https:\/\/cdn.omnium.cat\/wp-content\/uploads\/2019\/06\/01112517\/cropped-omnium_logo-1.png\",\"contentUrl\":\"https:\/\/cdn.omnium.cat\/wp-content\/uploads\/2019\/06\/01112517\/cropped-omnium_logo-1.png\",\"width\":1213,\"height\":262,\"caption\":\"\u00d2mnium Cultural\"},\"image\":{\"@id\":\"https:\/\/www.omnium.cat\/ca\/#\/schema\/logo\/image\/\"},\"sameAs\":[\"https:\/\/www.facebook.com\/omniumcultural\",\"https:\/\/x.com\/omnium\",\"https:\/\/www.instagram.com\/omniumcultural\/\",\"https:\/\/www.youtube.com\/user\/omniumcultural\"]},{\"@type\":\"Person\",\"@id\":\"https:\/\/www.omnium.cat\/ca\/#\/schema\/person\/858757a3dcdf3cd6598d0db932c42b05\",\"name\":\"Aida Morales\",\"image\":{\"@type\":\"ImageObject\",\"inLanguage\":\"ca\",\"@id\":\"https:\/\/secure.gravatar.com\/avatar\/d31eddf3eb503b2da10671c829ecb9f8b407291532ee79052b9691be16224b84?s=96&d=mm&r=g\",\"url\":\"https:\/\/secure.gravatar.com\/avatar\/d31eddf3eb503b2da10671c829ecb9f8b407291532ee79052b9691be16224b84?s=96&d=mm&r=g\",\"contentUrl\":\"https:\/\/secure.gravatar.com\/avatar\/d31eddf3eb503b2da10671c829ecb9f8b407291532ee79052b9691be16224b84?s=96&d=mm&r=g\",\"caption\":\"Aida Morales\"}}]}<\/script>\n<!-- \/ Yoast SEO plugin. -->","yoast_head_json":{"title":"L'Audi\u00e8ncia Provincial de Barcelona ratifica l'arxiu de la querella per tortures durant el franquisme presentada per Carles Vallejo - \u00d2mnium Cultural","robots":{"index":"index","follow":"follow","max-snippet":"max-snippet:-1","max-image-preview":"max-image-preview:large","max-video-preview":"max-video-preview:-1"},"canonical":"https:\/\/www.omnium.cat\/ca\/laudiencia-provincial-de-barcelona-ratifica-larxiu-de-la-querella-per-tortures-durant-el-franquisme-presentada-per-carles-vallejo\/","twitter_misc":{"Escrit per":"Aida Morales","Temps estimat de lectura":"5 minuts"},"schema":{"@context":"https:\/\/schema.org","@graph":[{"@type":"Article","@id":"https:\/\/www.omnium.cat\/ca\/laudiencia-provincial-de-barcelona-ratifica-larxiu-de-la-querella-per-tortures-durant-el-franquisme-presentada-per-carles-vallejo\/#article","isPartOf":{"@id":"https:\/\/www.omnium.cat\/ca\/laudiencia-provincial-de-barcelona-ratifica-larxiu-de-la-querella-per-tortures-durant-el-franquisme-presentada-per-carles-vallejo\/"},"author":{"name":"Aida Morales","@id":"https:\/\/www.omnium.cat\/ca\/#\/schema\/person\/858757a3dcdf3cd6598d0db932c42b05"},"headline":"L&#8217;Audi\u00e8ncia Provincial de Barcelona ratifica l&#8217;arxiu de la querella per tortures durant el franquisme presentada per Carles Vallejo","datePublished":"2025-02-10T09:30:00+00:00","dateModified":"2025-02-10T10:29:05+00:00","mainEntityOfPage":{"@id":"https:\/\/www.omnium.cat\/ca\/laudiencia-provincial-de-barcelona-ratifica-larxiu-de-la-querella-per-tortures-durant-el-franquisme-presentada-per-carles-vallejo\/"},"wordCount":861,"publisher":{"@id":"https:\/\/www.omnium.cat\/ca\/#organization"},"image":{"@id":"https:\/\/www.omnium.cat\/ca\/laudiencia-provincial-de-barcelona-ratifica-larxiu-de-la-querella-per-tortures-durant-el-franquisme-presentada-per-carles-vallejo\/#primaryimage"},"thumbnailUrl":"https:\/\/cdn.omnium.cat\/wp-content\/uploads\/2025\/02\/10093347\/52516731055_58fba9d89c_k-1.jpg","articleSection":["Uncategorized @oc"],"inLanguage":"ca"},{"@type":"WebPage","@id":"https:\/\/www.omnium.cat\/ca\/laudiencia-provincial-de-barcelona-ratifica-larxiu-de-la-querella-per-tortures-durant-el-franquisme-presentada-per-carles-vallejo\/","url":"https:\/\/www.omnium.cat\/ca\/laudiencia-provincial-de-barcelona-ratifica-larxiu-de-la-querella-per-tortures-durant-el-franquisme-presentada-per-carles-vallejo\/","name":"L'Audi\u00e8ncia Provincial de Barcelona ratifica l'arxiu de la querella per tortures durant el franquisme presentada per Carles Vallejo - \u00d2mnium Cultural","isPartOf":{"@id":"https:\/\/www.omnium.cat\/ca\/#website"},"primaryImageOfPage":{"@id":"https:\/\/www.omnium.cat\/ca\/laudiencia-provincial-de-barcelona-ratifica-larxiu-de-la-querella-per-tortures-durant-el-franquisme-presentada-per-carles-vallejo\/#primaryimage"},"image":{"@id":"https:\/\/www.omnium.cat\/ca\/laudiencia-provincial-de-barcelona-ratifica-larxiu-de-la-querella-per-tortures-durant-el-franquisme-presentada-per-carles-vallejo\/#primaryimage"},"thumbnailUrl":"https:\/\/cdn.omnium.cat\/wp-content\/uploads\/2025\/02\/10093347\/52516731055_58fba9d89c_k-1.jpg","datePublished":"2025-02-10T09:30:00+00:00","dateModified":"2025-02-10T10:29:05+00:00","breadcrumb":{"@id":"https:\/\/www.omnium.cat\/ca\/laudiencia-provincial-de-barcelona-ratifica-larxiu-de-la-querella-per-tortures-durant-el-franquisme-presentada-per-carles-vallejo\/#breadcrumb"},"inLanguage":"ca","potentialAction":[{"@type":"ReadAction","target":["https:\/\/www.omnium.cat\/ca\/laudiencia-provincial-de-barcelona-ratifica-larxiu-de-la-querella-per-tortures-durant-el-franquisme-presentada-per-carles-vallejo\/"]}]},{"@type":"ImageObject","inLanguage":"ca","@id":"https:\/\/www.omnium.cat\/ca\/laudiencia-provincial-de-barcelona-ratifica-larxiu-de-la-querella-per-tortures-durant-el-franquisme-presentada-per-carles-vallejo\/#primaryimage","url":"https:\/\/cdn.omnium.cat\/wp-content\/uploads\/2025\/02\/10093347\/52516731055_58fba9d89c_k-1.jpg","contentUrl":"https:\/\/cdn.omnium.cat\/wp-content\/uploads\/2025\/02\/10093347\/52516731055_58fba9d89c_k-1.jpg","width":2048,"height":1536},{"@type":"BreadcrumbList","@id":"https:\/\/www.omnium.cat\/ca\/laudiencia-provincial-de-barcelona-ratifica-larxiu-de-la-querella-per-tortures-durant-el-franquisme-presentada-per-carles-vallejo\/#breadcrumb","itemListElement":[{"@type":"ListItem","position":1,"name":"Inici","item":"https:\/\/www.omnium.cat\/ca\/"},{"@type":"ListItem","position":2,"name":"L&#8217;Audi\u00e8ncia Provincial de Barcelona ratifica l&#8217;arxiu de la querella per tortures durant el franquisme presentada per Carles Vallejo"}]},{"@type":"WebSite","@id":"https:\/\/www.omnium.cat\/ca\/#website","url":"https:\/\/www.omnium.cat\/ca\/","name":"\u00d2mnium Cultural","description":"Llengua Cultura Pa\u00eds","publisher":{"@id":"https:\/\/www.omnium.cat\/ca\/#organization"},"potentialAction":[{"@type":"SearchAction","target":{"@type":"EntryPoint","urlTemplate":"https:\/\/www.omnium.cat\/ca\/?s={search_term_string}"},"query-input":{"@type":"PropertyValueSpecification","valueRequired":true,"valueName":"search_term_string"}}],"inLanguage":"ca"},{"@type":"Organization","@id":"https:\/\/www.omnium.cat\/ca\/#organization","name":"\u00d2mnium Cultural","url":"https:\/\/www.omnium.cat\/ca\/","logo":{"@type":"ImageObject","inLanguage":"ca","@id":"https:\/\/www.omnium.cat\/ca\/#\/schema\/logo\/image\/","url":"https:\/\/cdn.omnium.cat\/wp-content\/uploads\/2019\/06\/01112517\/cropped-omnium_logo-1.png","contentUrl":"https:\/\/cdn.omnium.cat\/wp-content\/uploads\/2019\/06\/01112517\/cropped-omnium_logo-1.png","width":1213,"height":262,"caption":"\u00d2mnium Cultural"},"image":{"@id":"https:\/\/www.omnium.cat\/ca\/#\/schema\/logo\/image\/"},"sameAs":["https:\/\/www.facebook.com\/omniumcultural","https:\/\/x.com\/omnium","https:\/\/www.instagram.com\/omniumcultural\/","https:\/\/www.youtube.com\/user\/omniumcultural"]},{"@type":"Person","@id":"https:\/\/www.omnium.cat\/ca\/#\/schema\/person\/858757a3dcdf3cd6598d0db932c42b05","name":"Aida Morales","image":{"@type":"ImageObject","inLanguage":"ca","@id":"https:\/\/secure.gravatar.com\/avatar\/d31eddf3eb503b2da10671c829ecb9f8b407291532ee79052b9691be16224b84?s=96&d=mm&r=g","url":"https:\/\/secure.gravatar.com\/avatar\/d31eddf3eb503b2da10671c829ecb9f8b407291532ee79052b9691be16224b84?s=96&d=mm&r=g","contentUrl":"https:\/\/secure.gravatar.com\/avatar\/d31eddf3eb503b2da10671c829ecb9f8b407291532ee79052b9691be16224b84?s=96&d=mm&r=g","caption":"Aida Morales"}}]}},"_links":{"self":[{"href":"https:\/\/www.omnium.cat\/ca\/wp-json\/wp\/v2\/posts\/429265","targetHints":{"allow":["GET"]}}],"collection":[{"href":"https:\/\/www.omnium.cat\/ca\/wp-json\/wp\/v2\/posts"}],"about":[{"href":"https:\/\/www.omnium.cat\/ca\/wp-json\/wp\/v2\/types\/post"}],"author":[{"embeddable":true,"href":"https:\/\/www.omnium.cat\/ca\/wp-json\/wp\/v2\/users\/182"}],"replies":[{"embeddable":true,"href":"https:\/\/www.omnium.cat\/ca\/wp-json\/wp\/v2\/comments?post=429265"}],"version-history":[{"count":3,"href":"https:\/\/www.omnium.cat\/ca\/wp-json\/wp\/v2\/posts\/429265\/revisions"}],"predecessor-version":[{"id":429312,"href":"https:\/\/www.omnium.cat\/ca\/wp-json\/wp\/v2\/posts\/429265\/revisions\/429312"}],"wp:featuredmedia":[{"embeddable":true,"href":"https:\/\/www.omnium.cat\/ca\/wp-json\/wp\/v2\/media\/429266"}],"wp:attachment":[{"href":"https:\/\/www.omnium.cat\/ca\/wp-json\/wp\/v2\/media?parent=429265"}],"wp:term":[{"taxonomy":"category","embeddable":true,"href":"https:\/\/www.omnium.cat\/ca\/wp-json\/wp\/v2\/categories?post=429265"},{"taxonomy":"post_tag","embeddable":true,"href":"https:\/\/www.omnium.cat\/ca\/wp-json\/wp\/v2\/tags?post=429265"},{"taxonomy":"post_headquarter","embeddable":true,"href":"https:\/\/www.omnium.cat\/ca\/wp-json\/wp\/v2\/post_headquarter?post=429265"},{"taxonomy":"post_project","embeddable":true,"href":"https:\/\/www.omnium.cat\/ca\/wp-json\/wp\/v2\/post_project?post=429265"}],"curies":[{"name":"wp","href":"https:\/\/api.w.org\/{rel}","templated":true}]}}