{"id":435680,"date":"2025-04-30T13:47:56","date_gmt":"2025-04-30T11:47:56","guid":{"rendered":"https:\/\/www.omnium.cat\/?p=435680"},"modified":"2025-04-30T13:48:00","modified_gmt":"2025-04-30T11:48:00","slug":"antich-hi-ha-veus-dalerta-de-paisos-molt-diferents-sobre-vulneracions-de-drets-civils-politics-i-linguistics-a-lestat-espanyol","status":"publish","type":"post","link":"https:\/\/www.omnium.cat\/ca\/antich-hi-ha-veus-dalerta-de-paisos-molt-diferents-sobre-vulneracions-de-drets-civils-politics-i-linguistics-a-lestat-espanyol\/","title":{"rendered":"Antich: \u201cHi ha veus d&#8217;alerta de pa\u00efsos molt diferents sobre vulneracions de drets civils, pol\u00edtics i ling\u00fc\u00edstics a l&#8217;estat espanyol\u201d"},"content":{"rendered":"\n<p style=\"text-align: center;\"><em>El president d\u2019\u00d2mnium Cultural denuncia que l\u2019Estat \u201csaboteja l\u2019aplicaci\u00f3 de la llei d\u2019amnistia, ataca la sobirania del Parlament i vulnera el model d\u2019escola catalana\u201d<\/em><\/p>\n<p>\u00a0<\/p>\n<p>El president d\u2019\u00d2mnium Cultural, Xavier Antich, ha afirmat aquest dimecres des de Ginebra que \u201chi ha veus d\u2019alerta de molts pa\u00efsos i de pa\u00efsos molt diferents sobre vulneracions de drets civils, pol\u00edtics i ling\u00fc\u00edstics a l\u2019estat espanyol\u201d. Antich ho ha declarat davant del Consell de Drets Humans de les Nacions Unides, despr\u00e9s de ser present a l\u2019Examen Peri\u00f2dic Universal d\u2019Espanya. En aquesta sessi\u00f3, que es realitza cada cinc anys per avaluar l\u2019estat dels drets humans de tots els estats membres de la ONU, diversos pa\u00efsos han recomanat a Espanya garantir la independ\u00e8ncia del seu poder judicial; establir mecanismes contra l&#8217;espionatge pol\u00edtic, amb mesures de protecci\u00f3 als opositors i defensors de drets humans; investigar i prendre mesures envers la llei Mordassa; evitar la viol\u00e8ncia policial; garantir el dret de protesta, de reuni\u00f3 i de manifestaci\u00f3; evitar els crims d&#8217;odi contra minories nacionals, \u00e8tniques o ling\u00fc\u00edstiques; protegir la diversitat ling\u00fc\u00edstica i evitar discriminacions ling\u00fc\u00edstiques; aplicar la llei de mem\u00f2ria hist\u00f2rica i lluitar contra els crims del franquisme.\u00a0<\/p>\n<p>\u201cPer a nosaltres era molt important ser avui a les Nacions Unides per denunciar internacionalment les mancances democr\u00e0tiques i les vulneracions de drets humans de l\u2019estat espanyol\u201d, ha afirmat Antich. D\u2019un Estat, ha dit, que \u201cpromou l\u2019espionatge pol\u00edtic i les infiltracions policials, i d\u2019una c\u00fapula judicial que, enlloc de fiscalitzar-ho, ho empara i saboteja l\u2019aplicaci\u00f3 de la llei d\u2019amnistia, ataca la sobirania del Parlament i vulnera el model d\u2019escola catalana\u201d. En aquest sentit, el president d\u2019\u00d2mnium Cultural ha sentenciat que la c\u00fapula judicial espanyola \u201cactua amb prevaricaci\u00f3 i, fent pol\u00edtica, s\u2019extralimita de les seves funcions\u201d. Aix\u00ed, ha celebrat que diversos pa\u00efsos hagin destacat la \u201cmanca d\u2019independ\u00e8ncia pol\u00edtica del poder judicial\u201d i aspectes tan rellevants com el \u201cpoc respecte del dret de protesta, associaci\u00f3 i reuni\u00f3, i fins i tot esments a la tortura i la manca d\u2019aplicaci\u00f3 de la llei de mem\u00f2ria hist\u00f2rica\u201d. Malgrat aix\u00f2, ha afegit Antich, la resposta de l\u2019estat espanyol ha estat \u201cmolt decebedora\u201d.\u00a0<\/p>\n<p>L&#8217;Examen Peri\u00f2dic Universal que es realitza cada cinc anys avalua l&#8217;estat dels drets humans a tots els estats membres de les Nacions Unides. \u00c9s un proc\u00e9s \u00fanic per la seva universalitat, ja que tots els pa\u00efsos, sense excepci\u00f3, estan sotmesos a revisi\u00f3. En aquest sentit, \u00d2mnium Cultural va participar en el proc\u00e9s d&#8217;avaluaci\u00f3 presentant un informe sobre la situaci\u00f3 dels drets a l&#8217;estat espanyol en qu\u00e8 es van denunciar vulneracions de drets en l&#8217;incompliment i bloqueig de la llei d&#8217;amnistia, els greus casos d&#8217;espionatge mitjan\u00e7ant l&#8217;aplicatiu Pegasus, les infiltracions en moviments socials i pol\u00edtics, i la intromissi\u00f3 de la c\u00fapula judicial en el model d&#8217;escola catalana. Conjuntament amb ELEN (European Language Equality Network), tamb\u00e9 es van denunciar vulneracions dels drets ling\u00fc\u00edstics als Pa\u00efsos Catalans.<\/p>\n","protected":false},"excerpt":{"rendered":"<p>El president d\u2019\u00d2mnium Cultural denuncia que l\u2019Estat \u201csaboteja l\u2019aplicaci\u00f3 de la llei d\u2019amnistia, ataca la sobirania del Parlament i vulnera el model d\u2019escola catalana\u201d \u00a0 El president d\u2019\u00d2mnium Cultural, Xavier [&hellip;]<\/p>\n","protected":false},"author":182,"featured_media":435681,"comment_status":"closed","ping_status":"open","sticky":false,"template":"","format":"standard","meta":{"_acf_changed":false,"footnotes":""},"categories":[1],"tags":[],"post_headquarter":[],"post_project":[],"class_list":["post-435680","post","type-post","status-publish","format-standard","has-post-thumbnail","hentry","category-uncategorized-ca"],"acf":[],"yoast_head":"<!-- This site is optimized with the Yoast SEO plugin v27.2 - https:\/\/yoast.com\/product\/yoast-seo-wordpress\/ -->\n<title>Antich: \u201cHi ha veus d&#039;alerta de pa\u00efsos molt diferents sobre vulneracions de drets civils, pol\u00edtics i ling\u00fc\u00edstics a l&#039;estat espanyol\u201d - \u00d2mnium Cultural<\/title>\n<meta name=\"robots\" content=\"index, follow, max-snippet:-1, max-image-preview:large, max-video-preview:-1\" \/>\n<link rel=\"canonical\" href=\"https:\/\/www.omnium.cat\/ca\/antich-hi-ha-veus-dalerta-de-paisos-molt-diferents-sobre-vulneracions-de-drets-civils-politics-i-linguistics-a-lestat-espanyol\/\" \/>\n<meta name=\"twitter:label1\" content=\"Escrit per\" \/>\n\t<meta name=\"twitter:data1\" content=\"Aida Morales\" \/>\n\t<meta name=\"twitter:label2\" content=\"Temps estimat de lectura\" \/>\n\t<meta name=\"twitter:data2\" content=\"3 minuts\" \/>\n<script type=\"application\/ld+json\" class=\"yoast-schema-graph\">{\"@context\":\"https:\/\/schema.org\",\"@graph\":[{\"@type\":\"Article\",\"@id\":\"https:\/\/www.omnium.cat\/ca\/antich-hi-ha-veus-dalerta-de-paisos-molt-diferents-sobre-vulneracions-de-drets-civils-politics-i-linguistics-a-lestat-espanyol\/#article\",\"isPartOf\":{\"@id\":\"https:\/\/www.omnium.cat\/ca\/antich-hi-ha-veus-dalerta-de-paisos-molt-diferents-sobre-vulneracions-de-drets-civils-politics-i-linguistics-a-lestat-espanyol\/\"},\"author\":{\"name\":\"Aida Morales\",\"@id\":\"https:\/\/www.omnium.cat\/ca\/#\/schema\/person\/858757a3dcdf3cd6598d0db932c42b05\"},\"headline\":\"Antich: \u201cHi ha veus d&#8217;alerta de pa\u00efsos molt diferents sobre vulneracions de drets civils, pol\u00edtics i ling\u00fc\u00edstics a l&#8217;estat espanyol\u201d\",\"datePublished\":\"2025-04-30T11:47:56+00:00\",\"dateModified\":\"2025-04-30T11:48:00+00:00\",\"mainEntityOfPage\":{\"@id\":\"https:\/\/www.omnium.cat\/ca\/antich-hi-ha-veus-dalerta-de-paisos-molt-diferents-sobre-vulneracions-de-drets-civils-politics-i-linguistics-a-lestat-espanyol\/\"},\"wordCount\":563,\"publisher\":{\"@id\":\"https:\/\/www.omnium.cat\/ca\/#organization\"},\"image\":{\"@id\":\"https:\/\/www.omnium.cat\/ca\/antich-hi-ha-veus-dalerta-de-paisos-molt-diferents-sobre-vulneracions-de-drets-civils-politics-i-linguistics-a-lestat-espanyol\/#primaryimage\"},\"thumbnailUrl\":\"https:\/\/cdn.omnium.cat\/wp-content\/uploads\/2025\/04\/30134054\/photo_5805154866623006584_y.jpg\",\"articleSection\":[\"Uncategorized @oc\"],\"inLanguage\":\"ca\"},{\"@type\":\"WebPage\",\"@id\":\"https:\/\/www.omnium.cat\/ca\/antich-hi-ha-veus-dalerta-de-paisos-molt-diferents-sobre-vulneracions-de-drets-civils-politics-i-linguistics-a-lestat-espanyol\/\",\"url\":\"https:\/\/www.omnium.cat\/ca\/antich-hi-ha-veus-dalerta-de-paisos-molt-diferents-sobre-vulneracions-de-drets-civils-politics-i-linguistics-a-lestat-espanyol\/\",\"name\":\"Antich: \u201cHi ha veus d'alerta de pa\u00efsos molt diferents sobre vulneracions de drets civils, pol\u00edtics i ling\u00fc\u00edstics a l'estat espanyol\u201d - \u00d2mnium Cultural\",\"isPartOf\":{\"@id\":\"https:\/\/www.omnium.cat\/ca\/#website\"},\"primaryImageOfPage\":{\"@id\":\"https:\/\/www.omnium.cat\/ca\/antich-hi-ha-veus-dalerta-de-paisos-molt-diferents-sobre-vulneracions-de-drets-civils-politics-i-linguistics-a-lestat-espanyol\/#primaryimage\"},\"image\":{\"@id\":\"https:\/\/www.omnium.cat\/ca\/antich-hi-ha-veus-dalerta-de-paisos-molt-diferents-sobre-vulneracions-de-drets-civils-politics-i-linguistics-a-lestat-espanyol\/#primaryimage\"},\"thumbnailUrl\":\"https:\/\/cdn.omnium.cat\/wp-content\/uploads\/2025\/04\/30134054\/photo_5805154866623006584_y.jpg\",\"datePublished\":\"2025-04-30T11:47:56+00:00\",\"dateModified\":\"2025-04-30T11:48:00+00:00\",\"breadcrumb\":{\"@id\":\"https:\/\/www.omnium.cat\/ca\/antich-hi-ha-veus-dalerta-de-paisos-molt-diferents-sobre-vulneracions-de-drets-civils-politics-i-linguistics-a-lestat-espanyol\/#breadcrumb\"},\"inLanguage\":\"ca\",\"potentialAction\":[{\"@type\":\"ReadAction\",\"target\":[\"https:\/\/www.omnium.cat\/ca\/antich-hi-ha-veus-dalerta-de-paisos-molt-diferents-sobre-vulneracions-de-drets-civils-politics-i-linguistics-a-lestat-espanyol\/\"]}]},{\"@type\":\"ImageObject\",\"inLanguage\":\"ca\",\"@id\":\"https:\/\/www.omnium.cat\/ca\/antich-hi-ha-veus-dalerta-de-paisos-molt-diferents-sobre-vulneracions-de-drets-civils-politics-i-linguistics-a-lestat-espanyol\/#primaryimage\",\"url\":\"https:\/\/cdn.omnium.cat\/wp-content\/uploads\/2025\/04\/30134054\/photo_5805154866623006584_y.jpg\",\"contentUrl\":\"https:\/\/cdn.omnium.cat\/wp-content\/uploads\/2025\/04\/30134054\/photo_5805154866623006584_y.jpg\",\"width\":1280,\"height\":720},{\"@type\":\"BreadcrumbList\",\"@id\":\"https:\/\/www.omnium.cat\/ca\/antich-hi-ha-veus-dalerta-de-paisos-molt-diferents-sobre-vulneracions-de-drets-civils-politics-i-linguistics-a-lestat-espanyol\/#breadcrumb\",\"itemListElement\":[{\"@type\":\"ListItem\",\"position\":1,\"name\":\"Inici\",\"item\":\"https:\/\/www.omnium.cat\/ca\/\"},{\"@type\":\"ListItem\",\"position\":2,\"name\":\"Antich: \u201cHi ha veus d&#8217;alerta de pa\u00efsos molt diferents sobre vulneracions de drets civils, pol\u00edtics i ling\u00fc\u00edstics a l&#8217;estat espanyol\u201d\"}]},{\"@type\":\"WebSite\",\"@id\":\"https:\/\/www.omnium.cat\/ca\/#website\",\"url\":\"https:\/\/www.omnium.cat\/ca\/\",\"name\":\"\u00d2mnium Cultural\",\"description\":\"Llengua Cultura Pa\u00eds\",\"publisher\":{\"@id\":\"https:\/\/www.omnium.cat\/ca\/#organization\"},\"potentialAction\":[{\"@type\":\"SearchAction\",\"target\":{\"@type\":\"EntryPoint\",\"urlTemplate\":\"https:\/\/www.omnium.cat\/ca\/?s={search_term_string}\"},\"query-input\":{\"@type\":\"PropertyValueSpecification\",\"valueRequired\":true,\"valueName\":\"search_term_string\"}}],\"inLanguage\":\"ca\"},{\"@type\":\"Organization\",\"@id\":\"https:\/\/www.omnium.cat\/ca\/#organization\",\"name\":\"\u00d2mnium Cultural\",\"url\":\"https:\/\/www.omnium.cat\/ca\/\",\"logo\":{\"@type\":\"ImageObject\",\"inLanguage\":\"ca\",\"@id\":\"https:\/\/www.omnium.cat\/ca\/#\/schema\/logo\/image\/\",\"url\":\"https:\/\/cdn.omnium.cat\/wp-content\/uploads\/2019\/06\/01112517\/cropped-omnium_logo-1.png\",\"contentUrl\":\"https:\/\/cdn.omnium.cat\/wp-content\/uploads\/2019\/06\/01112517\/cropped-omnium_logo-1.png\",\"width\":1213,\"height\":262,\"caption\":\"\u00d2mnium Cultural\"},\"image\":{\"@id\":\"https:\/\/www.omnium.cat\/ca\/#\/schema\/logo\/image\/\"},\"sameAs\":[\"https:\/\/www.facebook.com\/omniumcultural\",\"https:\/\/x.com\/omnium\",\"https:\/\/www.instagram.com\/omniumcultural\/\",\"https:\/\/www.youtube.com\/user\/omniumcultural\"]},{\"@type\":\"Person\",\"@id\":\"https:\/\/www.omnium.cat\/ca\/#\/schema\/person\/858757a3dcdf3cd6598d0db932c42b05\",\"name\":\"Aida Morales\",\"image\":{\"@type\":\"ImageObject\",\"inLanguage\":\"ca\",\"@id\":\"https:\/\/secure.gravatar.com\/avatar\/d31eddf3eb503b2da10671c829ecb9f8b407291532ee79052b9691be16224b84?s=96&d=mm&r=g\",\"url\":\"https:\/\/secure.gravatar.com\/avatar\/d31eddf3eb503b2da10671c829ecb9f8b407291532ee79052b9691be16224b84?s=96&d=mm&r=g\",\"contentUrl\":\"https:\/\/secure.gravatar.com\/avatar\/d31eddf3eb503b2da10671c829ecb9f8b407291532ee79052b9691be16224b84?s=96&d=mm&r=g\",\"caption\":\"Aida Morales\"}}]}<\/script>\n<!-- \/ Yoast SEO plugin. -->","yoast_head_json":{"title":"Antich: \u201cHi ha veus d'alerta de pa\u00efsos molt diferents sobre vulneracions de drets civils, pol\u00edtics i ling\u00fc\u00edstics a l'estat espanyol\u201d - \u00d2mnium Cultural","robots":{"index":"index","follow":"follow","max-snippet":"max-snippet:-1","max-image-preview":"max-image-preview:large","max-video-preview":"max-video-preview:-1"},"canonical":"https:\/\/www.omnium.cat\/ca\/antich-hi-ha-veus-dalerta-de-paisos-molt-diferents-sobre-vulneracions-de-drets-civils-politics-i-linguistics-a-lestat-espanyol\/","twitter_misc":{"Escrit per":"Aida Morales","Temps estimat de lectura":"3 minuts"},"schema":{"@context":"https:\/\/schema.org","@graph":[{"@type":"Article","@id":"https:\/\/www.omnium.cat\/ca\/antich-hi-ha-veus-dalerta-de-paisos-molt-diferents-sobre-vulneracions-de-drets-civils-politics-i-linguistics-a-lestat-espanyol\/#article","isPartOf":{"@id":"https:\/\/www.omnium.cat\/ca\/antich-hi-ha-veus-dalerta-de-paisos-molt-diferents-sobre-vulneracions-de-drets-civils-politics-i-linguistics-a-lestat-espanyol\/"},"author":{"name":"Aida Morales","@id":"https:\/\/www.omnium.cat\/ca\/#\/schema\/person\/858757a3dcdf3cd6598d0db932c42b05"},"headline":"Antich: \u201cHi ha veus d&#8217;alerta de pa\u00efsos molt diferents sobre vulneracions de drets civils, pol\u00edtics i ling\u00fc\u00edstics a l&#8217;estat espanyol\u201d","datePublished":"2025-04-30T11:47:56+00:00","dateModified":"2025-04-30T11:48:00+00:00","mainEntityOfPage":{"@id":"https:\/\/www.omnium.cat\/ca\/antich-hi-ha-veus-dalerta-de-paisos-molt-diferents-sobre-vulneracions-de-drets-civils-politics-i-linguistics-a-lestat-espanyol\/"},"wordCount":563,"publisher":{"@id":"https:\/\/www.omnium.cat\/ca\/#organization"},"image":{"@id":"https:\/\/www.omnium.cat\/ca\/antich-hi-ha-veus-dalerta-de-paisos-molt-diferents-sobre-vulneracions-de-drets-civils-politics-i-linguistics-a-lestat-espanyol\/#primaryimage"},"thumbnailUrl":"https:\/\/cdn.omnium.cat\/wp-content\/uploads\/2025\/04\/30134054\/photo_5805154866623006584_y.jpg","articleSection":["Uncategorized @oc"],"inLanguage":"ca"},{"@type":"WebPage","@id":"https:\/\/www.omnium.cat\/ca\/antich-hi-ha-veus-dalerta-de-paisos-molt-diferents-sobre-vulneracions-de-drets-civils-politics-i-linguistics-a-lestat-espanyol\/","url":"https:\/\/www.omnium.cat\/ca\/antich-hi-ha-veus-dalerta-de-paisos-molt-diferents-sobre-vulneracions-de-drets-civils-politics-i-linguistics-a-lestat-espanyol\/","name":"Antich: \u201cHi ha veus d'alerta de pa\u00efsos molt diferents sobre vulneracions de drets civils, pol\u00edtics i ling\u00fc\u00edstics a l'estat espanyol\u201d - \u00d2mnium Cultural","isPartOf":{"@id":"https:\/\/www.omnium.cat\/ca\/#website"},"primaryImageOfPage":{"@id":"https:\/\/www.omnium.cat\/ca\/antich-hi-ha-veus-dalerta-de-paisos-molt-diferents-sobre-vulneracions-de-drets-civils-politics-i-linguistics-a-lestat-espanyol\/#primaryimage"},"image":{"@id":"https:\/\/www.omnium.cat\/ca\/antich-hi-ha-veus-dalerta-de-paisos-molt-diferents-sobre-vulneracions-de-drets-civils-politics-i-linguistics-a-lestat-espanyol\/#primaryimage"},"thumbnailUrl":"https:\/\/cdn.omnium.cat\/wp-content\/uploads\/2025\/04\/30134054\/photo_5805154866623006584_y.jpg","datePublished":"2025-04-30T11:47:56+00:00","dateModified":"2025-04-30T11:48:00+00:00","breadcrumb":{"@id":"https:\/\/www.omnium.cat\/ca\/antich-hi-ha-veus-dalerta-de-paisos-molt-diferents-sobre-vulneracions-de-drets-civils-politics-i-linguistics-a-lestat-espanyol\/#breadcrumb"},"inLanguage":"ca","potentialAction":[{"@type":"ReadAction","target":["https:\/\/www.omnium.cat\/ca\/antich-hi-ha-veus-dalerta-de-paisos-molt-diferents-sobre-vulneracions-de-drets-civils-politics-i-linguistics-a-lestat-espanyol\/"]}]},{"@type":"ImageObject","inLanguage":"ca","@id":"https:\/\/www.omnium.cat\/ca\/antich-hi-ha-veus-dalerta-de-paisos-molt-diferents-sobre-vulneracions-de-drets-civils-politics-i-linguistics-a-lestat-espanyol\/#primaryimage","url":"https:\/\/cdn.omnium.cat\/wp-content\/uploads\/2025\/04\/30134054\/photo_5805154866623006584_y.jpg","contentUrl":"https:\/\/cdn.omnium.cat\/wp-content\/uploads\/2025\/04\/30134054\/photo_5805154866623006584_y.jpg","width":1280,"height":720},{"@type":"BreadcrumbList","@id":"https:\/\/www.omnium.cat\/ca\/antich-hi-ha-veus-dalerta-de-paisos-molt-diferents-sobre-vulneracions-de-drets-civils-politics-i-linguistics-a-lestat-espanyol\/#breadcrumb","itemListElement":[{"@type":"ListItem","position":1,"name":"Inici","item":"https:\/\/www.omnium.cat\/ca\/"},{"@type":"ListItem","position":2,"name":"Antich: \u201cHi ha veus d&#8217;alerta de pa\u00efsos molt diferents sobre vulneracions de drets civils, pol\u00edtics i ling\u00fc\u00edstics a l&#8217;estat espanyol\u201d"}]},{"@type":"WebSite","@id":"https:\/\/www.omnium.cat\/ca\/#website","url":"https:\/\/www.omnium.cat\/ca\/","name":"\u00d2mnium Cultural","description":"Llengua Cultura Pa\u00eds","publisher":{"@id":"https:\/\/www.omnium.cat\/ca\/#organization"},"potentialAction":[{"@type":"SearchAction","target":{"@type":"EntryPoint","urlTemplate":"https:\/\/www.omnium.cat\/ca\/?s={search_term_string}"},"query-input":{"@type":"PropertyValueSpecification","valueRequired":true,"valueName":"search_term_string"}}],"inLanguage":"ca"},{"@type":"Organization","@id":"https:\/\/www.omnium.cat\/ca\/#organization","name":"\u00d2mnium Cultural","url":"https:\/\/www.omnium.cat\/ca\/","logo":{"@type":"ImageObject","inLanguage":"ca","@id":"https:\/\/www.omnium.cat\/ca\/#\/schema\/logo\/image\/","url":"https:\/\/cdn.omnium.cat\/wp-content\/uploads\/2019\/06\/01112517\/cropped-omnium_logo-1.png","contentUrl":"https:\/\/cdn.omnium.cat\/wp-content\/uploads\/2019\/06\/01112517\/cropped-omnium_logo-1.png","width":1213,"height":262,"caption":"\u00d2mnium Cultural"},"image":{"@id":"https:\/\/www.omnium.cat\/ca\/#\/schema\/logo\/image\/"},"sameAs":["https:\/\/www.facebook.com\/omniumcultural","https:\/\/x.com\/omnium","https:\/\/www.instagram.com\/omniumcultural\/","https:\/\/www.youtube.com\/user\/omniumcultural"]},{"@type":"Person","@id":"https:\/\/www.omnium.cat\/ca\/#\/schema\/person\/858757a3dcdf3cd6598d0db932c42b05","name":"Aida Morales","image":{"@type":"ImageObject","inLanguage":"ca","@id":"https:\/\/secure.gravatar.com\/avatar\/d31eddf3eb503b2da10671c829ecb9f8b407291532ee79052b9691be16224b84?s=96&d=mm&r=g","url":"https:\/\/secure.gravatar.com\/avatar\/d31eddf3eb503b2da10671c829ecb9f8b407291532ee79052b9691be16224b84?s=96&d=mm&r=g","contentUrl":"https:\/\/secure.gravatar.com\/avatar\/d31eddf3eb503b2da10671c829ecb9f8b407291532ee79052b9691be16224b84?s=96&d=mm&r=g","caption":"Aida Morales"}}]}},"_links":{"self":[{"href":"https:\/\/www.omnium.cat\/ca\/wp-json\/wp\/v2\/posts\/435680","targetHints":{"allow":["GET"]}}],"collection":[{"href":"https:\/\/www.omnium.cat\/ca\/wp-json\/wp\/v2\/posts"}],"about":[{"href":"https:\/\/www.omnium.cat\/ca\/wp-json\/wp\/v2\/types\/post"}],"author":[{"embeddable":true,"href":"https:\/\/www.omnium.cat\/ca\/wp-json\/wp\/v2\/users\/182"}],"replies":[{"embeddable":true,"href":"https:\/\/www.omnium.cat\/ca\/wp-json\/wp\/v2\/comments?post=435680"}],"version-history":[{"count":1,"href":"https:\/\/www.omnium.cat\/ca\/wp-json\/wp\/v2\/posts\/435680\/revisions"}],"predecessor-version":[{"id":435685,"href":"https:\/\/www.omnium.cat\/ca\/wp-json\/wp\/v2\/posts\/435680\/revisions\/435685"}],"wp:featuredmedia":[{"embeddable":true,"href":"https:\/\/www.omnium.cat\/ca\/wp-json\/wp\/v2\/media\/435681"}],"wp:attachment":[{"href":"https:\/\/www.omnium.cat\/ca\/wp-json\/wp\/v2\/media?parent=435680"}],"wp:term":[{"taxonomy":"category","embeddable":true,"href":"https:\/\/www.omnium.cat\/ca\/wp-json\/wp\/v2\/categories?post=435680"},{"taxonomy":"post_tag","embeddable":true,"href":"https:\/\/www.omnium.cat\/ca\/wp-json\/wp\/v2\/tags?post=435680"},{"taxonomy":"post_headquarter","embeddable":true,"href":"https:\/\/www.omnium.cat\/ca\/wp-json\/wp\/v2\/post_headquarter?post=435680"},{"taxonomy":"post_project","embeddable":true,"href":"https:\/\/www.omnium.cat\/ca\/wp-json\/wp\/v2\/post_project?post=435680"}],"curies":[{"name":"wp","href":"https:\/\/api.w.org\/{rel}","templated":true}]}}