{"id":438888,"date":"2025-06-12T19:28:58","date_gmt":"2025-06-12T17:28:58","guid":{"rendered":"https:\/\/www.omnium.cat\/?p=438888"},"modified":"2025-06-12T19:31:25","modified_gmt":"2025-06-12T17:31:25","slug":"omnium-bergueda-convoca-la-xvi-edicio-dels-premis-climent-forner-amb-una-crida-oberta-a-tot-el-teixit-associatiu-de-la-comarca","status":"publish","type":"post","link":"https:\/\/www.omnium.cat\/ca\/omnium-bergueda-convoca-la-xvi-edicio-dels-premis-climent-forner-amb-una-crida-oberta-a-tot-el-teixit-associatiu-de-la-comarca\/","title":{"rendered":"\u00d2mnium Bergued\u00e0 convoca la XVI edici\u00f3 dels Premis Climent Forner amb una crida oberta a tot el teixit associatiu de la comarca"},"content":{"rendered":"\n<p>\u00d2mnium Bergued\u00e0 ha obert la convocat\u00f2ria de la XVI edici\u00f3 dels Premis Climent Forner, uns guardons que reconeixen les persones de la comarca que, tot i haver arribat recentment d\u2019altres parts del m\u00f3n on no es parla el catal\u00e0, mostren una clara voluntat d\u2019aprendre\u2019l i l\u2019utilitzen socialment en el seu dia a dia.<\/p>\n<p>Enguany, per primer cop, la convocat\u00f2ria s\u2019amplia a totes les entitats socials, culturals i esportives del Bergued\u00e0 compromeses amb la llengua catalana. Aquesta ampliaci\u00f3, que compta amb el suport de la Conselleria de Cultura i Llengua del Consell Comarcal del Bergued\u00e0, pret\u00e9n fer els premis encara m\u00e9s inclusius i participatius.<\/p>\n<p>Els premis, fins ara restringits a propostes formulades per ajuntaments i entitats d\u2019acollida, busquen ara implicar tot el teixit associatiu de la comarca per identificar i valorar aquelles persones que, des de la seva traject\u00f2ria vital i quotidiana, fan del catal\u00e0 una eina de cohesi\u00f3, integraci\u00f3 i conviv\u00e8ncia.<\/p>\n<p>El lliurament dels guardons tindr\u00e0 lloc al Pavell\u00f3 de Su\u00e8cia de Berga, el dissabte 18 d\u2019octubre, en el marc d\u2019un acte cultural organitzat per \u00d2mnium Bergued\u00e0.<\/p>\n<p><a href=\"https:\/\/cdn.omnium.cat\/wp-content\/uploads\/2025\/04\/30182612\/BASES-XVI-PREMIS-CLIMENT-FORNER-2025_A4-1.pdf?_ga=2.42336353.510096655.1749571901-614987455.1745922233\" target=\"_blank\" rel=\"noopener\">Les bases de participaci\u00f3 ja estan disponibles<\/a> i s\u2019han de seguir amb rigor pel que fa als terminis i requisits establerts. Per a qualsevol consulta, \u00d2mnium Bergued\u00e0 posa a disposici\u00f3 l\u2019adre\u00e7a electr\u00f2nica bergueda@omnium.cat.<\/p>\n<p>\ud83d\udcfa Podeu veure el v\u00eddeo de presentaci\u00f3 dels Premis, <a href=\"https:\/\/youtu.be\/jfah5tJIg6o\" target=\"_blank\" rel=\"noopener\">aqu\u00ed<\/a>.<\/p>\n","protected":false},"excerpt":{"rendered":"<p>\u00d2mnium Bergued\u00e0 ha obert la convocat\u00f2ria de la XVI edici\u00f3 dels Premis Climent Forner, uns guardons que reconeixen les persones de la comarca que, tot i haver arribat recentment d\u2019altres [&hellip;]<\/p>\n","protected":false},"author":151,"featured_media":438890,"comment_status":"closed","ping_status":"open","sticky":false,"template":"","format":"standard","meta":{"_acf_changed":false,"footnotes":""},"categories":[1],"tags":[53,5634],"post_headquarter":[1762],"post_project":[],"class_list":["post-438888","post","type-post","status-publish","format-standard","has-post-thumbnail","hentry","category-uncategorized-ca","tag-omnium-bergueda","tag-premis-climent-forner","post_headquarter-bergueda"],"acf":[],"yoast_head":"<!-- This site is optimized with the Yoast SEO plugin v27.2 - https:\/\/yoast.com\/product\/yoast-seo-wordpress\/ -->\n<title>\u00d2mnium Bergued\u00e0 convoca la XVI edici\u00f3 dels Premis Climent Forner amb una crida oberta a tot el teixit associatiu de la comarca - \u00d2mnium Cultural<\/title>\n<meta name=\"robots\" content=\"index, follow, max-snippet:-1, max-image-preview:large, max-video-preview:-1\" \/>\n<link rel=\"canonical\" href=\"https:\/\/www.omnium.cat\/ca\/omnium-bergueda-convoca-la-xvi-edicio-dels-premis-climent-forner-amb-una-crida-oberta-a-tot-el-teixit-associatiu-de-la-comarca\/\" \/>\n<meta name=\"twitter:label1\" content=\"Escrit per\" \/>\n\t<meta name=\"twitter:data1\" content=\"Eva Forn\" \/>\n\t<meta name=\"twitter:label2\" content=\"Temps estimat de lectura\" \/>\n\t<meta name=\"twitter:data2\" content=\"2 minuts\" \/>\n<script type=\"application\/ld+json\" class=\"yoast-schema-graph\">{\"@context\":\"https:\/\/schema.org\",\"@graph\":[{\"@type\":\"Article\",\"@id\":\"https:\/\/www.omnium.cat\/ca\/omnium-bergueda-convoca-la-xvi-edicio-dels-premis-climent-forner-amb-una-crida-oberta-a-tot-el-teixit-associatiu-de-la-comarca\/#article\",\"isPartOf\":{\"@id\":\"https:\/\/www.omnium.cat\/ca\/omnium-bergueda-convoca-la-xvi-edicio-dels-premis-climent-forner-amb-una-crida-oberta-a-tot-el-teixit-associatiu-de-la-comarca\/\"},\"author\":{\"name\":\"Eva Forn\",\"@id\":\"https:\/\/www.omnium.cat\/ca\/#\/schema\/person\/43a7fd06d4134d6062dc98d0b97ad68e\"},\"headline\":\"\u00d2mnium Bergued\u00e0 convoca la XVI edici\u00f3 dels Premis Climent Forner amb una crida oberta a tot el teixit associatiu de la comarca\",\"datePublished\":\"2025-06-12T17:28:58+00:00\",\"dateModified\":\"2025-06-12T17:31:25+00:00\",\"mainEntityOfPage\":{\"@id\":\"https:\/\/www.omnium.cat\/ca\/omnium-bergueda-convoca-la-xvi-edicio-dels-premis-climent-forner-amb-una-crida-oberta-a-tot-el-teixit-associatiu-de-la-comarca\/\"},\"wordCount\":263,\"publisher\":{\"@id\":\"https:\/\/www.omnium.cat\/ca\/#organization\"},\"image\":{\"@id\":\"https:\/\/www.omnium.cat\/ca\/omnium-bergueda-convoca-la-xvi-edicio-dels-premis-climent-forner-amb-una-crida-oberta-a-tot-el-teixit-associatiu-de-la-comarca\/#primaryimage\"},\"thumbnailUrl\":\"https:\/\/cdn.omnium.cat\/wp-content\/uploads\/2025\/06\/12193015\/002-1-scaled.jpg\",\"keywords\":[\"\u00d2mnium Bergued\u00e0\",\"Premis Climent Forner\"],\"articleSection\":[\"Uncategorized @oc\"],\"inLanguage\":\"ca\"},{\"@type\":\"WebPage\",\"@id\":\"https:\/\/www.omnium.cat\/ca\/omnium-bergueda-convoca-la-xvi-edicio-dels-premis-climent-forner-amb-una-crida-oberta-a-tot-el-teixit-associatiu-de-la-comarca\/\",\"url\":\"https:\/\/www.omnium.cat\/ca\/omnium-bergueda-convoca-la-xvi-edicio-dels-premis-climent-forner-amb-una-crida-oberta-a-tot-el-teixit-associatiu-de-la-comarca\/\",\"name\":\"\u00d2mnium Bergued\u00e0 convoca la XVI edici\u00f3 dels Premis Climent Forner amb una crida oberta a tot el teixit associatiu de la comarca - \u00d2mnium Cultural\",\"isPartOf\":{\"@id\":\"https:\/\/www.omnium.cat\/ca\/#website\"},\"primaryImageOfPage\":{\"@id\":\"https:\/\/www.omnium.cat\/ca\/omnium-bergueda-convoca-la-xvi-edicio-dels-premis-climent-forner-amb-una-crida-oberta-a-tot-el-teixit-associatiu-de-la-comarca\/#primaryimage\"},\"image\":{\"@id\":\"https:\/\/www.omnium.cat\/ca\/omnium-bergueda-convoca-la-xvi-edicio-dels-premis-climent-forner-amb-una-crida-oberta-a-tot-el-teixit-associatiu-de-la-comarca\/#primaryimage\"},\"thumbnailUrl\":\"https:\/\/cdn.omnium.cat\/wp-content\/uploads\/2025\/06\/12193015\/002-1-scaled.jpg\",\"datePublished\":\"2025-06-12T17:28:58+00:00\",\"dateModified\":\"2025-06-12T17:31:25+00:00\",\"breadcrumb\":{\"@id\":\"https:\/\/www.omnium.cat\/ca\/omnium-bergueda-convoca-la-xvi-edicio-dels-premis-climent-forner-amb-una-crida-oberta-a-tot-el-teixit-associatiu-de-la-comarca\/#breadcrumb\"},\"inLanguage\":\"ca\",\"potentialAction\":[{\"@type\":\"ReadAction\",\"target\":[\"https:\/\/www.omnium.cat\/ca\/omnium-bergueda-convoca-la-xvi-edicio-dels-premis-climent-forner-amb-una-crida-oberta-a-tot-el-teixit-associatiu-de-la-comarca\/\"]}]},{\"@type\":\"ImageObject\",\"inLanguage\":\"ca\",\"@id\":\"https:\/\/www.omnium.cat\/ca\/omnium-bergueda-convoca-la-xvi-edicio-dels-premis-climent-forner-amb-una-crida-oberta-a-tot-el-teixit-associatiu-de-la-comarca\/#primaryimage\",\"url\":\"https:\/\/cdn.omnium.cat\/wp-content\/uploads\/2025\/06\/12193015\/002-1-scaled.jpg\",\"contentUrl\":\"https:\/\/cdn.omnium.cat\/wp-content\/uploads\/2025\/06\/12193015\/002-1-scaled.jpg\",\"width\":2560,\"height\":1707},{\"@type\":\"BreadcrumbList\",\"@id\":\"https:\/\/www.omnium.cat\/ca\/omnium-bergueda-convoca-la-xvi-edicio-dels-premis-climent-forner-amb-una-crida-oberta-a-tot-el-teixit-associatiu-de-la-comarca\/#breadcrumb\",\"itemListElement\":[{\"@type\":\"ListItem\",\"position\":1,\"name\":\"Inici\",\"item\":\"https:\/\/www.omnium.cat\/ca\/\"},{\"@type\":\"ListItem\",\"position\":2,\"name\":\"\u00d2mnium Bergued\u00e0 convoca la XVI edici\u00f3 dels Premis Climent Forner amb una crida oberta a tot el teixit associatiu de la comarca\"}]},{\"@type\":\"WebSite\",\"@id\":\"https:\/\/www.omnium.cat\/ca\/#website\",\"url\":\"https:\/\/www.omnium.cat\/ca\/\",\"name\":\"\u00d2mnium Cultural\",\"description\":\"Llengua Cultura Pa\u00eds\",\"publisher\":{\"@id\":\"https:\/\/www.omnium.cat\/ca\/#organization\"},\"potentialAction\":[{\"@type\":\"SearchAction\",\"target\":{\"@type\":\"EntryPoint\",\"urlTemplate\":\"https:\/\/www.omnium.cat\/ca\/?s={search_term_string}\"},\"query-input\":{\"@type\":\"PropertyValueSpecification\",\"valueRequired\":true,\"valueName\":\"search_term_string\"}}],\"inLanguage\":\"ca\"},{\"@type\":\"Organization\",\"@id\":\"https:\/\/www.omnium.cat\/ca\/#organization\",\"name\":\"\u00d2mnium Cultural\",\"url\":\"https:\/\/www.omnium.cat\/ca\/\",\"logo\":{\"@type\":\"ImageObject\",\"inLanguage\":\"ca\",\"@id\":\"https:\/\/www.omnium.cat\/ca\/#\/schema\/logo\/image\/\",\"url\":\"https:\/\/cdn.omnium.cat\/wp-content\/uploads\/2019\/06\/01112517\/cropped-omnium_logo-1.png\",\"contentUrl\":\"https:\/\/cdn.omnium.cat\/wp-content\/uploads\/2019\/06\/01112517\/cropped-omnium_logo-1.png\",\"width\":1213,\"height\":262,\"caption\":\"\u00d2mnium Cultural\"},\"image\":{\"@id\":\"https:\/\/www.omnium.cat\/ca\/#\/schema\/logo\/image\/\"},\"sameAs\":[\"https:\/\/www.facebook.com\/omniumcultural\",\"https:\/\/x.com\/omnium\",\"https:\/\/www.instagram.com\/omniumcultural\/\",\"https:\/\/www.youtube.com\/user\/omniumcultural\"]},{\"@type\":\"Person\",\"@id\":\"https:\/\/www.omnium.cat\/ca\/#\/schema\/person\/43a7fd06d4134d6062dc98d0b97ad68e\",\"name\":\"Eva Forn\",\"image\":{\"@type\":\"ImageObject\",\"inLanguage\":\"ca\",\"@id\":\"https:\/\/secure.gravatar.com\/avatar\/f9fa77e07eb85a341274edc960188678149417a39ebf9ec7fb35d3fc23ab6911?s=96&d=mm&r=g\",\"url\":\"https:\/\/secure.gravatar.com\/avatar\/f9fa77e07eb85a341274edc960188678149417a39ebf9ec7fb35d3fc23ab6911?s=96&d=mm&r=g\",\"contentUrl\":\"https:\/\/secure.gravatar.com\/avatar\/f9fa77e07eb85a341274edc960188678149417a39ebf9ec7fb35d3fc23ab6911?s=96&d=mm&r=g\",\"caption\":\"Eva Forn\"}}]}<\/script>\n<!-- \/ Yoast SEO plugin. -->","yoast_head_json":{"title":"\u00d2mnium Bergued\u00e0 convoca la XVI edici\u00f3 dels Premis Climent Forner amb una crida oberta a tot el teixit associatiu de la comarca - \u00d2mnium Cultural","robots":{"index":"index","follow":"follow","max-snippet":"max-snippet:-1","max-image-preview":"max-image-preview:large","max-video-preview":"max-video-preview:-1"},"canonical":"https:\/\/www.omnium.cat\/ca\/omnium-bergueda-convoca-la-xvi-edicio-dels-premis-climent-forner-amb-una-crida-oberta-a-tot-el-teixit-associatiu-de-la-comarca\/","twitter_misc":{"Escrit per":"Eva Forn","Temps estimat de lectura":"2 minuts"},"schema":{"@context":"https:\/\/schema.org","@graph":[{"@type":"Article","@id":"https:\/\/www.omnium.cat\/ca\/omnium-bergueda-convoca-la-xvi-edicio-dels-premis-climent-forner-amb-una-crida-oberta-a-tot-el-teixit-associatiu-de-la-comarca\/#article","isPartOf":{"@id":"https:\/\/www.omnium.cat\/ca\/omnium-bergueda-convoca-la-xvi-edicio-dels-premis-climent-forner-amb-una-crida-oberta-a-tot-el-teixit-associatiu-de-la-comarca\/"},"author":{"name":"Eva Forn","@id":"https:\/\/www.omnium.cat\/ca\/#\/schema\/person\/43a7fd06d4134d6062dc98d0b97ad68e"},"headline":"\u00d2mnium Bergued\u00e0 convoca la XVI edici\u00f3 dels Premis Climent Forner amb una crida oberta a tot el teixit associatiu de la comarca","datePublished":"2025-06-12T17:28:58+00:00","dateModified":"2025-06-12T17:31:25+00:00","mainEntityOfPage":{"@id":"https:\/\/www.omnium.cat\/ca\/omnium-bergueda-convoca-la-xvi-edicio-dels-premis-climent-forner-amb-una-crida-oberta-a-tot-el-teixit-associatiu-de-la-comarca\/"},"wordCount":263,"publisher":{"@id":"https:\/\/www.omnium.cat\/ca\/#organization"},"image":{"@id":"https:\/\/www.omnium.cat\/ca\/omnium-bergueda-convoca-la-xvi-edicio-dels-premis-climent-forner-amb-una-crida-oberta-a-tot-el-teixit-associatiu-de-la-comarca\/#primaryimage"},"thumbnailUrl":"https:\/\/cdn.omnium.cat\/wp-content\/uploads\/2025\/06\/12193015\/002-1-scaled.jpg","keywords":["\u00d2mnium Bergued\u00e0","Premis Climent Forner"],"articleSection":["Uncategorized @oc"],"inLanguage":"ca"},{"@type":"WebPage","@id":"https:\/\/www.omnium.cat\/ca\/omnium-bergueda-convoca-la-xvi-edicio-dels-premis-climent-forner-amb-una-crida-oberta-a-tot-el-teixit-associatiu-de-la-comarca\/","url":"https:\/\/www.omnium.cat\/ca\/omnium-bergueda-convoca-la-xvi-edicio-dels-premis-climent-forner-amb-una-crida-oberta-a-tot-el-teixit-associatiu-de-la-comarca\/","name":"\u00d2mnium Bergued\u00e0 convoca la XVI edici\u00f3 dels Premis Climent Forner amb una crida oberta a tot el teixit associatiu de la comarca - \u00d2mnium Cultural","isPartOf":{"@id":"https:\/\/www.omnium.cat\/ca\/#website"},"primaryImageOfPage":{"@id":"https:\/\/www.omnium.cat\/ca\/omnium-bergueda-convoca-la-xvi-edicio-dels-premis-climent-forner-amb-una-crida-oberta-a-tot-el-teixit-associatiu-de-la-comarca\/#primaryimage"},"image":{"@id":"https:\/\/www.omnium.cat\/ca\/omnium-bergueda-convoca-la-xvi-edicio-dels-premis-climent-forner-amb-una-crida-oberta-a-tot-el-teixit-associatiu-de-la-comarca\/#primaryimage"},"thumbnailUrl":"https:\/\/cdn.omnium.cat\/wp-content\/uploads\/2025\/06\/12193015\/002-1-scaled.jpg","datePublished":"2025-06-12T17:28:58+00:00","dateModified":"2025-06-12T17:31:25+00:00","breadcrumb":{"@id":"https:\/\/www.omnium.cat\/ca\/omnium-bergueda-convoca-la-xvi-edicio-dels-premis-climent-forner-amb-una-crida-oberta-a-tot-el-teixit-associatiu-de-la-comarca\/#breadcrumb"},"inLanguage":"ca","potentialAction":[{"@type":"ReadAction","target":["https:\/\/www.omnium.cat\/ca\/omnium-bergueda-convoca-la-xvi-edicio-dels-premis-climent-forner-amb-una-crida-oberta-a-tot-el-teixit-associatiu-de-la-comarca\/"]}]},{"@type":"ImageObject","inLanguage":"ca","@id":"https:\/\/www.omnium.cat\/ca\/omnium-bergueda-convoca-la-xvi-edicio-dels-premis-climent-forner-amb-una-crida-oberta-a-tot-el-teixit-associatiu-de-la-comarca\/#primaryimage","url":"https:\/\/cdn.omnium.cat\/wp-content\/uploads\/2025\/06\/12193015\/002-1-scaled.jpg","contentUrl":"https:\/\/cdn.omnium.cat\/wp-content\/uploads\/2025\/06\/12193015\/002-1-scaled.jpg","width":2560,"height":1707},{"@type":"BreadcrumbList","@id":"https:\/\/www.omnium.cat\/ca\/omnium-bergueda-convoca-la-xvi-edicio-dels-premis-climent-forner-amb-una-crida-oberta-a-tot-el-teixit-associatiu-de-la-comarca\/#breadcrumb","itemListElement":[{"@type":"ListItem","position":1,"name":"Inici","item":"https:\/\/www.omnium.cat\/ca\/"},{"@type":"ListItem","position":2,"name":"\u00d2mnium Bergued\u00e0 convoca la XVI edici\u00f3 dels Premis Climent Forner amb una crida oberta a tot el teixit associatiu de la comarca"}]},{"@type":"WebSite","@id":"https:\/\/www.omnium.cat\/ca\/#website","url":"https:\/\/www.omnium.cat\/ca\/","name":"\u00d2mnium Cultural","description":"Llengua Cultura Pa\u00eds","publisher":{"@id":"https:\/\/www.omnium.cat\/ca\/#organization"},"potentialAction":[{"@type":"SearchAction","target":{"@type":"EntryPoint","urlTemplate":"https:\/\/www.omnium.cat\/ca\/?s={search_term_string}"},"query-input":{"@type":"PropertyValueSpecification","valueRequired":true,"valueName":"search_term_string"}}],"inLanguage":"ca"},{"@type":"Organization","@id":"https:\/\/www.omnium.cat\/ca\/#organization","name":"\u00d2mnium Cultural","url":"https:\/\/www.omnium.cat\/ca\/","logo":{"@type":"ImageObject","inLanguage":"ca","@id":"https:\/\/www.omnium.cat\/ca\/#\/schema\/logo\/image\/","url":"https:\/\/cdn.omnium.cat\/wp-content\/uploads\/2019\/06\/01112517\/cropped-omnium_logo-1.png","contentUrl":"https:\/\/cdn.omnium.cat\/wp-content\/uploads\/2019\/06\/01112517\/cropped-omnium_logo-1.png","width":1213,"height":262,"caption":"\u00d2mnium Cultural"},"image":{"@id":"https:\/\/www.omnium.cat\/ca\/#\/schema\/logo\/image\/"},"sameAs":["https:\/\/www.facebook.com\/omniumcultural","https:\/\/x.com\/omnium","https:\/\/www.instagram.com\/omniumcultural\/","https:\/\/www.youtube.com\/user\/omniumcultural"]},{"@type":"Person","@id":"https:\/\/www.omnium.cat\/ca\/#\/schema\/person\/43a7fd06d4134d6062dc98d0b97ad68e","name":"Eva Forn","image":{"@type":"ImageObject","inLanguage":"ca","@id":"https:\/\/secure.gravatar.com\/avatar\/f9fa77e07eb85a341274edc960188678149417a39ebf9ec7fb35d3fc23ab6911?s=96&d=mm&r=g","url":"https:\/\/secure.gravatar.com\/avatar\/f9fa77e07eb85a341274edc960188678149417a39ebf9ec7fb35d3fc23ab6911?s=96&d=mm&r=g","contentUrl":"https:\/\/secure.gravatar.com\/avatar\/f9fa77e07eb85a341274edc960188678149417a39ebf9ec7fb35d3fc23ab6911?s=96&d=mm&r=g","caption":"Eva Forn"}}]}},"_links":{"self":[{"href":"https:\/\/www.omnium.cat\/ca\/wp-json\/wp\/v2\/posts\/438888","targetHints":{"allow":["GET"]}}],"collection":[{"href":"https:\/\/www.omnium.cat\/ca\/wp-json\/wp\/v2\/posts"}],"about":[{"href":"https:\/\/www.omnium.cat\/ca\/wp-json\/wp\/v2\/types\/post"}],"author":[{"embeddable":true,"href":"https:\/\/www.omnium.cat\/ca\/wp-json\/wp\/v2\/users\/151"}],"replies":[{"embeddable":true,"href":"https:\/\/www.omnium.cat\/ca\/wp-json\/wp\/v2\/comments?post=438888"}],"version-history":[{"count":1,"href":"https:\/\/www.omnium.cat\/ca\/wp-json\/wp\/v2\/posts\/438888\/revisions"}],"predecessor-version":[{"id":438889,"href":"https:\/\/www.omnium.cat\/ca\/wp-json\/wp\/v2\/posts\/438888\/revisions\/438889"}],"wp:featuredmedia":[{"embeddable":true,"href":"https:\/\/www.omnium.cat\/ca\/wp-json\/wp\/v2\/media\/438890"}],"wp:attachment":[{"href":"https:\/\/www.omnium.cat\/ca\/wp-json\/wp\/v2\/media?parent=438888"}],"wp:term":[{"taxonomy":"category","embeddable":true,"href":"https:\/\/www.omnium.cat\/ca\/wp-json\/wp\/v2\/categories?post=438888"},{"taxonomy":"post_tag","embeddable":true,"href":"https:\/\/www.omnium.cat\/ca\/wp-json\/wp\/v2\/tags?post=438888"},{"taxonomy":"post_headquarter","embeddable":true,"href":"https:\/\/www.omnium.cat\/ca\/wp-json\/wp\/v2\/post_headquarter?post=438888"},{"taxonomy":"post_project","embeddable":true,"href":"https:\/\/www.omnium.cat\/ca\/wp-json\/wp\/v2\/post_project?post=438888"}],"curies":[{"name":"wp","href":"https:\/\/api.w.org\/{rel}","templated":true}]}}