{"id":438923,"date":"2025-06-13T08:49:09","date_gmt":"2025-06-13T06:49:09","guid":{"rendered":"https:\/\/www.omnium.cat\/?p=438923"},"modified":"2025-06-19T17:14:50","modified_gmt":"2025-06-19T15:14:50","slug":"el-pla-de-montserrat-celebra-la-flama-del-canigo-2025","status":"publish","type":"post","link":"https:\/\/www.omnium.cat\/ca\/el-pla-de-montserrat-celebra-la-flama-del-canigo-2025\/","title":{"rendered":"El Pla de Montserrat celebra la Flama del Canig\u00f3 2025"},"content":{"rendered":"\n<p>S\u00f3n molts els <strong>Equips de Foc<\/strong> que portaran la Flama del Canig\u00f3 al Baix Llobregat perqu\u00e8 il\u00b7lumini tot un munt d\u2019activitats impulsades per entitats i associacions de tota mena. Aqu\u00ed tens un petit recull, que anirem actualitzant, a mesura que rebem la informaci\u00f3 de cada poblaci\u00f3 de la seu territorial d\u2019<strong>\u00d2mnium Pla de Montserrat<\/strong>:<\/p>\n<p>\ud83d\udd25 <strong><span style=\"color: #ff6600\">Esparreguera:\u00a0<\/span><\/strong>La flama arribar\u00e0 a Esparreguera portada pel <strong>Centre Excursionista d&#8217;Esparreguera<\/strong> fins a la resid\u00e8ncia de Gent Gran de Can Comelles, on es far\u00e0 un acte de Rebuda de la Flama a les <strong>18 h<\/strong>. A partir d&#8217;aqu\u00ed, la flama recorrer\u00e0 els carrers d&#8217;Esparreguera amb <strong>voluntaris<\/strong> del poble, el <strong>Centre Excursionista<\/strong> i l&#8217;<strong>ADF<\/strong> fins a la pla\u00e7a de l&#8217;ajuntament. A partir de les<strong> 19 h<\/strong> es far\u00e0 la rebuda de la flama per part de l&#8217;alcalde i on es far\u00e0 mostres de cultura popular. Al finalitzar l&#8217;acte es repartir\u00e0 <strong>coca i ratafia<\/strong>.\u00a0Descarrega el cartell de la <a href=\"https:\/\/cdn.omnium.cat\/wp-content\/uploads\/2025\/06\/13084227\/5933985404258731649.jpg\" target=\"_blank\" rel=\"noopener\"><span style=\"color: #0000ff\">Flama 2025 d&#8217;Esparreguera<\/span><\/a> amb tota la programaci\u00f3.<\/p>\n<p><strong><span style=\"color: #ff6600\">\ud83d\udd25\u00a0Olesa de Montserrat: <\/span><\/strong>Dins del marc de les Festa Major d&#8217;Olesa, i amb la col\u00b7laboraci\u00f3 del <strong>grup local d&#8217;\u00d2mnium<\/strong>, l&#8217;arribada de la Flama ser\u00e0 a les 19.30 h; i una vegada a l&#8217;ajuntament es far\u00e0 lectura del manifest a les 20 h. Trobar\u00e0s tots els detalls de les activitats organitzades a <a href=\"https:\/\/www.olesademontserrat.cat\/cultura-i-festes\/festa-major-2025\" target=\"_blank\" rel=\"noopener\"><span style=\"color: #0000ff\">la web de l&#8217;ajuntament<\/span><\/a>.\u00a0<\/p>\n<p><strong><span style=\"color: #ff6600\">\ud83d\udd25\u00a0Collbat\u00f3:<\/span><\/strong> la celebraci\u00f3 comen\u00e7ar\u00e0 a les 21 h a la pla\u00e7a de l\u2019Ajuntament, amb la rebuda de la Flama del Canig\u00f3 i la lectura del manifest;\u00a0 i comen\u00e7ar\u00e0 el recorregut per la poblaci\u00f3 fins a l&#8217;Esplanada dels Bombers (21.30 h) on es far\u00e0 l&#8217;encesa del peveter i la foguera, poc abans del sopar popular i la revetlla. Coneix la Flama de Collbat\u00f3 al <a href=\"https:\/\/www.collbato.cat\/pl195\/actualitat\/id4971\/la-magia-de-la-revetlla-de-sant-joan-arriba-a-collbato-amb-un-programa-ple-d-activitats.htm\" target=\"_blank\" rel=\"noopener\"><span style=\"color: #0000ff\">web de l&#8217;ajuntament<\/span><\/a>.<\/p>\n<p><strong><span style=\"color: #ff6600\">\ud83d\udd25\u00a0Martorell:<\/span><\/strong> com cada any l&#8217;<strong>Associaci\u00f3 de Ve\u00efns Pont del Diable<\/strong> ha organitzat un munt d&#8217;activitats com la rebuda de la Flama i lectura del manifest (20.30 h, al pg. del Quarter). Coneix totes les activitats organitzades a Martorell al web de <a href=\"https:\/\/martorelldigital.cat\/pont-del-diable-recupera-la-foguera-i-el-joannit-al-programa-de-la-festa-de-sant-joan\/\" target=\"_blank\" rel=\"noopener\"><span style=\"color: #0000ff\">martorelldigital.cat<\/span><\/a>.\u00a0\u00a0<\/p>\n<p>\ud83d\udd25 <strong><span style=\"color: #ff6600\">Sant Andreu de la Barca<\/span><\/strong>: el <strong>Centre Excursionista Pi Tallat<\/strong> \u00e9s l&#8217;equip de foc encarregat de dur la Flama a la poblaci\u00f3. Per estar informat de les activitats previstes no deixis de consultar l&#8217;<a href=\"https:\/\/sabarca.cat\/agenda\" target=\"_blank\" rel=\"noopener\"><span style=\"color: #0000ff\">agenda municipal<\/span><\/a>.<\/p>\n<p>I all\u00e0 on siguis: pots consultar el <a href=\"https:\/\/www.omnium.cat\/ca\/projectes\/flama-canigo\/mapes-i-rutes\/\" target=\"_blank\" rel=\"noopener\"><span style=\"color: #0000ff\">mapa de la Flama del Canig\u00f3<\/span><\/a> per trobar la poblaci\u00f3 m\u00e9s propera on se celebra aquesta festa del Pa\u00efsos Catalans.<\/p>\n<p>La <strong>Flama del Canig\u00f3<\/strong> \u00e9s la festa d\u2019encesa dels Focs de Sant Joan arreu dels Pa\u00efsos Catalans. El 23 de juny la Flama del Canig\u00f3 baixa d\u2019aquest cim, des dels seus dos vessants i centenars d\u2019equips de foc la distribueixen arreu dels Pa\u00efsos Catalans seguint moltes i diverses rutes. Comen\u00e7a aix\u00ed la celebraci\u00f3 d\u2019una festa ancestral que \u00e9s tamb\u00e9 <strong>un s\u00edmbol de germanor entre tots els territoris de parla catalana<\/strong>. <a href=\"https:\/\/www.omnium.cat\/ca\/projectes\/flama-canigo\/\" target=\"_blank\" rel=\"noopener\"><span style=\"color: #0000ff\">Coneix la Flama del Canig\u00f3<\/span><\/a>.<\/p>\n<p>\u00a0<\/p>\n<div style=\"width: 1080px;\" class=\"wp-video\"><video class=\"wp-video-shortcode\" id=\"video-438923-1\" width=\"1080\" height=\"1080\" preload=\"metadata\" controls=\"controls\"><source type=\"video\/mp4\" src=\"https:\/\/cdn.omnium.cat\/wp-content\/uploads\/2025\/06\/18163426\/Sent-lorgull-de-la-Flama-1.mp4?_=1\" \/><a href=\"https:\/\/cdn.omnium.cat\/wp-content\/uploads\/2025\/06\/18163426\/Sent-lorgull-de-la-Flama-1.mp4\">https:\/\/cdn.omnium.cat\/wp-content\/uploads\/2025\/06\/18163426\/Sent-lorgull-de-la-Flama-1.mp4<\/a><\/video><\/div>\n<p>\u00a0<\/p>\n<p><strong>T\u2019hi esperem!<\/strong><\/p>\n","protected":false},"excerpt":{"rendered":"<p>S\u00f3n molts els Equips de Foc que portaran la Flama del Canig\u00f3 al Baix Llobregat perqu\u00e8 il\u00b7lumini tot un munt d\u2019activitats impulsades per entitats i associacions de tota mena. Aqu\u00ed [&hellip;]<\/p>\n","protected":false},"author":67,"featured_media":439234,"comment_status":"closed","ping_status":"open","sticky":false,"template":"","format":"standard","meta":{"_acf_changed":false,"footnotes":""},"categories":[1],"tags":[5606,5604,5609,5608,1949,5607,5595,3797,5605],"post_headquarter":[4812],"post_project":[1797],"class_list":["post-438923","post","type-post","status-publish","format-standard","has-post-thumbnail","hentry","category-uncategorized-ca","tag-abrera","tag-castellvi-de-rosanes","tag-collbato","tag-esparreguera","tag-martorell","tag-olesa-de-montserrat","tag-omnium-pla-de-montserrat","tag-sant-andreu-de-la-barca","tag-sant-esteve-sesrovires","post_headquarter-pla-de-montserrat","post_project-flama-del-canigo"],"acf":[],"yoast_head":"<!-- This site is optimized with the Yoast SEO plugin v27.2 - https:\/\/yoast.com\/product\/yoast-seo-wordpress\/ -->\n<title>El Pla de Montserrat celebra la Flama del Canig\u00f3 2025 - \u00d2mnium Cultural<\/title>\n<meta name=\"robots\" content=\"index, follow, max-snippet:-1, max-image-preview:large, max-video-preview:-1\" \/>\n<link rel=\"canonical\" href=\"https:\/\/www.omnium.cat\/ca\/el-pla-de-montserrat-celebra-la-flama-del-canigo-2025\/\" \/>\n<meta name=\"twitter:label1\" content=\"Escrit per\" \/>\n\t<meta name=\"twitter:data1\" content=\"Marce Cardoso\" \/>\n\t<meta name=\"twitter:label2\" content=\"Temps estimat de lectura\" \/>\n\t<meta name=\"twitter:data2\" content=\"3 minuts\" \/>\n<script type=\"application\/ld+json\" class=\"yoast-schema-graph\">{\"@context\":\"https:\/\/schema.org\",\"@graph\":[{\"@type\":\"Article\",\"@id\":\"https:\/\/www.omnium.cat\/ca\/el-pla-de-montserrat-celebra-la-flama-del-canigo-2025\/#article\",\"isPartOf\":{\"@id\":\"https:\/\/www.omnium.cat\/ca\/el-pla-de-montserrat-celebra-la-flama-del-canigo-2025\/\"},\"author\":{\"name\":\"Marce Cardoso\",\"@id\":\"https:\/\/www.omnium.cat\/ca\/#\/schema\/person\/93b5a059e5649ba2eb5c9d408006e601\"},\"headline\":\"El Pla de Montserrat celebra la Flama del Canig\u00f3 2025\",\"datePublished\":\"2025-06-13T06:49:09+00:00\",\"dateModified\":\"2025-06-19T15:14:50+00:00\",\"mainEntityOfPage\":{\"@id\":\"https:\/\/www.omnium.cat\/ca\/el-pla-de-montserrat-celebra-la-flama-del-canigo-2025\/\"},\"wordCount\":518,\"publisher\":{\"@id\":\"https:\/\/www.omnium.cat\/ca\/#organization\"},\"image\":{\"@id\":\"https:\/\/www.omnium.cat\/ca\/el-pla-de-montserrat-celebra-la-flama-del-canigo-2025\/#primaryimage\"},\"thumbnailUrl\":\"https:\/\/cdn.omnium.cat\/wp-content\/uploads\/2025\/06\/17163647\/PLADM.portada_LAFLAMA2025.png\",\"keywords\":[\"Abrera\",\"Castellv\u00ed de Rosanes\",\"Collbat\u00f3\",\"Esparreguera\",\"Martorell\",\"Olesa de Montserrat\",\"\u00d2mnium Pla de Montserrat\",\"Sant Andreu de la Barca\",\"Sant Esteve Sesrovires\"],\"articleSection\":[\"Uncategorized @oc\"],\"inLanguage\":\"ca\"},{\"@type\":\"WebPage\",\"@id\":\"https:\/\/www.omnium.cat\/ca\/el-pla-de-montserrat-celebra-la-flama-del-canigo-2025\/\",\"url\":\"https:\/\/www.omnium.cat\/ca\/el-pla-de-montserrat-celebra-la-flama-del-canigo-2025\/\",\"name\":\"El Pla de Montserrat celebra la Flama del Canig\u00f3 2025 - \u00d2mnium Cultural\",\"isPartOf\":{\"@id\":\"https:\/\/www.omnium.cat\/ca\/#website\"},\"primaryImageOfPage\":{\"@id\":\"https:\/\/www.omnium.cat\/ca\/el-pla-de-montserrat-celebra-la-flama-del-canigo-2025\/#primaryimage\"},\"image\":{\"@id\":\"https:\/\/www.omnium.cat\/ca\/el-pla-de-montserrat-celebra-la-flama-del-canigo-2025\/#primaryimage\"},\"thumbnailUrl\":\"https:\/\/cdn.omnium.cat\/wp-content\/uploads\/2025\/06\/17163647\/PLADM.portada_LAFLAMA2025.png\",\"datePublished\":\"2025-06-13T06:49:09+00:00\",\"dateModified\":\"2025-06-19T15:14:50+00:00\",\"breadcrumb\":{\"@id\":\"https:\/\/www.omnium.cat\/ca\/el-pla-de-montserrat-celebra-la-flama-del-canigo-2025\/#breadcrumb\"},\"inLanguage\":\"ca\",\"potentialAction\":[{\"@type\":\"ReadAction\",\"target\":[\"https:\/\/www.omnium.cat\/ca\/el-pla-de-montserrat-celebra-la-flama-del-canigo-2025\/\"]}]},{\"@type\":\"ImageObject\",\"inLanguage\":\"ca\",\"@id\":\"https:\/\/www.omnium.cat\/ca\/el-pla-de-montserrat-celebra-la-flama-del-canigo-2025\/#primaryimage\",\"url\":\"https:\/\/cdn.omnium.cat\/wp-content\/uploads\/2025\/06\/17163647\/PLADM.portada_LAFLAMA2025.png\",\"contentUrl\":\"https:\/\/cdn.omnium.cat\/wp-content\/uploads\/2025\/06\/17163647\/PLADM.portada_LAFLAMA2025.png\",\"width\":1455,\"height\":792},{\"@type\":\"BreadcrumbList\",\"@id\":\"https:\/\/www.omnium.cat\/ca\/el-pla-de-montserrat-celebra-la-flama-del-canigo-2025\/#breadcrumb\",\"itemListElement\":[{\"@type\":\"ListItem\",\"position\":1,\"name\":\"Inici\",\"item\":\"https:\/\/www.omnium.cat\/ca\/\"},{\"@type\":\"ListItem\",\"position\":2,\"name\":\"El Pla de Montserrat celebra la Flama del Canig\u00f3 2025\"}]},{\"@type\":\"WebSite\",\"@id\":\"https:\/\/www.omnium.cat\/ca\/#website\",\"url\":\"https:\/\/www.omnium.cat\/ca\/\",\"name\":\"\u00d2mnium Cultural\",\"description\":\"Llengua Cultura Pa\u00eds\",\"publisher\":{\"@id\":\"https:\/\/www.omnium.cat\/ca\/#organization\"},\"potentialAction\":[{\"@type\":\"SearchAction\",\"target\":{\"@type\":\"EntryPoint\",\"urlTemplate\":\"https:\/\/www.omnium.cat\/ca\/?s={search_term_string}\"},\"query-input\":{\"@type\":\"PropertyValueSpecification\",\"valueRequired\":true,\"valueName\":\"search_term_string\"}}],\"inLanguage\":\"ca\"},{\"@type\":\"Organization\",\"@id\":\"https:\/\/www.omnium.cat\/ca\/#organization\",\"name\":\"\u00d2mnium Cultural\",\"url\":\"https:\/\/www.omnium.cat\/ca\/\",\"logo\":{\"@type\":\"ImageObject\",\"inLanguage\":\"ca\",\"@id\":\"https:\/\/www.omnium.cat\/ca\/#\/schema\/logo\/image\/\",\"url\":\"https:\/\/cdn.omnium.cat\/wp-content\/uploads\/2019\/06\/01112517\/cropped-omnium_logo-1.png\",\"contentUrl\":\"https:\/\/cdn.omnium.cat\/wp-content\/uploads\/2019\/06\/01112517\/cropped-omnium_logo-1.png\",\"width\":1213,\"height\":262,\"caption\":\"\u00d2mnium Cultural\"},\"image\":{\"@id\":\"https:\/\/www.omnium.cat\/ca\/#\/schema\/logo\/image\/\"},\"sameAs\":[\"https:\/\/www.facebook.com\/omniumcultural\",\"https:\/\/x.com\/omnium\",\"https:\/\/www.instagram.com\/omniumcultural\/\",\"https:\/\/www.youtube.com\/user\/omniumcultural\"]},{\"@type\":\"Person\",\"@id\":\"https:\/\/www.omnium.cat\/ca\/#\/schema\/person\/93b5a059e5649ba2eb5c9d408006e601\",\"name\":\"Marce Cardoso\",\"image\":{\"@type\":\"ImageObject\",\"inLanguage\":\"ca\",\"@id\":\"https:\/\/secure.gravatar.com\/avatar\/9e6fe25a46c2bc959cf1c05da0de1544d55f5005846688e106f17271f04b10ef?s=96&d=mm&r=g\",\"url\":\"https:\/\/secure.gravatar.com\/avatar\/9e6fe25a46c2bc959cf1c05da0de1544d55f5005846688e106f17271f04b10ef?s=96&d=mm&r=g\",\"contentUrl\":\"https:\/\/secure.gravatar.com\/avatar\/9e6fe25a46c2bc959cf1c05da0de1544d55f5005846688e106f17271f04b10ef?s=96&d=mm&r=g\",\"caption\":\"Marce Cardoso\"}}]}<\/script>\n<!-- \/ Yoast SEO plugin. -->","yoast_head_json":{"title":"El Pla de Montserrat celebra la Flama del Canig\u00f3 2025 - \u00d2mnium Cultural","robots":{"index":"index","follow":"follow","max-snippet":"max-snippet:-1","max-image-preview":"max-image-preview:large","max-video-preview":"max-video-preview:-1"},"canonical":"https:\/\/www.omnium.cat\/ca\/el-pla-de-montserrat-celebra-la-flama-del-canigo-2025\/","twitter_misc":{"Escrit per":"Marce Cardoso","Temps estimat de lectura":"3 minuts"},"schema":{"@context":"https:\/\/schema.org","@graph":[{"@type":"Article","@id":"https:\/\/www.omnium.cat\/ca\/el-pla-de-montserrat-celebra-la-flama-del-canigo-2025\/#article","isPartOf":{"@id":"https:\/\/www.omnium.cat\/ca\/el-pla-de-montserrat-celebra-la-flama-del-canigo-2025\/"},"author":{"name":"Marce Cardoso","@id":"https:\/\/www.omnium.cat\/ca\/#\/schema\/person\/93b5a059e5649ba2eb5c9d408006e601"},"headline":"El Pla de Montserrat celebra la Flama del Canig\u00f3 2025","datePublished":"2025-06-13T06:49:09+00:00","dateModified":"2025-06-19T15:14:50+00:00","mainEntityOfPage":{"@id":"https:\/\/www.omnium.cat\/ca\/el-pla-de-montserrat-celebra-la-flama-del-canigo-2025\/"},"wordCount":518,"publisher":{"@id":"https:\/\/www.omnium.cat\/ca\/#organization"},"image":{"@id":"https:\/\/www.omnium.cat\/ca\/el-pla-de-montserrat-celebra-la-flama-del-canigo-2025\/#primaryimage"},"thumbnailUrl":"https:\/\/cdn.omnium.cat\/wp-content\/uploads\/2025\/06\/17163647\/PLADM.portada_LAFLAMA2025.png","keywords":["Abrera","Castellv\u00ed de Rosanes","Collbat\u00f3","Esparreguera","Martorell","Olesa de Montserrat","\u00d2mnium Pla de Montserrat","Sant Andreu de la Barca","Sant Esteve Sesrovires"],"articleSection":["Uncategorized @oc"],"inLanguage":"ca"},{"@type":"WebPage","@id":"https:\/\/www.omnium.cat\/ca\/el-pla-de-montserrat-celebra-la-flama-del-canigo-2025\/","url":"https:\/\/www.omnium.cat\/ca\/el-pla-de-montserrat-celebra-la-flama-del-canigo-2025\/","name":"El Pla de Montserrat celebra la Flama del Canig\u00f3 2025 - \u00d2mnium Cultural","isPartOf":{"@id":"https:\/\/www.omnium.cat\/ca\/#website"},"primaryImageOfPage":{"@id":"https:\/\/www.omnium.cat\/ca\/el-pla-de-montserrat-celebra-la-flama-del-canigo-2025\/#primaryimage"},"image":{"@id":"https:\/\/www.omnium.cat\/ca\/el-pla-de-montserrat-celebra-la-flama-del-canigo-2025\/#primaryimage"},"thumbnailUrl":"https:\/\/cdn.omnium.cat\/wp-content\/uploads\/2025\/06\/17163647\/PLADM.portada_LAFLAMA2025.png","datePublished":"2025-06-13T06:49:09+00:00","dateModified":"2025-06-19T15:14:50+00:00","breadcrumb":{"@id":"https:\/\/www.omnium.cat\/ca\/el-pla-de-montserrat-celebra-la-flama-del-canigo-2025\/#breadcrumb"},"inLanguage":"ca","potentialAction":[{"@type":"ReadAction","target":["https:\/\/www.omnium.cat\/ca\/el-pla-de-montserrat-celebra-la-flama-del-canigo-2025\/"]}]},{"@type":"ImageObject","inLanguage":"ca","@id":"https:\/\/www.omnium.cat\/ca\/el-pla-de-montserrat-celebra-la-flama-del-canigo-2025\/#primaryimage","url":"https:\/\/cdn.omnium.cat\/wp-content\/uploads\/2025\/06\/17163647\/PLADM.portada_LAFLAMA2025.png","contentUrl":"https:\/\/cdn.omnium.cat\/wp-content\/uploads\/2025\/06\/17163647\/PLADM.portada_LAFLAMA2025.png","width":1455,"height":792},{"@type":"BreadcrumbList","@id":"https:\/\/www.omnium.cat\/ca\/el-pla-de-montserrat-celebra-la-flama-del-canigo-2025\/#breadcrumb","itemListElement":[{"@type":"ListItem","position":1,"name":"Inici","item":"https:\/\/www.omnium.cat\/ca\/"},{"@type":"ListItem","position":2,"name":"El Pla de Montserrat celebra la Flama del Canig\u00f3 2025"}]},{"@type":"WebSite","@id":"https:\/\/www.omnium.cat\/ca\/#website","url":"https:\/\/www.omnium.cat\/ca\/","name":"\u00d2mnium Cultural","description":"Llengua Cultura Pa\u00eds","publisher":{"@id":"https:\/\/www.omnium.cat\/ca\/#organization"},"potentialAction":[{"@type":"SearchAction","target":{"@type":"EntryPoint","urlTemplate":"https:\/\/www.omnium.cat\/ca\/?s={search_term_string}"},"query-input":{"@type":"PropertyValueSpecification","valueRequired":true,"valueName":"search_term_string"}}],"inLanguage":"ca"},{"@type":"Organization","@id":"https:\/\/www.omnium.cat\/ca\/#organization","name":"\u00d2mnium Cultural","url":"https:\/\/www.omnium.cat\/ca\/","logo":{"@type":"ImageObject","inLanguage":"ca","@id":"https:\/\/www.omnium.cat\/ca\/#\/schema\/logo\/image\/","url":"https:\/\/cdn.omnium.cat\/wp-content\/uploads\/2019\/06\/01112517\/cropped-omnium_logo-1.png","contentUrl":"https:\/\/cdn.omnium.cat\/wp-content\/uploads\/2019\/06\/01112517\/cropped-omnium_logo-1.png","width":1213,"height":262,"caption":"\u00d2mnium Cultural"},"image":{"@id":"https:\/\/www.omnium.cat\/ca\/#\/schema\/logo\/image\/"},"sameAs":["https:\/\/www.facebook.com\/omniumcultural","https:\/\/x.com\/omnium","https:\/\/www.instagram.com\/omniumcultural\/","https:\/\/www.youtube.com\/user\/omniumcultural"]},{"@type":"Person","@id":"https:\/\/www.omnium.cat\/ca\/#\/schema\/person\/93b5a059e5649ba2eb5c9d408006e601","name":"Marce Cardoso","image":{"@type":"ImageObject","inLanguage":"ca","@id":"https:\/\/secure.gravatar.com\/avatar\/9e6fe25a46c2bc959cf1c05da0de1544d55f5005846688e106f17271f04b10ef?s=96&d=mm&r=g","url":"https:\/\/secure.gravatar.com\/avatar\/9e6fe25a46c2bc959cf1c05da0de1544d55f5005846688e106f17271f04b10ef?s=96&d=mm&r=g","contentUrl":"https:\/\/secure.gravatar.com\/avatar\/9e6fe25a46c2bc959cf1c05da0de1544d55f5005846688e106f17271f04b10ef?s=96&d=mm&r=g","caption":"Marce Cardoso"}}]}},"_links":{"self":[{"href":"https:\/\/www.omnium.cat\/ca\/wp-json\/wp\/v2\/posts\/438923","targetHints":{"allow":["GET"]}}],"collection":[{"href":"https:\/\/www.omnium.cat\/ca\/wp-json\/wp\/v2\/posts"}],"about":[{"href":"https:\/\/www.omnium.cat\/ca\/wp-json\/wp\/v2\/types\/post"}],"author":[{"embeddable":true,"href":"https:\/\/www.omnium.cat\/ca\/wp-json\/wp\/v2\/users\/67"}],"replies":[{"embeddable":true,"href":"https:\/\/www.omnium.cat\/ca\/wp-json\/wp\/v2\/comments?post=438923"}],"version-history":[{"count":12,"href":"https:\/\/www.omnium.cat\/ca\/wp-json\/wp\/v2\/posts\/438923\/revisions"}],"predecessor-version":[{"id":439420,"href":"https:\/\/www.omnium.cat\/ca\/wp-json\/wp\/v2\/posts\/438923\/revisions\/439420"}],"wp:featuredmedia":[{"embeddable":true,"href":"https:\/\/www.omnium.cat\/ca\/wp-json\/wp\/v2\/media\/439234"}],"wp:attachment":[{"href":"https:\/\/www.omnium.cat\/ca\/wp-json\/wp\/v2\/media?parent=438923"}],"wp:term":[{"taxonomy":"category","embeddable":true,"href":"https:\/\/www.omnium.cat\/ca\/wp-json\/wp\/v2\/categories?post=438923"},{"taxonomy":"post_tag","embeddable":true,"href":"https:\/\/www.omnium.cat\/ca\/wp-json\/wp\/v2\/tags?post=438923"},{"taxonomy":"post_headquarter","embeddable":true,"href":"https:\/\/www.omnium.cat\/ca\/wp-json\/wp\/v2\/post_headquarter?post=438923"},{"taxonomy":"post_project","embeddable":true,"href":"https:\/\/www.omnium.cat\/ca\/wp-json\/wp\/v2\/post_project?post=438923"}],"curies":[{"name":"wp","href":"https:\/\/api.w.org\/{rel}","templated":true}]}}