{"id":450802,"date":"2026-02-17T10:04:50","date_gmt":"2026-02-17T09:04:50","guid":{"rendered":"https:\/\/www.omnium.cat\/?p=450802"},"modified":"2026-02-18T11:29:53","modified_gmt":"2026-02-18T10:29:53","slug":"10-anys-sense-muriel-casals","status":"publish","type":"post","link":"https:\/\/www.omnium.cat\/ca\/10-anys-sense-muriel-casals\/","title":{"rendered":"10 anys sense Muriel Casals"},"content":{"rendered":"\n<p>Dissabte 14 de febrer vam recordar l&#8217;estimada i enyorada Muriel Casals en el 10\u00e8 aniversari de la seva mort. Ens vam trobar al Cementiri de la Bisbal d&#8217;Empord\u00e0 per fer-li una ofrena floral i vam acompanyar el moment amb m\u00fasica en directe.\u00a0<\/p>\n<p>\u00a0<\/p>\n<p>\u00a0<\/p>\n\n\n\n<figure class=\"wp-block-gallery has-nested-images columns-default is-cropped wp-block-gallery-2 is-layout-flex wp-block-gallery-is-layout-flex\">\n<figure class=\"wp-block-image size-large\"><img fetchpriority=\"high\" decoding=\"async\" width=\"1024\" height=\"682\" data-id=\"450809\" src=\"https:\/\/cdn.omnium.cat\/wp-content\/uploads\/2026\/02\/17100417\/5809897567083498895-1024x682.jpg\" alt=\"\" class=\"wp-image-450809\" srcset=\"https:\/\/cdn.omnium.cat\/wp-content\/uploads\/2026\/02\/17100417\/5809897567083498895-1024x682.jpg 1024w, https:\/\/cdn.omnium.cat\/wp-content\/uploads\/2026\/02\/17100417\/5809897567083498895-300x200.jpg 300w, https:\/\/cdn.omnium.cat\/wp-content\/uploads\/2026\/02\/17100417\/5809897567083498895-768x512.jpg 768w, https:\/\/cdn.omnium.cat\/wp-content\/uploads\/2026\/02\/17100417\/5809897567083498895.jpg 1280w\" sizes=\"(max-width: 1024px) 100vw, 1024px\" \/><\/figure>\n\n\n\n<figure class=\"wp-block-image size-large\"><img decoding=\"async\" width=\"1024\" height=\"682\" data-id=\"450807\" src=\"https:\/\/cdn.omnium.cat\/wp-content\/uploads\/2026\/02\/17100417\/5800950845263252959-1024x682.jpg\" alt=\"\" class=\"wp-image-450807\" srcset=\"https:\/\/cdn.omnium.cat\/wp-content\/uploads\/2026\/02\/17100417\/5800950845263252959-1024x682.jpg 1024w, https:\/\/cdn.omnium.cat\/wp-content\/uploads\/2026\/02\/17100417\/5800950845263252959-300x200.jpg 300w, https:\/\/cdn.omnium.cat\/wp-content\/uploads\/2026\/02\/17100417\/5800950845263252959-768x512.jpg 768w, https:\/\/cdn.omnium.cat\/wp-content\/uploads\/2026\/02\/17100417\/5800950845263252959.jpg 1280w\" sizes=\"(max-width: 1024px) 100vw, 1024px\" \/><\/figure>\n<\/figure>\n\n\n","protected":false},"excerpt":{"rendered":"<p>Dissabte 14 de febrer vam recordar l&#8217;estimada i enyorada Muriel Casals en el 10\u00e8 aniversari de la seva mort. Ens vam trobar al Cementiri de la Bisbal d&#8217;Empord\u00e0 per fer-li [&hellip;]<\/p>\n","protected":false},"author":286,"featured_media":450991,"comment_status":"closed","ping_status":"open","sticky":false,"template":"","format":"standard","meta":{"_acf_changed":false,"footnotes":""},"categories":[1],"tags":[],"post_headquarter":[1782],"post_project":[],"class_list":["post-450802","post","type-post","status-publish","format-standard","has-post-thumbnail","hentry","category-uncategorized-ca","post_headquarter-baix-emporda"],"acf":[],"yoast_head":"<!-- This site is optimized with the Yoast SEO plugin v27.2 - https:\/\/yoast.com\/product\/yoast-seo-wordpress\/ -->\n<title>10 anys sense Muriel Casals - \u00d2mnium Cultural<\/title>\n<meta name=\"robots\" content=\"index, follow, max-snippet:-1, max-image-preview:large, max-video-preview:-1\" \/>\n<link rel=\"canonical\" href=\"https:\/\/www.omnium.cat\/ca\/10-anys-sense-muriel-casals\/\" \/>\n<meta name=\"twitter:label1\" content=\"Escrit per\" \/>\n\t<meta name=\"twitter:data1\" content=\"Txell Garcia\" \/>\n\t<meta name=\"twitter:label2\" content=\"Temps estimat de lectura\" \/>\n\t<meta name=\"twitter:data2\" content=\"1 minut\" \/>\n<script type=\"application\/ld+json\" class=\"yoast-schema-graph\">{\"@context\":\"https:\/\/schema.org\",\"@graph\":[{\"@type\":\"Article\",\"@id\":\"https:\/\/www.omnium.cat\/ca\/10-anys-sense-muriel-casals\/#article\",\"isPartOf\":{\"@id\":\"https:\/\/www.omnium.cat\/ca\/10-anys-sense-muriel-casals\/\"},\"author\":{\"name\":\"Txell Garcia\",\"@id\":\"https:\/\/www.omnium.cat\/ca\/#\/schema\/person\/3e639a68d92a08a5ee3d59c1063dd699\"},\"headline\":\"10 anys sense Muriel Casals\",\"datePublished\":\"2026-02-17T09:04:50+00:00\",\"dateModified\":\"2026-02-18T10:29:53+00:00\",\"mainEntityOfPage\":{\"@id\":\"https:\/\/www.omnium.cat\/ca\/10-anys-sense-muriel-casals\/\"},\"wordCount\":47,\"publisher\":{\"@id\":\"https:\/\/www.omnium.cat\/ca\/#organization\"},\"image\":{\"@id\":\"https:\/\/www.omnium.cat\/ca\/10-anys-sense-muriel-casals\/#primaryimage\"},\"thumbnailUrl\":\"https:\/\/cdn.omnium.cat\/wp-content\/uploads\/2026\/02\/18112826\/muriel.webp\",\"articleSection\":[\"Uncategorized @oc\"],\"inLanguage\":\"ca\"},{\"@type\":\"WebPage\",\"@id\":\"https:\/\/www.omnium.cat\/ca\/10-anys-sense-muriel-casals\/\",\"url\":\"https:\/\/www.omnium.cat\/ca\/10-anys-sense-muriel-casals\/\",\"name\":\"10 anys sense Muriel Casals - \u00d2mnium Cultural\",\"isPartOf\":{\"@id\":\"https:\/\/www.omnium.cat\/ca\/#website\"},\"primaryImageOfPage\":{\"@id\":\"https:\/\/www.omnium.cat\/ca\/10-anys-sense-muriel-casals\/#primaryimage\"},\"image\":{\"@id\":\"https:\/\/www.omnium.cat\/ca\/10-anys-sense-muriel-casals\/#primaryimage\"},\"thumbnailUrl\":\"https:\/\/cdn.omnium.cat\/wp-content\/uploads\/2026\/02\/18112826\/muriel.webp\",\"datePublished\":\"2026-02-17T09:04:50+00:00\",\"dateModified\":\"2026-02-18T10:29:53+00:00\",\"breadcrumb\":{\"@id\":\"https:\/\/www.omnium.cat\/ca\/10-anys-sense-muriel-casals\/#breadcrumb\"},\"inLanguage\":\"ca\",\"potentialAction\":[{\"@type\":\"ReadAction\",\"target\":[\"https:\/\/www.omnium.cat\/ca\/10-anys-sense-muriel-casals\/\"]}]},{\"@type\":\"ImageObject\",\"inLanguage\":\"ca\",\"@id\":\"https:\/\/www.omnium.cat\/ca\/10-anys-sense-muriel-casals\/#primaryimage\",\"url\":\"https:\/\/cdn.omnium.cat\/wp-content\/uploads\/2026\/02\/18112826\/muriel.webp\",\"contentUrl\":\"https:\/\/cdn.omnium.cat\/wp-content\/uploads\/2026\/02\/18112826\/muriel.webp\",\"width\":1200,\"height\":675},{\"@type\":\"BreadcrumbList\",\"@id\":\"https:\/\/www.omnium.cat\/ca\/10-anys-sense-muriel-casals\/#breadcrumb\",\"itemListElement\":[{\"@type\":\"ListItem\",\"position\":1,\"name\":\"Inici\",\"item\":\"https:\/\/www.omnium.cat\/ca\/\"},{\"@type\":\"ListItem\",\"position\":2,\"name\":\"10 anys sense Muriel Casals\"}]},{\"@type\":\"WebSite\",\"@id\":\"https:\/\/www.omnium.cat\/ca\/#website\",\"url\":\"https:\/\/www.omnium.cat\/ca\/\",\"name\":\"\u00d2mnium Cultural\",\"description\":\"Llengua Cultura Pa\u00eds\",\"publisher\":{\"@id\":\"https:\/\/www.omnium.cat\/ca\/#organization\"},\"potentialAction\":[{\"@type\":\"SearchAction\",\"target\":{\"@type\":\"EntryPoint\",\"urlTemplate\":\"https:\/\/www.omnium.cat\/ca\/?s={search_term_string}\"},\"query-input\":{\"@type\":\"PropertyValueSpecification\",\"valueRequired\":true,\"valueName\":\"search_term_string\"}}],\"inLanguage\":\"ca\"},{\"@type\":\"Organization\",\"@id\":\"https:\/\/www.omnium.cat\/ca\/#organization\",\"name\":\"\u00d2mnium Cultural\",\"url\":\"https:\/\/www.omnium.cat\/ca\/\",\"logo\":{\"@type\":\"ImageObject\",\"inLanguage\":\"ca\",\"@id\":\"https:\/\/www.omnium.cat\/ca\/#\/schema\/logo\/image\/\",\"url\":\"https:\/\/cdn.omnium.cat\/wp-content\/uploads\/2019\/06\/01112517\/cropped-omnium_logo-1.png\",\"contentUrl\":\"https:\/\/cdn.omnium.cat\/wp-content\/uploads\/2019\/06\/01112517\/cropped-omnium_logo-1.png\",\"width\":1213,\"height\":262,\"caption\":\"\u00d2mnium Cultural\"},\"image\":{\"@id\":\"https:\/\/www.omnium.cat\/ca\/#\/schema\/logo\/image\/\"},\"sameAs\":[\"https:\/\/www.facebook.com\/omniumcultural\",\"https:\/\/x.com\/omnium\",\"https:\/\/www.instagram.com\/omniumcultural\/\",\"https:\/\/www.youtube.com\/user\/omniumcultural\"]},{\"@type\":\"Person\",\"@id\":\"https:\/\/www.omnium.cat\/ca\/#\/schema\/person\/3e639a68d92a08a5ee3d59c1063dd699\",\"name\":\"Txell Garcia\",\"image\":{\"@type\":\"ImageObject\",\"inLanguage\":\"ca\",\"@id\":\"https:\/\/secure.gravatar.com\/avatar\/84166707ac87493960d96de9539868b365a066c8c1f72018ef1385761fda7061?s=96&d=mm&r=g\",\"url\":\"https:\/\/secure.gravatar.com\/avatar\/84166707ac87493960d96de9539868b365a066c8c1f72018ef1385761fda7061?s=96&d=mm&r=g\",\"contentUrl\":\"https:\/\/secure.gravatar.com\/avatar\/84166707ac87493960d96de9539868b365a066c8c1f72018ef1385761fda7061?s=96&d=mm&r=g\",\"caption\":\"Txell Garcia\"}}]}<\/script>\n<!-- \/ Yoast SEO plugin. -->","yoast_head_json":{"title":"10 anys sense Muriel Casals - \u00d2mnium Cultural","robots":{"index":"index","follow":"follow","max-snippet":"max-snippet:-1","max-image-preview":"max-image-preview:large","max-video-preview":"max-video-preview:-1"},"canonical":"https:\/\/www.omnium.cat\/ca\/10-anys-sense-muriel-casals\/","twitter_misc":{"Escrit per":"Txell Garcia","Temps estimat de lectura":"1 minut"},"schema":{"@context":"https:\/\/schema.org","@graph":[{"@type":"Article","@id":"https:\/\/www.omnium.cat\/ca\/10-anys-sense-muriel-casals\/#article","isPartOf":{"@id":"https:\/\/www.omnium.cat\/ca\/10-anys-sense-muriel-casals\/"},"author":{"name":"Txell Garcia","@id":"https:\/\/www.omnium.cat\/ca\/#\/schema\/person\/3e639a68d92a08a5ee3d59c1063dd699"},"headline":"10 anys sense Muriel Casals","datePublished":"2026-02-17T09:04:50+00:00","dateModified":"2026-02-18T10:29:53+00:00","mainEntityOfPage":{"@id":"https:\/\/www.omnium.cat\/ca\/10-anys-sense-muriel-casals\/"},"wordCount":47,"publisher":{"@id":"https:\/\/www.omnium.cat\/ca\/#organization"},"image":{"@id":"https:\/\/www.omnium.cat\/ca\/10-anys-sense-muriel-casals\/#primaryimage"},"thumbnailUrl":"https:\/\/cdn.omnium.cat\/wp-content\/uploads\/2026\/02\/18112826\/muriel.webp","articleSection":["Uncategorized @oc"],"inLanguage":"ca"},{"@type":"WebPage","@id":"https:\/\/www.omnium.cat\/ca\/10-anys-sense-muriel-casals\/","url":"https:\/\/www.omnium.cat\/ca\/10-anys-sense-muriel-casals\/","name":"10 anys sense Muriel Casals - \u00d2mnium Cultural","isPartOf":{"@id":"https:\/\/www.omnium.cat\/ca\/#website"},"primaryImageOfPage":{"@id":"https:\/\/www.omnium.cat\/ca\/10-anys-sense-muriel-casals\/#primaryimage"},"image":{"@id":"https:\/\/www.omnium.cat\/ca\/10-anys-sense-muriel-casals\/#primaryimage"},"thumbnailUrl":"https:\/\/cdn.omnium.cat\/wp-content\/uploads\/2026\/02\/18112826\/muriel.webp","datePublished":"2026-02-17T09:04:50+00:00","dateModified":"2026-02-18T10:29:53+00:00","breadcrumb":{"@id":"https:\/\/www.omnium.cat\/ca\/10-anys-sense-muriel-casals\/#breadcrumb"},"inLanguage":"ca","potentialAction":[{"@type":"ReadAction","target":["https:\/\/www.omnium.cat\/ca\/10-anys-sense-muriel-casals\/"]}]},{"@type":"ImageObject","inLanguage":"ca","@id":"https:\/\/www.omnium.cat\/ca\/10-anys-sense-muriel-casals\/#primaryimage","url":"https:\/\/cdn.omnium.cat\/wp-content\/uploads\/2026\/02\/18112826\/muriel.webp","contentUrl":"https:\/\/cdn.omnium.cat\/wp-content\/uploads\/2026\/02\/18112826\/muriel.webp","width":1200,"height":675},{"@type":"BreadcrumbList","@id":"https:\/\/www.omnium.cat\/ca\/10-anys-sense-muriel-casals\/#breadcrumb","itemListElement":[{"@type":"ListItem","position":1,"name":"Inici","item":"https:\/\/www.omnium.cat\/ca\/"},{"@type":"ListItem","position":2,"name":"10 anys sense Muriel Casals"}]},{"@type":"WebSite","@id":"https:\/\/www.omnium.cat\/ca\/#website","url":"https:\/\/www.omnium.cat\/ca\/","name":"\u00d2mnium Cultural","description":"Llengua Cultura Pa\u00eds","publisher":{"@id":"https:\/\/www.omnium.cat\/ca\/#organization"},"potentialAction":[{"@type":"SearchAction","target":{"@type":"EntryPoint","urlTemplate":"https:\/\/www.omnium.cat\/ca\/?s={search_term_string}"},"query-input":{"@type":"PropertyValueSpecification","valueRequired":true,"valueName":"search_term_string"}}],"inLanguage":"ca"},{"@type":"Organization","@id":"https:\/\/www.omnium.cat\/ca\/#organization","name":"\u00d2mnium Cultural","url":"https:\/\/www.omnium.cat\/ca\/","logo":{"@type":"ImageObject","inLanguage":"ca","@id":"https:\/\/www.omnium.cat\/ca\/#\/schema\/logo\/image\/","url":"https:\/\/cdn.omnium.cat\/wp-content\/uploads\/2019\/06\/01112517\/cropped-omnium_logo-1.png","contentUrl":"https:\/\/cdn.omnium.cat\/wp-content\/uploads\/2019\/06\/01112517\/cropped-omnium_logo-1.png","width":1213,"height":262,"caption":"\u00d2mnium Cultural"},"image":{"@id":"https:\/\/www.omnium.cat\/ca\/#\/schema\/logo\/image\/"},"sameAs":["https:\/\/www.facebook.com\/omniumcultural","https:\/\/x.com\/omnium","https:\/\/www.instagram.com\/omniumcultural\/","https:\/\/www.youtube.com\/user\/omniumcultural"]},{"@type":"Person","@id":"https:\/\/www.omnium.cat\/ca\/#\/schema\/person\/3e639a68d92a08a5ee3d59c1063dd699","name":"Txell Garcia","image":{"@type":"ImageObject","inLanguage":"ca","@id":"https:\/\/secure.gravatar.com\/avatar\/84166707ac87493960d96de9539868b365a066c8c1f72018ef1385761fda7061?s=96&d=mm&r=g","url":"https:\/\/secure.gravatar.com\/avatar\/84166707ac87493960d96de9539868b365a066c8c1f72018ef1385761fda7061?s=96&d=mm&r=g","contentUrl":"https:\/\/secure.gravatar.com\/avatar\/84166707ac87493960d96de9539868b365a066c8c1f72018ef1385761fda7061?s=96&d=mm&r=g","caption":"Txell Garcia"}}]}},"_links":{"self":[{"href":"https:\/\/www.omnium.cat\/ca\/wp-json\/wp\/v2\/posts\/450802","targetHints":{"allow":["GET"]}}],"collection":[{"href":"https:\/\/www.omnium.cat\/ca\/wp-json\/wp\/v2\/posts"}],"about":[{"href":"https:\/\/www.omnium.cat\/ca\/wp-json\/wp\/v2\/types\/post"}],"author":[{"embeddable":true,"href":"https:\/\/www.omnium.cat\/ca\/wp-json\/wp\/v2\/users\/286"}],"replies":[{"embeddable":true,"href":"https:\/\/www.omnium.cat\/ca\/wp-json\/wp\/v2\/comments?post=450802"}],"version-history":[{"count":1,"href":"https:\/\/www.omnium.cat\/ca\/wp-json\/wp\/v2\/posts\/450802\/revisions"}],"predecessor-version":[{"id":450815,"href":"https:\/\/www.omnium.cat\/ca\/wp-json\/wp\/v2\/posts\/450802\/revisions\/450815"}],"wp:featuredmedia":[{"embeddable":true,"href":"https:\/\/www.omnium.cat\/ca\/wp-json\/wp\/v2\/media\/450991"}],"wp:attachment":[{"href":"https:\/\/www.omnium.cat\/ca\/wp-json\/wp\/v2\/media?parent=450802"}],"wp:term":[{"taxonomy":"category","embeddable":true,"href":"https:\/\/www.omnium.cat\/ca\/wp-json\/wp\/v2\/categories?post=450802"},{"taxonomy":"post_tag","embeddable":true,"href":"https:\/\/www.omnium.cat\/ca\/wp-json\/wp\/v2\/tags?post=450802"},{"taxonomy":"post_headquarter","embeddable":true,"href":"https:\/\/www.omnium.cat\/ca\/wp-json\/wp\/v2\/post_headquarter?post=450802"},{"taxonomy":"post_project","embeddable":true,"href":"https:\/\/www.omnium.cat\/ca\/wp-json\/wp\/v2\/post_project?post=450802"}],"curies":[{"name":"wp","href":"https:\/\/api.w.org\/{rel}","templated":true}]}}