{"id":450816,"date":"2026-02-18T11:06:35","date_gmt":"2026-02-18T10:06:35","guid":{"rendered":"https:\/\/www.omnium.cat\/?p=450816"},"modified":"2026-02-18T11:17:40","modified_gmt":"2026-02-18T10:17:40","slug":"omnium-cultural-presenta-el-cavaller-floid","status":"publish","type":"post","link":"https:\/\/www.omnium.cat\/ca\/omnium-cultural-presenta-el-cavaller-floid\/","title":{"rendered":"\u00d2mnium Cultural presenta El cavaller Flo\u00efd"},"content":{"rendered":"\n\n\n<p>Divendres 13 va tenir lloc la presentaci\u00f3 del llibre El cavaller Flo\u00efd, de Gen\u00eds Sinca. Redescobrir personatges hist\u00f2rics ens dona una millor perspectiva de la nostra realitat. Gen\u00eds Sinca ens va presentar la biografia de Joan B. Cendr\u00f3s, un dels cinc fundadors d&#8217;\u00d2mnium Cultural. Tamb\u00e9 vam poder comptar amb la pres\u00e8ncia de Laura Cendr\u00f3s, membre de la junta directiva d&#8217;\u00d2mnium Cultural i filla de Joan B. Cendr\u00f3s.\u00a0<\/p>\n<p>Gr\u00e0cies a tots els que vau venir.\u00a0<\/p>\n<p>\u00a0<\/p>\n\n\n\n<figure class=\"wp-block-gallery has-nested-images columns-default is-cropped wp-block-gallery-2 is-layout-flex wp-block-gallery-is-layout-flex\">\n<figure class=\"wp-block-image size-large\"><img fetchpriority=\"high\" decoding=\"async\" width=\"1024\" height=\"682\" data-id=\"450837\" src=\"https:\/\/cdn.omnium.cat\/wp-content\/uploads\/2026\/02\/17101413\/5800950845263252937-1-1-1024x682.jpg\" alt=\"\" class=\"wp-image-450837\" srcset=\"https:\/\/cdn.omnium.cat\/wp-content\/uploads\/2026\/02\/17101413\/5800950845263252937-1-1-1024x682.jpg 1024w, https:\/\/cdn.omnium.cat\/wp-content\/uploads\/2026\/02\/17101413\/5800950845263252937-1-1-300x200.jpg 300w, https:\/\/cdn.omnium.cat\/wp-content\/uploads\/2026\/02\/17101413\/5800950845263252937-1-1-768x512.jpg 768w, https:\/\/cdn.omnium.cat\/wp-content\/uploads\/2026\/02\/17101413\/5800950845263252937-1-1.jpg 1280w\" sizes=\"(max-width: 1024px) 100vw, 1024px\" \/><\/figure>\n\n\n\n<figure class=\"wp-block-image size-large\"><img decoding=\"async\" width=\"1024\" height=\"682\" data-id=\"450841\" src=\"https:\/\/cdn.omnium.cat\/wp-content\/uploads\/2026\/02\/17101414\/5800950845263252934-1-1024x682.jpg\" alt=\"\" class=\"wp-image-450841\" srcset=\"https:\/\/cdn.omnium.cat\/wp-content\/uploads\/2026\/02\/17101414\/5800950845263252934-1-1024x682.jpg 1024w, https:\/\/cdn.omnium.cat\/wp-content\/uploads\/2026\/02\/17101414\/5800950845263252934-1-300x200.jpg 300w, https:\/\/cdn.omnium.cat\/wp-content\/uploads\/2026\/02\/17101414\/5800950845263252934-1-768x512.jpg 768w, https:\/\/cdn.omnium.cat\/wp-content\/uploads\/2026\/02\/17101414\/5800950845263252934-1.jpg 1280w\" sizes=\"(max-width: 1024px) 100vw, 1024px\" \/><\/figure>\n\n\n\n<figure class=\"wp-block-image size-large\"><img decoding=\"async\" width=\"1024\" height=\"682\" data-id=\"450845\" src=\"https:\/\/cdn.omnium.cat\/wp-content\/uploads\/2026\/02\/17101417\/5800950845263252936-1-1024x682.jpg\" alt=\"\" class=\"wp-image-450845\" srcset=\"https:\/\/cdn.omnium.cat\/wp-content\/uploads\/2026\/02\/17101417\/5800950845263252936-1-1024x682.jpg 1024w, https:\/\/cdn.omnium.cat\/wp-content\/uploads\/2026\/02\/17101417\/5800950845263252936-1-300x200.jpg 300w, https:\/\/cdn.omnium.cat\/wp-content\/uploads\/2026\/02\/17101417\/5800950845263252936-1-768x512.jpg 768w, https:\/\/cdn.omnium.cat\/wp-content\/uploads\/2026\/02\/17101417\/5800950845263252936-1.jpg 1280w\" sizes=\"(max-width: 1024px) 100vw, 1024px\" \/><\/figure>\n\n\n\n<figure class=\"wp-block-image size-large\"><img loading=\"lazy\" decoding=\"async\" width=\"1024\" height=\"682\" data-id=\"450853\" src=\"https:\/\/cdn.omnium.cat\/wp-content\/uploads\/2026\/02\/17101421\/5800950845263252947-1-1-1024x682.jpg\" alt=\"\" class=\"wp-image-450853\" srcset=\"https:\/\/cdn.omnium.cat\/wp-content\/uploads\/2026\/02\/17101421\/5800950845263252947-1-1-1024x682.jpg 1024w, https:\/\/cdn.omnium.cat\/wp-content\/uploads\/2026\/02\/17101421\/5800950845263252947-1-1-300x200.jpg 300w, https:\/\/cdn.omnium.cat\/wp-content\/uploads\/2026\/02\/17101421\/5800950845263252947-1-1-768x512.jpg 768w, https:\/\/cdn.omnium.cat\/wp-content\/uploads\/2026\/02\/17101421\/5800950845263252947-1-1.jpg 1280w\" sizes=\"(max-width: 1024px) 100vw, 1024px\" \/><\/figure>\n\n\n\n<figure class=\"wp-block-image size-large\"><img loading=\"lazy\" decoding=\"async\" width=\"1024\" height=\"682\" data-id=\"450857\" src=\"https:\/\/cdn.omnium.cat\/wp-content\/uploads\/2026\/02\/17101421\/5800950845263252949-1-1024x682.jpg\" alt=\"\" class=\"wp-image-450857\" srcset=\"https:\/\/cdn.omnium.cat\/wp-content\/uploads\/2026\/02\/17101421\/5800950845263252949-1-1024x682.jpg 1024w, https:\/\/cdn.omnium.cat\/wp-content\/uploads\/2026\/02\/17101421\/5800950845263252949-1-300x200.jpg 300w, https:\/\/cdn.omnium.cat\/wp-content\/uploads\/2026\/02\/17101421\/5800950845263252949-1-768x512.jpg 768w, https:\/\/cdn.omnium.cat\/wp-content\/uploads\/2026\/02\/17101421\/5800950845263252949-1.jpg 1280w\" sizes=\"(max-width: 1024px) 100vw, 1024px\" \/><\/figure>\n<\/figure>\n\n\n\n<p>Fotografies d&#8217;Anna Pascual<\/p>\n","protected":false},"excerpt":{"rendered":"<p>Divendres 13 va tenir lloc la presentaci\u00f3 del llibre El cavaller Flo\u00efd, de Gen\u00eds Sinca. Redescobrir personatges hist\u00f2rics ens dona una millor perspectiva de la nostra realitat. Gen\u00eds Sinca ens [&hellip;]<\/p>\n","protected":false},"author":286,"featured_media":450829,"comment_status":"closed","ping_status":"open","sticky":false,"template":"","format":"standard","meta":{"_acf_changed":false,"footnotes":""},"categories":[1],"tags":[],"post_headquarter":[1782],"post_project":[],"class_list":["post-450816","post","type-post","status-publish","format-standard","has-post-thumbnail","hentry","category-uncategorized-ca","post_headquarter-baix-emporda"],"acf":[],"yoast_head":"<!-- This site is optimized with the Yoast SEO plugin v27.2 - https:\/\/yoast.com\/product\/yoast-seo-wordpress\/ -->\n<title>\u00d2mnium Cultural presenta El cavaller Flo\u00efd - \u00d2mnium Cultural<\/title>\n<meta name=\"robots\" content=\"index, follow, max-snippet:-1, max-image-preview:large, max-video-preview:-1\" \/>\n<link rel=\"canonical\" href=\"https:\/\/www.omnium.cat\/ca\/omnium-cultural-presenta-el-cavaller-floid\/\" \/>\n<meta name=\"twitter:label1\" content=\"Escrit per\" \/>\n\t<meta name=\"twitter:data1\" content=\"Txell Garcia\" \/>\n<script type=\"application\/ld+json\" class=\"yoast-schema-graph\">{\"@context\":\"https:\/\/schema.org\",\"@graph\":[{\"@type\":\"Article\",\"@id\":\"https:\/\/www.omnium.cat\/ca\/omnium-cultural-presenta-el-cavaller-floid\/#article\",\"isPartOf\":{\"@id\":\"https:\/\/www.omnium.cat\/ca\/omnium-cultural-presenta-el-cavaller-floid\/\"},\"author\":{\"name\":\"Txell Garcia\",\"@id\":\"https:\/\/www.omnium.cat\/ca\/#\/schema\/person\/3e639a68d92a08a5ee3d59c1063dd699\"},\"headline\":\"\u00d2mnium Cultural presenta El cavaller Flo\u00efd\",\"datePublished\":\"2026-02-18T10:06:35+00:00\",\"dateModified\":\"2026-02-18T10:17:40+00:00\",\"mainEntityOfPage\":{\"@id\":\"https:\/\/www.omnium.cat\/ca\/omnium-cultural-presenta-el-cavaller-floid\/\"},\"wordCount\":95,\"publisher\":{\"@id\":\"https:\/\/www.omnium.cat\/ca\/#organization\"},\"image\":{\"@id\":\"https:\/\/www.omnium.cat\/ca\/omnium-cultural-presenta-el-cavaller-floid\/#primaryimage\"},\"thumbnailUrl\":\"https:\/\/cdn.omnium.cat\/wp-content\/uploads\/2026\/02\/17101247\/5800950845263252947-1.jpg\",\"articleSection\":[\"Uncategorized @oc\"],\"inLanguage\":\"ca\"},{\"@type\":\"WebPage\",\"@id\":\"https:\/\/www.omnium.cat\/ca\/omnium-cultural-presenta-el-cavaller-floid\/\",\"url\":\"https:\/\/www.omnium.cat\/ca\/omnium-cultural-presenta-el-cavaller-floid\/\",\"name\":\"\u00d2mnium Cultural presenta El cavaller Flo\u00efd - \u00d2mnium Cultural\",\"isPartOf\":{\"@id\":\"https:\/\/www.omnium.cat\/ca\/#website\"},\"primaryImageOfPage\":{\"@id\":\"https:\/\/www.omnium.cat\/ca\/omnium-cultural-presenta-el-cavaller-floid\/#primaryimage\"},\"image\":{\"@id\":\"https:\/\/www.omnium.cat\/ca\/omnium-cultural-presenta-el-cavaller-floid\/#primaryimage\"},\"thumbnailUrl\":\"https:\/\/cdn.omnium.cat\/wp-content\/uploads\/2026\/02\/17101247\/5800950845263252947-1.jpg\",\"datePublished\":\"2026-02-18T10:06:35+00:00\",\"dateModified\":\"2026-02-18T10:17:40+00:00\",\"breadcrumb\":{\"@id\":\"https:\/\/www.omnium.cat\/ca\/omnium-cultural-presenta-el-cavaller-floid\/#breadcrumb\"},\"inLanguage\":\"ca\",\"potentialAction\":[{\"@type\":\"ReadAction\",\"target\":[\"https:\/\/www.omnium.cat\/ca\/omnium-cultural-presenta-el-cavaller-floid\/\"]}]},{\"@type\":\"ImageObject\",\"inLanguage\":\"ca\",\"@id\":\"https:\/\/www.omnium.cat\/ca\/omnium-cultural-presenta-el-cavaller-floid\/#primaryimage\",\"url\":\"https:\/\/cdn.omnium.cat\/wp-content\/uploads\/2026\/02\/17101247\/5800950845263252947-1.jpg\",\"contentUrl\":\"https:\/\/cdn.omnium.cat\/wp-content\/uploads\/2026\/02\/17101247\/5800950845263252947-1.jpg\",\"width\":1280,\"height\":853},{\"@type\":\"BreadcrumbList\",\"@id\":\"https:\/\/www.omnium.cat\/ca\/omnium-cultural-presenta-el-cavaller-floid\/#breadcrumb\",\"itemListElement\":[{\"@type\":\"ListItem\",\"position\":1,\"name\":\"Inici\",\"item\":\"https:\/\/www.omnium.cat\/ca\/\"},{\"@type\":\"ListItem\",\"position\":2,\"name\":\"\u00d2mnium Cultural presenta El cavaller Flo\u00efd\"}]},{\"@type\":\"WebSite\",\"@id\":\"https:\/\/www.omnium.cat\/ca\/#website\",\"url\":\"https:\/\/www.omnium.cat\/ca\/\",\"name\":\"\u00d2mnium Cultural\",\"description\":\"Llengua Cultura Pa\u00eds\",\"publisher\":{\"@id\":\"https:\/\/www.omnium.cat\/ca\/#organization\"},\"potentialAction\":[{\"@type\":\"SearchAction\",\"target\":{\"@type\":\"EntryPoint\",\"urlTemplate\":\"https:\/\/www.omnium.cat\/ca\/?s={search_term_string}\"},\"query-input\":{\"@type\":\"PropertyValueSpecification\",\"valueRequired\":true,\"valueName\":\"search_term_string\"}}],\"inLanguage\":\"ca\"},{\"@type\":\"Organization\",\"@id\":\"https:\/\/www.omnium.cat\/ca\/#organization\",\"name\":\"\u00d2mnium Cultural\",\"url\":\"https:\/\/www.omnium.cat\/ca\/\",\"logo\":{\"@type\":\"ImageObject\",\"inLanguage\":\"ca\",\"@id\":\"https:\/\/www.omnium.cat\/ca\/#\/schema\/logo\/image\/\",\"url\":\"https:\/\/cdn.omnium.cat\/wp-content\/uploads\/2019\/06\/01112517\/cropped-omnium_logo-1.png\",\"contentUrl\":\"https:\/\/cdn.omnium.cat\/wp-content\/uploads\/2019\/06\/01112517\/cropped-omnium_logo-1.png\",\"width\":1213,\"height\":262,\"caption\":\"\u00d2mnium Cultural\"},\"image\":{\"@id\":\"https:\/\/www.omnium.cat\/ca\/#\/schema\/logo\/image\/\"},\"sameAs\":[\"https:\/\/www.facebook.com\/omniumcultural\",\"https:\/\/x.com\/omnium\",\"https:\/\/www.instagram.com\/omniumcultural\/\",\"https:\/\/www.youtube.com\/user\/omniumcultural\"]},{\"@type\":\"Person\",\"@id\":\"https:\/\/www.omnium.cat\/ca\/#\/schema\/person\/3e639a68d92a08a5ee3d59c1063dd699\",\"name\":\"Txell Garcia\",\"image\":{\"@type\":\"ImageObject\",\"inLanguage\":\"ca\",\"@id\":\"https:\/\/secure.gravatar.com\/avatar\/84166707ac87493960d96de9539868b365a066c8c1f72018ef1385761fda7061?s=96&d=mm&r=g\",\"url\":\"https:\/\/secure.gravatar.com\/avatar\/84166707ac87493960d96de9539868b365a066c8c1f72018ef1385761fda7061?s=96&d=mm&r=g\",\"contentUrl\":\"https:\/\/secure.gravatar.com\/avatar\/84166707ac87493960d96de9539868b365a066c8c1f72018ef1385761fda7061?s=96&d=mm&r=g\",\"caption\":\"Txell Garcia\"}}]}<\/script>\n<!-- \/ Yoast SEO plugin. -->","yoast_head_json":{"title":"\u00d2mnium Cultural presenta El cavaller Flo\u00efd - \u00d2mnium Cultural","robots":{"index":"index","follow":"follow","max-snippet":"max-snippet:-1","max-image-preview":"max-image-preview:large","max-video-preview":"max-video-preview:-1"},"canonical":"https:\/\/www.omnium.cat\/ca\/omnium-cultural-presenta-el-cavaller-floid\/","twitter_misc":{"Escrit per":"Txell Garcia"},"schema":{"@context":"https:\/\/schema.org","@graph":[{"@type":"Article","@id":"https:\/\/www.omnium.cat\/ca\/omnium-cultural-presenta-el-cavaller-floid\/#article","isPartOf":{"@id":"https:\/\/www.omnium.cat\/ca\/omnium-cultural-presenta-el-cavaller-floid\/"},"author":{"name":"Txell Garcia","@id":"https:\/\/www.omnium.cat\/ca\/#\/schema\/person\/3e639a68d92a08a5ee3d59c1063dd699"},"headline":"\u00d2mnium Cultural presenta El cavaller Flo\u00efd","datePublished":"2026-02-18T10:06:35+00:00","dateModified":"2026-02-18T10:17:40+00:00","mainEntityOfPage":{"@id":"https:\/\/www.omnium.cat\/ca\/omnium-cultural-presenta-el-cavaller-floid\/"},"wordCount":95,"publisher":{"@id":"https:\/\/www.omnium.cat\/ca\/#organization"},"image":{"@id":"https:\/\/www.omnium.cat\/ca\/omnium-cultural-presenta-el-cavaller-floid\/#primaryimage"},"thumbnailUrl":"https:\/\/cdn.omnium.cat\/wp-content\/uploads\/2026\/02\/17101247\/5800950845263252947-1.jpg","articleSection":["Uncategorized @oc"],"inLanguage":"ca"},{"@type":"WebPage","@id":"https:\/\/www.omnium.cat\/ca\/omnium-cultural-presenta-el-cavaller-floid\/","url":"https:\/\/www.omnium.cat\/ca\/omnium-cultural-presenta-el-cavaller-floid\/","name":"\u00d2mnium Cultural presenta El cavaller Flo\u00efd - \u00d2mnium Cultural","isPartOf":{"@id":"https:\/\/www.omnium.cat\/ca\/#website"},"primaryImageOfPage":{"@id":"https:\/\/www.omnium.cat\/ca\/omnium-cultural-presenta-el-cavaller-floid\/#primaryimage"},"image":{"@id":"https:\/\/www.omnium.cat\/ca\/omnium-cultural-presenta-el-cavaller-floid\/#primaryimage"},"thumbnailUrl":"https:\/\/cdn.omnium.cat\/wp-content\/uploads\/2026\/02\/17101247\/5800950845263252947-1.jpg","datePublished":"2026-02-18T10:06:35+00:00","dateModified":"2026-02-18T10:17:40+00:00","breadcrumb":{"@id":"https:\/\/www.omnium.cat\/ca\/omnium-cultural-presenta-el-cavaller-floid\/#breadcrumb"},"inLanguage":"ca","potentialAction":[{"@type":"ReadAction","target":["https:\/\/www.omnium.cat\/ca\/omnium-cultural-presenta-el-cavaller-floid\/"]}]},{"@type":"ImageObject","inLanguage":"ca","@id":"https:\/\/www.omnium.cat\/ca\/omnium-cultural-presenta-el-cavaller-floid\/#primaryimage","url":"https:\/\/cdn.omnium.cat\/wp-content\/uploads\/2026\/02\/17101247\/5800950845263252947-1.jpg","contentUrl":"https:\/\/cdn.omnium.cat\/wp-content\/uploads\/2026\/02\/17101247\/5800950845263252947-1.jpg","width":1280,"height":853},{"@type":"BreadcrumbList","@id":"https:\/\/www.omnium.cat\/ca\/omnium-cultural-presenta-el-cavaller-floid\/#breadcrumb","itemListElement":[{"@type":"ListItem","position":1,"name":"Inici","item":"https:\/\/www.omnium.cat\/ca\/"},{"@type":"ListItem","position":2,"name":"\u00d2mnium Cultural presenta El cavaller Flo\u00efd"}]},{"@type":"WebSite","@id":"https:\/\/www.omnium.cat\/ca\/#website","url":"https:\/\/www.omnium.cat\/ca\/","name":"\u00d2mnium Cultural","description":"Llengua Cultura Pa\u00eds","publisher":{"@id":"https:\/\/www.omnium.cat\/ca\/#organization"},"potentialAction":[{"@type":"SearchAction","target":{"@type":"EntryPoint","urlTemplate":"https:\/\/www.omnium.cat\/ca\/?s={search_term_string}"},"query-input":{"@type":"PropertyValueSpecification","valueRequired":true,"valueName":"search_term_string"}}],"inLanguage":"ca"},{"@type":"Organization","@id":"https:\/\/www.omnium.cat\/ca\/#organization","name":"\u00d2mnium Cultural","url":"https:\/\/www.omnium.cat\/ca\/","logo":{"@type":"ImageObject","inLanguage":"ca","@id":"https:\/\/www.omnium.cat\/ca\/#\/schema\/logo\/image\/","url":"https:\/\/cdn.omnium.cat\/wp-content\/uploads\/2019\/06\/01112517\/cropped-omnium_logo-1.png","contentUrl":"https:\/\/cdn.omnium.cat\/wp-content\/uploads\/2019\/06\/01112517\/cropped-omnium_logo-1.png","width":1213,"height":262,"caption":"\u00d2mnium Cultural"},"image":{"@id":"https:\/\/www.omnium.cat\/ca\/#\/schema\/logo\/image\/"},"sameAs":["https:\/\/www.facebook.com\/omniumcultural","https:\/\/x.com\/omnium","https:\/\/www.instagram.com\/omniumcultural\/","https:\/\/www.youtube.com\/user\/omniumcultural"]},{"@type":"Person","@id":"https:\/\/www.omnium.cat\/ca\/#\/schema\/person\/3e639a68d92a08a5ee3d59c1063dd699","name":"Txell Garcia","image":{"@type":"ImageObject","inLanguage":"ca","@id":"https:\/\/secure.gravatar.com\/avatar\/84166707ac87493960d96de9539868b365a066c8c1f72018ef1385761fda7061?s=96&d=mm&r=g","url":"https:\/\/secure.gravatar.com\/avatar\/84166707ac87493960d96de9539868b365a066c8c1f72018ef1385761fda7061?s=96&d=mm&r=g","contentUrl":"https:\/\/secure.gravatar.com\/avatar\/84166707ac87493960d96de9539868b365a066c8c1f72018ef1385761fda7061?s=96&d=mm&r=g","caption":"Txell Garcia"}}]}},"_links":{"self":[{"href":"https:\/\/www.omnium.cat\/ca\/wp-json\/wp\/v2\/posts\/450816","targetHints":{"allow":["GET"]}}],"collection":[{"href":"https:\/\/www.omnium.cat\/ca\/wp-json\/wp\/v2\/posts"}],"about":[{"href":"https:\/\/www.omnium.cat\/ca\/wp-json\/wp\/v2\/types\/post"}],"author":[{"embeddable":true,"href":"https:\/\/www.omnium.cat\/ca\/wp-json\/wp\/v2\/users\/286"}],"replies":[{"embeddable":true,"href":"https:\/\/www.omnium.cat\/ca\/wp-json\/wp\/v2\/comments?post=450816"}],"version-history":[{"count":2,"href":"https:\/\/www.omnium.cat\/ca\/wp-json\/wp\/v2\/posts\/450816\/revisions"}],"predecessor-version":[{"id":450984,"href":"https:\/\/www.omnium.cat\/ca\/wp-json\/wp\/v2\/posts\/450816\/revisions\/450984"}],"wp:featuredmedia":[{"embeddable":true,"href":"https:\/\/www.omnium.cat\/ca\/wp-json\/wp\/v2\/media\/450829"}],"wp:attachment":[{"href":"https:\/\/www.omnium.cat\/ca\/wp-json\/wp\/v2\/media?parent=450816"}],"wp:term":[{"taxonomy":"category","embeddable":true,"href":"https:\/\/www.omnium.cat\/ca\/wp-json\/wp\/v2\/categories?post=450816"},{"taxonomy":"post_tag","embeddable":true,"href":"https:\/\/www.omnium.cat\/ca\/wp-json\/wp\/v2\/tags?post=450816"},{"taxonomy":"post_headquarter","embeddable":true,"href":"https:\/\/www.omnium.cat\/ca\/wp-json\/wp\/v2\/post_headquarter?post=450816"},{"taxonomy":"post_project","embeddable":true,"href":"https:\/\/www.omnium.cat\/ca\/wp-json\/wp\/v2\/post_project?post=450816"}],"curies":[{"name":"wp","href":"https:\/\/api.w.org\/{rel}","templated":true}]}}