{"id":450990,"date":"2026-02-23T18:38:08","date_gmt":"2026-02-23T17:38:08","guid":{"rendered":"https:\/\/www.omnium.cat\/?p=450990"},"modified":"2026-02-23T18:38:32","modified_gmt":"2026-02-23T17:38:32","slug":"omnium-pla-de-montserrat-celebra-lassemblea-general","status":"publish","type":"post","link":"https:\/\/www.omnium.cat\/ca\/omnium-pla-de-montserrat-celebra-lassemblea-general\/","title":{"rendered":"\u00d2mnium Pla de Montserrat celebra l&#8217;assemblea general"},"content":{"rendered":"\n<h4>Els socis i s\u00f2cies del Sant Andreu de la Barca, Martorell, Castellv\u00ed de Rosanes, Sant Esteve Sesrovires, Abrera, Olesa de Montserrat, Esparreguera i Collbat\u00f3 han estat convocats a l\u2019assemblea ordin\u00e0ria d\u2019\u00d2mnium Pla de Montserrat<\/h4>\n<p>L\u2019assemblea d\u2019<strong>\u00d2mnium Pla de Montserrat<\/strong> es far\u00e0 el <strong>dimecres 25<\/strong> de mar\u00e7 a les 18.30 h en primera convocat\u00f2ria i a les <strong>19 h<\/strong> en segona convocat\u00f2ria, a la Sala Petita del <strong>Teatre N\u00faria Espert<\/strong> (pl. Federico Garcia Lorca, 1 de Sant Andreu de la Barca. <a href=\"https:\/\/maps.app.goo.gl\/kkUi5sgY9vW8H5cPA\" target=\"_blank\" rel=\"noopener\"><span style=\"color: #0000ff\">Localitzaci\u00f3<\/span><\/a>).<\/p>\n<p>L\u2019assemblea s\u2019ha convocat amb el seg\u00fcent ordre del dia:<\/p>\n<ol>\n<li>Lectura i aprovaci\u00f3, si escau, de l&#8217;acta de l&#8217;assemblea anterior<\/li>\n<li>Presentaci\u00f3 de la mem\u00f2ria d\u2019activitats 2025<\/li>\n<li>Presentaci\u00f3 de candidatures i renovaci\u00f3 parcial de junta<\/li>\n<li>Pla de Treball per al 2026<\/li>\n<li>Pressupost per a l&#8217;exercici 2026<\/li>\n<li>Torn obert de paraules<\/li>\n<li>Cloenda a c\u00e0rrec d&#8217;un membre de la junta directiva d\u2019\u00d2mnium Cultural<\/li>\n<\/ol>\n<p>Us informem que enguany hi ha eleccions a la junta territorial, els c\u00e0rrecs a cobrir s\u00f3n:<\/p>\n<ul>\n<li>Presid\u00e8ncia<\/li>\n<li>Tresoreria<\/li>\n<li>Vocalia 1<\/li>\n<li>Vocalia 2<\/li>\n<li>Vocalia 3<\/li>\n<li>Vocalia 4<\/li>\n<\/ul>\n<p>Acabarem l&#8217;assemblea amb un <strong>aperitiu<\/strong> ofert a totes les persones assistents.<\/p>\n<p style=\"text-align: center\"><em>Per tal d\u2019organitzar-nos millor, ens agradaria que confirmessis l\u2019assist\u00e8ncia a l\u2019assemblea amb aquest <a href=\"https:\/\/form.jotform.com\/250283447733358\" target=\"_blank\" rel=\"noopener\"><strong><span style=\"color: #0000ff\">formulari<\/span><\/strong><\/a>.<\/em><\/p>\n<p><strong>T\u2019hi esperem!<\/strong><\/p>\n<div id='gallery-1' class='gallery galleryid-450990 gallery-columns-3 gallery-size-thumbnail'><figure class='gallery-item'>\n\t\t\t<div class='gallery-icon landscape'>\n\t\t\t\t<a href='https:\/\/www.omnium.cat\/ca\/omnium-pla-de-montserrat-celebra-lassemblea-general\/1-5915718143844664419\/'><img decoding=\"async\" width=\"150\" height=\"150\" src=\"https:\/\/cdn.omnium.cat\/wp-content\/uploads\/2026\/02\/20124824\/1.5915718143844664419-150x150.jpg\" class=\"attachment-thumbnail size-thumbnail\" alt=\"\" srcset=\"https:\/\/cdn.omnium.cat\/wp-content\/uploads\/2026\/02\/20124824\/1.5915718143844664419-150x150.jpg 150w, https:\/\/cdn.omnium.cat\/wp-content\/uploads\/2026\/02\/20124824\/1.5915718143844664419-371x371.jpg 371w, https:\/\/cdn.omnium.cat\/wp-content\/uploads\/2026\/02\/20124824\/1.5915718143844664419-300x300.jpg 300w\" sizes=\"(max-width: 150px) 100vw, 150px\" \/><\/a>\n\t\t\t<\/div><\/figure><figure class='gallery-item'>\n\t\t\t<div class='gallery-icon landscape'>\n\t\t\t\t<a href='https:\/\/www.omnium.cat\/ca\/omnium-pla-de-montserrat-celebra-lassemblea-general\/2-5915718143844664415\/'><img decoding=\"async\" width=\"150\" height=\"150\" src=\"https:\/\/cdn.omnium.cat\/wp-content\/uploads\/2026\/02\/20124833\/2.5915718143844664415-150x150.jpg\" class=\"attachment-thumbnail size-thumbnail\" alt=\"\" srcset=\"https:\/\/cdn.omnium.cat\/wp-content\/uploads\/2026\/02\/20124833\/2.5915718143844664415-150x150.jpg 150w, https:\/\/cdn.omnium.cat\/wp-content\/uploads\/2026\/02\/20124833\/2.5915718143844664415-371x371.jpg 371w, https:\/\/cdn.omnium.cat\/wp-content\/uploads\/2026\/02\/20124833\/2.5915718143844664415-300x300.jpg 300w\" sizes=\"(max-width: 150px) 100vw, 150px\" \/><\/a>\n\t\t\t<\/div><\/figure><figure class='gallery-item'>\n\t\t\t<div class='gallery-icon landscape'>\n\t\t\t\t<a href='https:\/\/www.omnium.cat\/ca\/omnium-pla-de-montserrat-celebra-lassemblea-general\/3-5915718143844664414\/'><img decoding=\"async\" width=\"150\" height=\"150\" src=\"https:\/\/cdn.omnium.cat\/wp-content\/uploads\/2026\/02\/20124841\/3.5915718143844664414-150x150.jpg\" class=\"attachment-thumbnail size-thumbnail\" alt=\"\" srcset=\"https:\/\/cdn.omnium.cat\/wp-content\/uploads\/2026\/02\/20124841\/3.5915718143844664414-150x150.jpg 150w, https:\/\/cdn.omnium.cat\/wp-content\/uploads\/2026\/02\/20124841\/3.5915718143844664414-371x371.jpg 371w, https:\/\/cdn.omnium.cat\/wp-content\/uploads\/2026\/02\/20124841\/3.5915718143844664414-300x300.jpg 300w\" sizes=\"(max-width: 150px) 100vw, 150px\" \/><\/a>\n\t\t\t<\/div><\/figure><figure class='gallery-item'>\n\t\t\t<div class='gallery-icon landscape'>\n\t\t\t\t<a href='https:\/\/www.omnium.cat\/ca\/omnium-pla-de-montserrat-celebra-lassemblea-general\/4-5915718143844664416\/'><img loading=\"lazy\" decoding=\"async\" width=\"150\" height=\"150\" src=\"https:\/\/cdn.omnium.cat\/wp-content\/uploads\/2026\/02\/20124850\/4.5915718143844664416-150x150.jpg\" class=\"attachment-thumbnail size-thumbnail\" alt=\"\" srcset=\"https:\/\/cdn.omnium.cat\/wp-content\/uploads\/2026\/02\/20124850\/4.5915718143844664416-150x150.jpg 150w, https:\/\/cdn.omnium.cat\/wp-content\/uploads\/2026\/02\/20124850\/4.5915718143844664416-371x371.jpg 371w, https:\/\/cdn.omnium.cat\/wp-content\/uploads\/2026\/02\/20124850\/4.5915718143844664416-300x300.jpg 300w\" sizes=\"(max-width: 150px) 100vw, 150px\" \/><\/a>\n\t\t\t<\/div><\/figure><figure class='gallery-item'>\n\t\t\t<div class='gallery-icon landscape'>\n\t\t\t\t<a href='https:\/\/www.omnium.cat\/ca\/omnium-pla-de-montserrat-celebra-lassemblea-general\/5-5915718143844664417\/'><img loading=\"lazy\" decoding=\"async\" width=\"150\" height=\"150\" src=\"https:\/\/cdn.omnium.cat\/wp-content\/uploads\/2026\/02\/20124858\/5.5915718143844664417-150x150.jpg\" class=\"attachment-thumbnail size-thumbnail\" alt=\"\" srcset=\"https:\/\/cdn.omnium.cat\/wp-content\/uploads\/2026\/02\/20124858\/5.5915718143844664417-150x150.jpg 150w, https:\/\/cdn.omnium.cat\/wp-content\/uploads\/2026\/02\/20124858\/5.5915718143844664417-371x371.jpg 371w, https:\/\/cdn.omnium.cat\/wp-content\/uploads\/2026\/02\/20124858\/5.5915718143844664417-300x300.jpg 300w\" sizes=\"(max-width: 150px) 100vw, 150px\" \/><\/a>\n\t\t\t<\/div><\/figure><figure class='gallery-item'>\n\t\t\t<div class='gallery-icon landscape'>\n\t\t\t\t<a href='https:\/\/www.omnium.cat\/ca\/omnium-pla-de-montserrat-celebra-lassemblea-general\/6-5915718143844664418\/'><img loading=\"lazy\" decoding=\"async\" width=\"150\" height=\"150\" src=\"https:\/\/cdn.omnium.cat\/wp-content\/uploads\/2026\/02\/20124907\/6.5915718143844664418-150x150.jpg\" class=\"attachment-thumbnail size-thumbnail\" alt=\"\" srcset=\"https:\/\/cdn.omnium.cat\/wp-content\/uploads\/2026\/02\/20124907\/6.5915718143844664418-150x150.jpg 150w, https:\/\/cdn.omnium.cat\/wp-content\/uploads\/2026\/02\/20124907\/6.5915718143844664418-371x371.jpg 371w, https:\/\/cdn.omnium.cat\/wp-content\/uploads\/2026\/02\/20124907\/6.5915718143844664418-300x300.jpg 300w\" sizes=\"(max-width: 150px) 100vw, 150px\" \/><\/a>\n\t\t\t<\/div><\/figure>\n\t\t<\/div>\n\n<p style=\"text-align: center\">Imatges de la passada assemblea d&#8217;\u00d2mnium Pla de Montserrat (Olesa de Montserrat).<\/p>\n<p>\u00a0<\/p>\n","protected":false},"excerpt":{"rendered":"<p>Els socis i s\u00f2cies del Sant Andreu de la Barca, Martorell, Castellv\u00ed de Rosanes, Sant Esteve Sesrovires, Abrera, Olesa de Montserrat, Esparreguera i Collbat\u00f3 han estat convocats a l\u2019assemblea ordin\u00e0ria [&hellip;]<\/p>\n","protected":false},"author":67,"featured_media":450995,"comment_status":"closed","ping_status":"open","sticky":false,"template":"","format":"standard","meta":{"_acf_changed":false,"footnotes":""},"categories":[1],"tags":[5606,5604,5609,5608,1949,5607,5595,3797,5605],"post_headquarter":[4812],"post_project":[],"class_list":["post-450990","post","type-post","status-publish","format-standard","has-post-thumbnail","hentry","category-uncategorized-ca","tag-abrera","tag-castellvi-de-rosanes","tag-collbato","tag-esparreguera","tag-martorell","tag-olesa-de-montserrat","tag-omnium-pla-de-montserrat","tag-sant-andreu-de-la-barca","tag-sant-esteve-sesrovires","post_headquarter-pla-de-montserrat"],"acf":[],"yoast_head":"<!-- This site is optimized with the Yoast SEO plugin v27.2 - https:\/\/yoast.com\/product\/yoast-seo-wordpress\/ -->\n<title>\u00d2mnium Pla de Montserrat celebra l&#039;assemblea general - \u00d2mnium Cultural<\/title>\n<meta name=\"robots\" content=\"index, follow, max-snippet:-1, max-image-preview:large, max-video-preview:-1\" \/>\n<link rel=\"canonical\" href=\"https:\/\/www.omnium.cat\/ca\/omnium-pla-de-montserrat-celebra-lassemblea-general\/\" \/>\n<meta name=\"twitter:label1\" content=\"Escrit per\" \/>\n\t<meta name=\"twitter:data1\" content=\"Marce Cardoso\" \/>\n\t<meta name=\"twitter:label2\" content=\"Temps estimat de lectura\" \/>\n\t<meta name=\"twitter:data2\" content=\"2 minuts\" \/>\n<script type=\"application\/ld+json\" class=\"yoast-schema-graph\">{\"@context\":\"https:\/\/schema.org\",\"@graph\":[{\"@type\":\"Article\",\"@id\":\"https:\/\/www.omnium.cat\/ca\/omnium-pla-de-montserrat-celebra-lassemblea-general\/#article\",\"isPartOf\":{\"@id\":\"https:\/\/www.omnium.cat\/ca\/omnium-pla-de-montserrat-celebra-lassemblea-general\/\"},\"author\":{\"name\":\"Marce Cardoso\",\"@id\":\"https:\/\/www.omnium.cat\/ca\/#\/schema\/person\/93b5a059e5649ba2eb5c9d408006e601\"},\"headline\":\"\u00d2mnium Pla de Montserrat celebra l&#8217;assemblea general\",\"datePublished\":\"2026-02-23T17:38:08+00:00\",\"dateModified\":\"2026-02-23T17:38:32+00:00\",\"mainEntityOfPage\":{\"@id\":\"https:\/\/www.omnium.cat\/ca\/omnium-pla-de-montserrat-celebra-lassemblea-general\/\"},\"wordCount\":234,\"publisher\":{\"@id\":\"https:\/\/www.omnium.cat\/ca\/#organization\"},\"image\":{\"@id\":\"https:\/\/www.omnium.cat\/ca\/omnium-pla-de-montserrat-celebra-lassemblea-general\/#primaryimage\"},\"thumbnailUrl\":\"https:\/\/cdn.omnium.cat\/wp-content\/uploads\/2026\/02\/18113653\/PLADM.AGO_.portada.png\",\"keywords\":[\"Abrera\",\"Castellv\u00ed de Rosanes\",\"Collbat\u00f3\",\"Esparreguera\",\"Martorell\",\"Olesa de Montserrat\",\"\u00d2mnium Pla de Montserrat\",\"Sant Andreu de la Barca\",\"Sant Esteve Sesrovires\"],\"articleSection\":[\"Uncategorized @oc\"],\"inLanguage\":\"ca\"},{\"@type\":\"WebPage\",\"@id\":\"https:\/\/www.omnium.cat\/ca\/omnium-pla-de-montserrat-celebra-lassemblea-general\/\",\"url\":\"https:\/\/www.omnium.cat\/ca\/omnium-pla-de-montserrat-celebra-lassemblea-general\/\",\"name\":\"\u00d2mnium Pla de Montserrat celebra l'assemblea general - \u00d2mnium Cultural\",\"isPartOf\":{\"@id\":\"https:\/\/www.omnium.cat\/ca\/#website\"},\"primaryImageOfPage\":{\"@id\":\"https:\/\/www.omnium.cat\/ca\/omnium-pla-de-montserrat-celebra-lassemblea-general\/#primaryimage\"},\"image\":{\"@id\":\"https:\/\/www.omnium.cat\/ca\/omnium-pla-de-montserrat-celebra-lassemblea-general\/#primaryimage\"},\"thumbnailUrl\":\"https:\/\/cdn.omnium.cat\/wp-content\/uploads\/2026\/02\/18113653\/PLADM.AGO_.portada.png\",\"datePublished\":\"2026-02-23T17:38:08+00:00\",\"dateModified\":\"2026-02-23T17:38:32+00:00\",\"breadcrumb\":{\"@id\":\"https:\/\/www.omnium.cat\/ca\/omnium-pla-de-montserrat-celebra-lassemblea-general\/#breadcrumb\"},\"inLanguage\":\"ca\",\"potentialAction\":[{\"@type\":\"ReadAction\",\"target\":[\"https:\/\/www.omnium.cat\/ca\/omnium-pla-de-montserrat-celebra-lassemblea-general\/\"]}]},{\"@type\":\"ImageObject\",\"inLanguage\":\"ca\",\"@id\":\"https:\/\/www.omnium.cat\/ca\/omnium-pla-de-montserrat-celebra-lassemblea-general\/#primaryimage\",\"url\":\"https:\/\/cdn.omnium.cat\/wp-content\/uploads\/2026\/02\/18113653\/PLADM.AGO_.portada.png\",\"contentUrl\":\"https:\/\/cdn.omnium.cat\/wp-content\/uploads\/2026\/02\/18113653\/PLADM.AGO_.portada.png\",\"width\":1093,\"height\":624},{\"@type\":\"BreadcrumbList\",\"@id\":\"https:\/\/www.omnium.cat\/ca\/omnium-pla-de-montserrat-celebra-lassemblea-general\/#breadcrumb\",\"itemListElement\":[{\"@type\":\"ListItem\",\"position\":1,\"name\":\"Inici\",\"item\":\"https:\/\/www.omnium.cat\/ca\/\"},{\"@type\":\"ListItem\",\"position\":2,\"name\":\"\u00d2mnium Pla de Montserrat celebra l&#8217;assemblea general\"}]},{\"@type\":\"WebSite\",\"@id\":\"https:\/\/www.omnium.cat\/ca\/#website\",\"url\":\"https:\/\/www.omnium.cat\/ca\/\",\"name\":\"\u00d2mnium Cultural\",\"description\":\"Llengua Cultura Pa\u00eds\",\"publisher\":{\"@id\":\"https:\/\/www.omnium.cat\/ca\/#organization\"},\"potentialAction\":[{\"@type\":\"SearchAction\",\"target\":{\"@type\":\"EntryPoint\",\"urlTemplate\":\"https:\/\/www.omnium.cat\/ca\/?s={search_term_string}\"},\"query-input\":{\"@type\":\"PropertyValueSpecification\",\"valueRequired\":true,\"valueName\":\"search_term_string\"}}],\"inLanguage\":\"ca\"},{\"@type\":\"Organization\",\"@id\":\"https:\/\/www.omnium.cat\/ca\/#organization\",\"name\":\"\u00d2mnium Cultural\",\"url\":\"https:\/\/www.omnium.cat\/ca\/\",\"logo\":{\"@type\":\"ImageObject\",\"inLanguage\":\"ca\",\"@id\":\"https:\/\/www.omnium.cat\/ca\/#\/schema\/logo\/image\/\",\"url\":\"https:\/\/cdn.omnium.cat\/wp-content\/uploads\/2019\/06\/01112517\/cropped-omnium_logo-1.png\",\"contentUrl\":\"https:\/\/cdn.omnium.cat\/wp-content\/uploads\/2019\/06\/01112517\/cropped-omnium_logo-1.png\",\"width\":1213,\"height\":262,\"caption\":\"\u00d2mnium Cultural\"},\"image\":{\"@id\":\"https:\/\/www.omnium.cat\/ca\/#\/schema\/logo\/image\/\"},\"sameAs\":[\"https:\/\/www.facebook.com\/omniumcultural\",\"https:\/\/x.com\/omnium\",\"https:\/\/www.instagram.com\/omniumcultural\/\",\"https:\/\/www.youtube.com\/user\/omniumcultural\"]},{\"@type\":\"Person\",\"@id\":\"https:\/\/www.omnium.cat\/ca\/#\/schema\/person\/93b5a059e5649ba2eb5c9d408006e601\",\"name\":\"Marce Cardoso\",\"image\":{\"@type\":\"ImageObject\",\"inLanguage\":\"ca\",\"@id\":\"https:\/\/secure.gravatar.com\/avatar\/9e6fe25a46c2bc959cf1c05da0de1544d55f5005846688e106f17271f04b10ef?s=96&d=mm&r=g\",\"url\":\"https:\/\/secure.gravatar.com\/avatar\/9e6fe25a46c2bc959cf1c05da0de1544d55f5005846688e106f17271f04b10ef?s=96&d=mm&r=g\",\"contentUrl\":\"https:\/\/secure.gravatar.com\/avatar\/9e6fe25a46c2bc959cf1c05da0de1544d55f5005846688e106f17271f04b10ef?s=96&d=mm&r=g\",\"caption\":\"Marce Cardoso\"}}]}<\/script>\n<!-- \/ Yoast SEO plugin. -->","yoast_head_json":{"title":"\u00d2mnium Pla de Montserrat celebra l'assemblea general - \u00d2mnium Cultural","robots":{"index":"index","follow":"follow","max-snippet":"max-snippet:-1","max-image-preview":"max-image-preview:large","max-video-preview":"max-video-preview:-1"},"canonical":"https:\/\/www.omnium.cat\/ca\/omnium-pla-de-montserrat-celebra-lassemblea-general\/","twitter_misc":{"Escrit per":"Marce Cardoso","Temps estimat de lectura":"2 minuts"},"schema":{"@context":"https:\/\/schema.org","@graph":[{"@type":"Article","@id":"https:\/\/www.omnium.cat\/ca\/omnium-pla-de-montserrat-celebra-lassemblea-general\/#article","isPartOf":{"@id":"https:\/\/www.omnium.cat\/ca\/omnium-pla-de-montserrat-celebra-lassemblea-general\/"},"author":{"name":"Marce Cardoso","@id":"https:\/\/www.omnium.cat\/ca\/#\/schema\/person\/93b5a059e5649ba2eb5c9d408006e601"},"headline":"\u00d2mnium Pla de Montserrat celebra l&#8217;assemblea general","datePublished":"2026-02-23T17:38:08+00:00","dateModified":"2026-02-23T17:38:32+00:00","mainEntityOfPage":{"@id":"https:\/\/www.omnium.cat\/ca\/omnium-pla-de-montserrat-celebra-lassemblea-general\/"},"wordCount":234,"publisher":{"@id":"https:\/\/www.omnium.cat\/ca\/#organization"},"image":{"@id":"https:\/\/www.omnium.cat\/ca\/omnium-pla-de-montserrat-celebra-lassemblea-general\/#primaryimage"},"thumbnailUrl":"https:\/\/cdn.omnium.cat\/wp-content\/uploads\/2026\/02\/18113653\/PLADM.AGO_.portada.png","keywords":["Abrera","Castellv\u00ed de Rosanes","Collbat\u00f3","Esparreguera","Martorell","Olesa de Montserrat","\u00d2mnium Pla de Montserrat","Sant Andreu de la Barca","Sant Esteve Sesrovires"],"articleSection":["Uncategorized @oc"],"inLanguage":"ca"},{"@type":"WebPage","@id":"https:\/\/www.omnium.cat\/ca\/omnium-pla-de-montserrat-celebra-lassemblea-general\/","url":"https:\/\/www.omnium.cat\/ca\/omnium-pla-de-montserrat-celebra-lassemblea-general\/","name":"\u00d2mnium Pla de Montserrat celebra l'assemblea general - \u00d2mnium Cultural","isPartOf":{"@id":"https:\/\/www.omnium.cat\/ca\/#website"},"primaryImageOfPage":{"@id":"https:\/\/www.omnium.cat\/ca\/omnium-pla-de-montserrat-celebra-lassemblea-general\/#primaryimage"},"image":{"@id":"https:\/\/www.omnium.cat\/ca\/omnium-pla-de-montserrat-celebra-lassemblea-general\/#primaryimage"},"thumbnailUrl":"https:\/\/cdn.omnium.cat\/wp-content\/uploads\/2026\/02\/18113653\/PLADM.AGO_.portada.png","datePublished":"2026-02-23T17:38:08+00:00","dateModified":"2026-02-23T17:38:32+00:00","breadcrumb":{"@id":"https:\/\/www.omnium.cat\/ca\/omnium-pla-de-montserrat-celebra-lassemblea-general\/#breadcrumb"},"inLanguage":"ca","potentialAction":[{"@type":"ReadAction","target":["https:\/\/www.omnium.cat\/ca\/omnium-pla-de-montserrat-celebra-lassemblea-general\/"]}]},{"@type":"ImageObject","inLanguage":"ca","@id":"https:\/\/www.omnium.cat\/ca\/omnium-pla-de-montserrat-celebra-lassemblea-general\/#primaryimage","url":"https:\/\/cdn.omnium.cat\/wp-content\/uploads\/2026\/02\/18113653\/PLADM.AGO_.portada.png","contentUrl":"https:\/\/cdn.omnium.cat\/wp-content\/uploads\/2026\/02\/18113653\/PLADM.AGO_.portada.png","width":1093,"height":624},{"@type":"BreadcrumbList","@id":"https:\/\/www.omnium.cat\/ca\/omnium-pla-de-montserrat-celebra-lassemblea-general\/#breadcrumb","itemListElement":[{"@type":"ListItem","position":1,"name":"Inici","item":"https:\/\/www.omnium.cat\/ca\/"},{"@type":"ListItem","position":2,"name":"\u00d2mnium Pla de Montserrat celebra l&#8217;assemblea general"}]},{"@type":"WebSite","@id":"https:\/\/www.omnium.cat\/ca\/#website","url":"https:\/\/www.omnium.cat\/ca\/","name":"\u00d2mnium Cultural","description":"Llengua Cultura Pa\u00eds","publisher":{"@id":"https:\/\/www.omnium.cat\/ca\/#organization"},"potentialAction":[{"@type":"SearchAction","target":{"@type":"EntryPoint","urlTemplate":"https:\/\/www.omnium.cat\/ca\/?s={search_term_string}"},"query-input":{"@type":"PropertyValueSpecification","valueRequired":true,"valueName":"search_term_string"}}],"inLanguage":"ca"},{"@type":"Organization","@id":"https:\/\/www.omnium.cat\/ca\/#organization","name":"\u00d2mnium Cultural","url":"https:\/\/www.omnium.cat\/ca\/","logo":{"@type":"ImageObject","inLanguage":"ca","@id":"https:\/\/www.omnium.cat\/ca\/#\/schema\/logo\/image\/","url":"https:\/\/cdn.omnium.cat\/wp-content\/uploads\/2019\/06\/01112517\/cropped-omnium_logo-1.png","contentUrl":"https:\/\/cdn.omnium.cat\/wp-content\/uploads\/2019\/06\/01112517\/cropped-omnium_logo-1.png","width":1213,"height":262,"caption":"\u00d2mnium Cultural"},"image":{"@id":"https:\/\/www.omnium.cat\/ca\/#\/schema\/logo\/image\/"},"sameAs":["https:\/\/www.facebook.com\/omniumcultural","https:\/\/x.com\/omnium","https:\/\/www.instagram.com\/omniumcultural\/","https:\/\/www.youtube.com\/user\/omniumcultural"]},{"@type":"Person","@id":"https:\/\/www.omnium.cat\/ca\/#\/schema\/person\/93b5a059e5649ba2eb5c9d408006e601","name":"Marce Cardoso","image":{"@type":"ImageObject","inLanguage":"ca","@id":"https:\/\/secure.gravatar.com\/avatar\/9e6fe25a46c2bc959cf1c05da0de1544d55f5005846688e106f17271f04b10ef?s=96&d=mm&r=g","url":"https:\/\/secure.gravatar.com\/avatar\/9e6fe25a46c2bc959cf1c05da0de1544d55f5005846688e106f17271f04b10ef?s=96&d=mm&r=g","contentUrl":"https:\/\/secure.gravatar.com\/avatar\/9e6fe25a46c2bc959cf1c05da0de1544d55f5005846688e106f17271f04b10ef?s=96&d=mm&r=g","caption":"Marce Cardoso"}}]}},"_links":{"self":[{"href":"https:\/\/www.omnium.cat\/ca\/wp-json\/wp\/v2\/posts\/450990","targetHints":{"allow":["GET"]}}],"collection":[{"href":"https:\/\/www.omnium.cat\/ca\/wp-json\/wp\/v2\/posts"}],"about":[{"href":"https:\/\/www.omnium.cat\/ca\/wp-json\/wp\/v2\/types\/post"}],"author":[{"embeddable":true,"href":"https:\/\/www.omnium.cat\/ca\/wp-json\/wp\/v2\/users\/67"}],"replies":[{"embeddable":true,"href":"https:\/\/www.omnium.cat\/ca\/wp-json\/wp\/v2\/comments?post=450990"}],"version-history":[{"count":3,"href":"https:\/\/www.omnium.cat\/ca\/wp-json\/wp\/v2\/posts\/450990\/revisions"}],"predecessor-version":[{"id":451091,"href":"https:\/\/www.omnium.cat\/ca\/wp-json\/wp\/v2\/posts\/450990\/revisions\/451091"}],"wp:featuredmedia":[{"embeddable":true,"href":"https:\/\/www.omnium.cat\/ca\/wp-json\/wp\/v2\/media\/450995"}],"wp:attachment":[{"href":"https:\/\/www.omnium.cat\/ca\/wp-json\/wp\/v2\/media?parent=450990"}],"wp:term":[{"taxonomy":"category","embeddable":true,"href":"https:\/\/www.omnium.cat\/ca\/wp-json\/wp\/v2\/categories?post=450990"},{"taxonomy":"post_tag","embeddable":true,"href":"https:\/\/www.omnium.cat\/ca\/wp-json\/wp\/v2\/tags?post=450990"},{"taxonomy":"post_headquarter","embeddable":true,"href":"https:\/\/www.omnium.cat\/ca\/wp-json\/wp\/v2\/post_headquarter?post=450990"},{"taxonomy":"post_project","embeddable":true,"href":"https:\/\/www.omnium.cat\/ca\/wp-json\/wp\/v2\/post_project?post=450990"}],"curies":[{"name":"wp","href":"https:\/\/api.w.org\/{rel}","templated":true}]}}