{"id":451027,"date":"2026-02-19T11:48:36","date_gmt":"2026-02-19T10:48:36","guid":{"rendered":"https:\/\/www.omnium.cat\/?p=451027"},"modified":"2026-02-24T13:16:48","modified_gmt":"2026-02-24T12:16:48","slug":"fem-ho-curt-2026","status":"publish","type":"post","link":"https:\/\/www.omnium.cat\/ca\/fem-ho-curt-2026\/","title":{"rendered":"Fem-ho curt 2026"},"content":{"rendered":"<div class=\"wp-block-image\">\n<figure class=\"aligncenter size-large\"><img fetchpriority=\"high\" decoding=\"async\" width=\"1024\" height=\"728\" src=\"https:\/\/cdn.omnium.cat\/wp-content\/uploads\/2026\/02\/24131535\/Fem-ho-curt_26-1024x728.jpeg\" alt=\"\" class=\"wp-image-451148\" srcset=\"https:\/\/cdn.omnium.cat\/wp-content\/uploads\/2026\/02\/24131535\/Fem-ho-curt_26-1024x728.jpeg 1024w, https:\/\/cdn.omnium.cat\/wp-content\/uploads\/2026\/02\/24131535\/Fem-ho-curt_26-300x213.jpeg 300w, https:\/\/cdn.omnium.cat\/wp-content\/uploads\/2026\/02\/24131535\/Fem-ho-curt_26-768x546.jpeg 768w, https:\/\/cdn.omnium.cat\/wp-content\/uploads\/2026\/02\/24131535\/Fem-ho-curt_26.jpeg 1320w\" sizes=\"(max-width: 1024px) 100vw, 1024px\" \/><\/figure>\n<\/div>\n\n\n<p>\u00a0\u00a0<\/p>\n<p>\u00a0<\/p>\n<p style=\"text-align: center\"><span style=\"color: #ff6600\"><strong>4A EDICI\u00d3 FEM-HO CURT CONCURS DE CURTMETRATGES A INSTAGRAM<\/strong><\/span><br \/><span style=\"color: #ff6600\"><strong>PER A JOVES DEL BAIX EMPORD\u00c0<\/strong><\/span><\/p>\n<p>\u00a0<\/p>\n<p><span style=\"color: #ff6600\"><strong>OBJECTIUS<\/strong><\/span><br \/>El concurs de curtmetratges d\u2019\u00d2mnium Cultural Baix Empord\u00e0 pret\u00e9n estimular el talent dels joves de la comarca entre 16 i 35 anys per que expliquin, des del seu punt de vista, una petita hist\u00f2ria tot i reflexionant sobre un tema d\u2019actualitat que cada any proposem. Tamb\u00e9 intentem motivar-los a fer un us diferent i m\u00e9s creatiu dels tel\u00e8fons m\u00f2bils i, no menys important, volem incentivar l\u2019\u00fas del catal\u00e0 entre el jovent.<\/p>\n<p>Aquesta 4a edici\u00f3 del Fem-ho curt va de <strong>NOT\u00cdCIES FALSES<\/strong> (les anomenades &#8220;fake news&#8221;) (dels 3 temes que us propos\u00e0vem, \u00e9s el que ha obtingut m\u00e9s vots).<\/p>\n<p>Davant l\u2019exc\u00e9s de not\u00edcies falses que circulen per les xarxes socials i internet i la constataci\u00f3 que els joves, segons les estad\u00edstiques, feu servir cada vegada m\u00e9s aquestes fonts per informar-vos, ens agradaria que, a trav\u00e9s de la participaci\u00f3 al \u201cFem-ho curt\u201d del 2026, reflexioneu sobre la import\u00e0ncia de verificar la informaci\u00f3 que us arriba, de tenir la capacitat cr\u00edtica suficient per contrastar i\/o destriar els continguts reals dels falsos abans de compartir-los i de valorar la repercussi\u00f3 que pot comportar la difusi\u00f3 d\u2019aquest tipus d\u2019informacions.<\/p>\n<p><span style=\"color: #ff6600\"><strong>BASES<\/strong><\/span><\/p>\n<p><strong>Data:<\/strong> La 4a edici\u00f3 del concurs de curtmetratges FEM-HO CURT se celebrar\u00e0 el <strong>23 d\u2019abril coincidint amb el Dia de Sant Jordi i el lliurament dels premis ser\u00e0 el 8 de maig.<\/strong><br \/>Participants: qualsevol persona del Baix Empord\u00e0 d\u2019entre 16 i 35 anys, ja sigui de manera individual o amb grup.<br \/><strong>Originals:<\/strong> Tots els treballs presentats han de ser gravats exclusivament amb el tel\u00e8fon m\u00f2bil,<strong> in\u00e8dits i no realitzats amb IA.<\/strong><br \/><strong>Tema:<\/strong> NOT\u00cdCIES FALSES (escollit per votaci\u00f3 popular).<br \/><strong>Llengua:<\/strong> Tots els treballs presentats han de ser en llengua catalana (parlada o subtitulada).<br \/><strong>Format:<\/strong> Penjar un Reel a Instagram (format vertical).<br \/><strong>Durada:<\/strong> un minut i mig (90 segons).<br \/><strong>Data:<\/strong> S\u2019ha de penjar a Instagram al llarg del dijous 23 abril de 2026, Dia de Sant Jordi fins a les 12 de la nit.<br \/><strong>Hashtag obligatori i \u00fanic:<\/strong> #femhocurt\u00d2mniumBE26 (per tal de facilitar la recuperaci\u00f3 de tots els curts presentats al concurs)<br \/><strong>Inscripci\u00f3:<\/strong> ser\u00e0 imprescindible que, al mateix moment de penjar el Reel, el concursant envi\u00ef un correu a l\u2019adre\u00e7a\u00a0baixemporda@omnium.cat fent constar \u201cConcurs Fem-ho curt\u201d, el t\u00edtol del curtmetratge (Reel) i les dades del concursant (nom i cognoms, edat, localitat i l\u2019adre\u00e7a electr\u00f2nica de contacte).<br \/><strong>Premis:<\/strong> El jurat concedir\u00e0 un primer premi de <strong>400\u20ac<\/strong>, un segon premi de <strong>200\u20ac<\/strong> i un tercer premi de <strong>100\u20ac<\/strong> Els imports estaran sotmesos a les retencions fiscals que corresponguin.<br \/><strong>Jurat:<\/strong> format per 3 persones : 1 persona independent relacionada amb el m\u00f3n de la cultura i l\u2019audiovisual i 2 membres de la Junta d\u2019OCBE. Les decisions del jurat, es prendran per consens o, si no \u00e9s possible, per majoria simple. Les deliberacions del jurat s\u00f3n secretes i la seva decisi\u00f3 ser\u00e0 inapel\u00b7lable, sempre que s\u2019ajusti al que estableixen aquestes bases. L\u2019organitzaci\u00f3 del concurs no especificar\u00e0 en cap cas els motius de les decisions preses en relaci\u00f3 amb la selecci\u00f3 efectuada<br \/><strong>Qualitat:<\/strong> Si els treballs presentats no assoleixen un m\u00ednim de qualitat, el jurat es reserva la facultat de deixar algun premi desert<br \/><strong>Veredicte:<\/strong>\u00a0Els guanyadors es donaran a con\u00e8ixer durant l\u2019acte de lliurament a la seu territorial d\u2019\u00d2mnium Cultural el divendres 8 de maig de 2026 a les 8 del vespre (Avinguda de les Voltes, 3, entresol 2\u00aa La Bisbal d\u2019Empord\u00e0). Nom\u00e9s es visionaran els curts (reel) guanyadors (s\u2019ent\u00e9n que la resta de curts participants es poden consultar a Instagram amb el hashtag corresponent). Pr\u00e8viament s\u2019haur\u00e0 comunicat el veredicte a les persones guardonades que hauran d\u2019assistir personalment al lliurament o designar un representant, sin\u00f3, es considerar\u00e0 que renuncien al premi.<br \/><strong>Drets i difusi\u00f3:<\/strong> Els participants, o els seus representants legals, si s\u00f3n menors d\u2019edat, cedeixen a \u00d2mnium Cultural els drets d\u2019explotaci\u00f3, reproducci\u00f3, distribuci\u00f3 i comunicaci\u00f3 p\u00fablica dels seus curtmetratges per a usos vinculats als Premis aix\u00ed com per a activitats promocionals futures relacionades amb el projecte i \u00d2mnium Cultural es compromet a recon\u00e8ixer l\u2019autoria de les obres difoses.<br \/><strong>Arxiu:<\/strong> Tots els curtmetratges guanyadors es guardaran a l\u2019arxiu de l\u2019entitat i quedaran subjectes a la cessi\u00f3 de drets especificada a l\u2019apartat anterior.<br \/><strong>Exoneraci\u00f3 de Responsabilitats:<\/strong> \u00d2mnium Cultural no ser\u00e0 responsable dels continguts enviats que infringeixin drets de tercers o incloguin material inadequat. En cas de reclamacions o conflictes legals, ser\u00e0 responsabilitat dels participants gestionar i resoldre aquestes q\u00fcestions.<br \/><strong>Protecci\u00f3 de dades:<\/strong> El Responsable del tractament de les dades personals que facilitin els participants ser\u00e0 \u00d2MNIUM CULTURAL. La finalitat del tractament ser\u00e0 la de gestionar el Concurs, aix\u00ed com enviar al participant comunicacions informatives sobre les activitats de l\u2019entitat. La legitimaci\u00f3 per al tractament de les dades \u00e9s el consentiment del participant prestat mitjan\u00e7ant l\u2019acceptaci\u00f3 de les Bases Legals. Les dades personals es conservaran per poder continuar enviant les comunicacions informatives llevat que es sol\u00b7liciti la supressi\u00f3 de les dades i es podran comunicar a entitats vinculades a \u00d2MNIUM CULTURAL per a les mateixes finalitats assenyalades anteriorment. Es podr\u00e0 revocar el consentiment i sol\u00b7licitar l\u2019exercici dels drets d\u2019acc\u00e9s, rectificaci\u00f3, supressi\u00f3 i oposici\u00f3, aix\u00ed com de limitaci\u00f3 i portabilitat, mitjan\u00e7ant una sol\u00b7licitud per correu electr\u00f2nic a dades@omnium.cat (ref. \u201cConcurs Fem-ho curt\u201d \u00d2mnium Baix Empord\u00e0).<br \/><strong>Incid\u00e8ncies: <\/strong>Qualsevol incid\u00e8ncia no prevista en aquestes bases ser\u00e0 resolta pel jurat. \u00d2mnium Cultural es reserva la possibilitat de modificar, en tot moment, les Bases Legals i adoptar totes les decisions que pugui considerar \u00fatils per la seva aplicaci\u00f3 i interpretaci\u00f3.<\/p>\n<p>La participaci\u00f3 en aquest concurs implica l\u2019acceptaci\u00f3 de les seves bases.<\/p>\n<p>\u00a0<\/p>\n<p>\u00a0<\/p>\n","protected":false},"excerpt":{"rendered":"<p>\u00a0\u00a0 \u00a0 4A EDICI\u00d3 FEM-HO CURT CONCURS DE CURTMETRATGES A INSTAGRAMPER A JOVES DEL BAIX EMPORD\u00c0 \u00a0 OBJECTIUSEl concurs de curtmetratges d\u2019\u00d2mnium Cultural Baix Empord\u00e0 pret\u00e9n estimular el talent dels [&hellip;]<\/p>\n","protected":false},"author":286,"featured_media":451028,"comment_status":"closed","ping_status":"open","sticky":false,"template":"","format":"standard","meta":{"_acf_changed":false,"footnotes":""},"categories":[1],"tags":[],"post_headquarter":[1782],"post_project":[],"class_list":["post-451027","post","type-post","status-publish","format-standard","has-post-thumbnail","hentry","category-uncategorized-ca","post_headquarter-baix-emporda"],"acf":[],"yoast_head":"<!-- This site is optimized with the Yoast SEO plugin v27.2 - https:\/\/yoast.com\/product\/yoast-seo-wordpress\/ -->\n<title>Fem-ho curt 2026 - \u00d2mnium Cultural<\/title>\n<meta name=\"description\" content=\"Bases del concurs de curtmetratges Fem-ho curt 2026. Quarta edici\u00f3 del Concurs de Curtmetratges d&#039;\u00d2mnium Baix Empord\u00e0.\" \/>\n<meta name=\"robots\" content=\"index, follow, max-snippet:-1, max-image-preview:large, max-video-preview:-1\" \/>\n<link rel=\"canonical\" href=\"https:\/\/www.omnium.cat\/ca\/fem-ho-curt-2026\/\" \/>\n<meta name=\"twitter:label1\" content=\"Escrit per\" \/>\n\t<meta name=\"twitter:data1\" content=\"Txell Garcia\" \/>\n\t<meta name=\"twitter:label2\" content=\"Temps estimat de lectura\" \/>\n\t<meta name=\"twitter:data2\" content=\"6 minuts\" \/>\n<script type=\"application\/ld+json\" class=\"yoast-schema-graph\">{\"@context\":\"https:\/\/schema.org\",\"@graph\":[{\"@type\":\"Article\",\"@id\":\"https:\/\/www.omnium.cat\/ca\/fem-ho-curt-2026\/#article\",\"isPartOf\":{\"@id\":\"https:\/\/www.omnium.cat\/ca\/fem-ho-curt-2026\/\"},\"author\":{\"name\":\"Txell Garcia\",\"@id\":\"https:\/\/www.omnium.cat\/ca\/#\/schema\/person\/3e639a68d92a08a5ee3d59c1063dd699\"},\"headline\":\"Fem-ho curt 2026\",\"datePublished\":\"2026-02-19T10:48:36+00:00\",\"dateModified\":\"2026-02-24T12:16:48+00:00\",\"mainEntityOfPage\":{\"@id\":\"https:\/\/www.omnium.cat\/ca\/fem-ho-curt-2026\/\"},\"wordCount\":979,\"publisher\":{\"@id\":\"https:\/\/www.omnium.cat\/ca\/#organization\"},\"image\":{\"@id\":\"https:\/\/www.omnium.cat\/ca\/fem-ho-curt-2026\/#primaryimage\"},\"thumbnailUrl\":\"https:\/\/cdn.omnium.cat\/wp-content\/uploads\/2026\/02\/19112932\/image-16.png\",\"articleSection\":[\"Uncategorized @oc\"],\"inLanguage\":\"ca\"},{\"@type\":\"WebPage\",\"@id\":\"https:\/\/www.omnium.cat\/ca\/fem-ho-curt-2026\/\",\"url\":\"https:\/\/www.omnium.cat\/ca\/fem-ho-curt-2026\/\",\"name\":\"Fem-ho curt 2026 - \u00d2mnium Cultural\",\"isPartOf\":{\"@id\":\"https:\/\/www.omnium.cat\/ca\/#website\"},\"primaryImageOfPage\":{\"@id\":\"https:\/\/www.omnium.cat\/ca\/fem-ho-curt-2026\/#primaryimage\"},\"image\":{\"@id\":\"https:\/\/www.omnium.cat\/ca\/fem-ho-curt-2026\/#primaryimage\"},\"thumbnailUrl\":\"https:\/\/cdn.omnium.cat\/wp-content\/uploads\/2026\/02\/19112932\/image-16.png\",\"datePublished\":\"2026-02-19T10:48:36+00:00\",\"dateModified\":\"2026-02-24T12:16:48+00:00\",\"description\":\"Bases del concurs de curtmetratges Fem-ho curt 2026. Quarta edici\u00f3 del Concurs de Curtmetratges d'\u00d2mnium Baix Empord\u00e0.\",\"breadcrumb\":{\"@id\":\"https:\/\/www.omnium.cat\/ca\/fem-ho-curt-2026\/#breadcrumb\"},\"inLanguage\":\"ca\",\"potentialAction\":[{\"@type\":\"ReadAction\",\"target\":[\"https:\/\/www.omnium.cat\/ca\/fem-ho-curt-2026\/\"]}]},{\"@type\":\"ImageObject\",\"inLanguage\":\"ca\",\"@id\":\"https:\/\/www.omnium.cat\/ca\/fem-ho-curt-2026\/#primaryimage\",\"url\":\"https:\/\/cdn.omnium.cat\/wp-content\/uploads\/2026\/02\/19112932\/image-16.png\",\"contentUrl\":\"https:\/\/cdn.omnium.cat\/wp-content\/uploads\/2026\/02\/19112932\/image-16.png\",\"width\":299,\"height\":237},{\"@type\":\"BreadcrumbList\",\"@id\":\"https:\/\/www.omnium.cat\/ca\/fem-ho-curt-2026\/#breadcrumb\",\"itemListElement\":[{\"@type\":\"ListItem\",\"position\":1,\"name\":\"Inici\",\"item\":\"https:\/\/www.omnium.cat\/ca\/\"},{\"@type\":\"ListItem\",\"position\":2,\"name\":\"Fem-ho curt 2026\"}]},{\"@type\":\"WebSite\",\"@id\":\"https:\/\/www.omnium.cat\/ca\/#website\",\"url\":\"https:\/\/www.omnium.cat\/ca\/\",\"name\":\"\u00d2mnium Cultural\",\"description\":\"Llengua Cultura Pa\u00eds\",\"publisher\":{\"@id\":\"https:\/\/www.omnium.cat\/ca\/#organization\"},\"potentialAction\":[{\"@type\":\"SearchAction\",\"target\":{\"@type\":\"EntryPoint\",\"urlTemplate\":\"https:\/\/www.omnium.cat\/ca\/?s={search_term_string}\"},\"query-input\":{\"@type\":\"PropertyValueSpecification\",\"valueRequired\":true,\"valueName\":\"search_term_string\"}}],\"inLanguage\":\"ca\"},{\"@type\":\"Organization\",\"@id\":\"https:\/\/www.omnium.cat\/ca\/#organization\",\"name\":\"\u00d2mnium Cultural\",\"url\":\"https:\/\/www.omnium.cat\/ca\/\",\"logo\":{\"@type\":\"ImageObject\",\"inLanguage\":\"ca\",\"@id\":\"https:\/\/www.omnium.cat\/ca\/#\/schema\/logo\/image\/\",\"url\":\"https:\/\/cdn.omnium.cat\/wp-content\/uploads\/2019\/06\/01112517\/cropped-omnium_logo-1.png\",\"contentUrl\":\"https:\/\/cdn.omnium.cat\/wp-content\/uploads\/2019\/06\/01112517\/cropped-omnium_logo-1.png\",\"width\":1213,\"height\":262,\"caption\":\"\u00d2mnium Cultural\"},\"image\":{\"@id\":\"https:\/\/www.omnium.cat\/ca\/#\/schema\/logo\/image\/\"},\"sameAs\":[\"https:\/\/www.facebook.com\/omniumcultural\",\"https:\/\/x.com\/omnium\",\"https:\/\/www.instagram.com\/omniumcultural\/\",\"https:\/\/www.youtube.com\/user\/omniumcultural\"]},{\"@type\":\"Person\",\"@id\":\"https:\/\/www.omnium.cat\/ca\/#\/schema\/person\/3e639a68d92a08a5ee3d59c1063dd699\",\"name\":\"Txell Garcia\",\"image\":{\"@type\":\"ImageObject\",\"inLanguage\":\"ca\",\"@id\":\"https:\/\/secure.gravatar.com\/avatar\/84166707ac87493960d96de9539868b365a066c8c1f72018ef1385761fda7061?s=96&d=mm&r=g\",\"url\":\"https:\/\/secure.gravatar.com\/avatar\/84166707ac87493960d96de9539868b365a066c8c1f72018ef1385761fda7061?s=96&d=mm&r=g\",\"contentUrl\":\"https:\/\/secure.gravatar.com\/avatar\/84166707ac87493960d96de9539868b365a066c8c1f72018ef1385761fda7061?s=96&d=mm&r=g\",\"caption\":\"Txell Garcia\"}}]}<\/script>\n<!-- \/ Yoast SEO plugin. -->","yoast_head_json":{"title":"Fem-ho curt 2026 - \u00d2mnium Cultural","description":"Bases del concurs de curtmetratges Fem-ho curt 2026. Quarta edici\u00f3 del Concurs de Curtmetratges d'\u00d2mnium Baix Empord\u00e0.","robots":{"index":"index","follow":"follow","max-snippet":"max-snippet:-1","max-image-preview":"max-image-preview:large","max-video-preview":"max-video-preview:-1"},"canonical":"https:\/\/www.omnium.cat\/ca\/fem-ho-curt-2026\/","twitter_misc":{"Escrit per":"Txell Garcia","Temps estimat de lectura":"6 minuts"},"schema":{"@context":"https:\/\/schema.org","@graph":[{"@type":"Article","@id":"https:\/\/www.omnium.cat\/ca\/fem-ho-curt-2026\/#article","isPartOf":{"@id":"https:\/\/www.omnium.cat\/ca\/fem-ho-curt-2026\/"},"author":{"name":"Txell Garcia","@id":"https:\/\/www.omnium.cat\/ca\/#\/schema\/person\/3e639a68d92a08a5ee3d59c1063dd699"},"headline":"Fem-ho curt 2026","datePublished":"2026-02-19T10:48:36+00:00","dateModified":"2026-02-24T12:16:48+00:00","mainEntityOfPage":{"@id":"https:\/\/www.omnium.cat\/ca\/fem-ho-curt-2026\/"},"wordCount":979,"publisher":{"@id":"https:\/\/www.omnium.cat\/ca\/#organization"},"image":{"@id":"https:\/\/www.omnium.cat\/ca\/fem-ho-curt-2026\/#primaryimage"},"thumbnailUrl":"https:\/\/cdn.omnium.cat\/wp-content\/uploads\/2026\/02\/19112932\/image-16.png","articleSection":["Uncategorized @oc"],"inLanguage":"ca"},{"@type":"WebPage","@id":"https:\/\/www.omnium.cat\/ca\/fem-ho-curt-2026\/","url":"https:\/\/www.omnium.cat\/ca\/fem-ho-curt-2026\/","name":"Fem-ho curt 2026 - \u00d2mnium Cultural","isPartOf":{"@id":"https:\/\/www.omnium.cat\/ca\/#website"},"primaryImageOfPage":{"@id":"https:\/\/www.omnium.cat\/ca\/fem-ho-curt-2026\/#primaryimage"},"image":{"@id":"https:\/\/www.omnium.cat\/ca\/fem-ho-curt-2026\/#primaryimage"},"thumbnailUrl":"https:\/\/cdn.omnium.cat\/wp-content\/uploads\/2026\/02\/19112932\/image-16.png","datePublished":"2026-02-19T10:48:36+00:00","dateModified":"2026-02-24T12:16:48+00:00","description":"Bases del concurs de curtmetratges Fem-ho curt 2026. Quarta edici\u00f3 del Concurs de Curtmetratges d'\u00d2mnium Baix Empord\u00e0.","breadcrumb":{"@id":"https:\/\/www.omnium.cat\/ca\/fem-ho-curt-2026\/#breadcrumb"},"inLanguage":"ca","potentialAction":[{"@type":"ReadAction","target":["https:\/\/www.omnium.cat\/ca\/fem-ho-curt-2026\/"]}]},{"@type":"ImageObject","inLanguage":"ca","@id":"https:\/\/www.omnium.cat\/ca\/fem-ho-curt-2026\/#primaryimage","url":"https:\/\/cdn.omnium.cat\/wp-content\/uploads\/2026\/02\/19112932\/image-16.png","contentUrl":"https:\/\/cdn.omnium.cat\/wp-content\/uploads\/2026\/02\/19112932\/image-16.png","width":299,"height":237},{"@type":"BreadcrumbList","@id":"https:\/\/www.omnium.cat\/ca\/fem-ho-curt-2026\/#breadcrumb","itemListElement":[{"@type":"ListItem","position":1,"name":"Inici","item":"https:\/\/www.omnium.cat\/ca\/"},{"@type":"ListItem","position":2,"name":"Fem-ho curt 2026"}]},{"@type":"WebSite","@id":"https:\/\/www.omnium.cat\/ca\/#website","url":"https:\/\/www.omnium.cat\/ca\/","name":"\u00d2mnium Cultural","description":"Llengua Cultura Pa\u00eds","publisher":{"@id":"https:\/\/www.omnium.cat\/ca\/#organization"},"potentialAction":[{"@type":"SearchAction","target":{"@type":"EntryPoint","urlTemplate":"https:\/\/www.omnium.cat\/ca\/?s={search_term_string}"},"query-input":{"@type":"PropertyValueSpecification","valueRequired":true,"valueName":"search_term_string"}}],"inLanguage":"ca"},{"@type":"Organization","@id":"https:\/\/www.omnium.cat\/ca\/#organization","name":"\u00d2mnium Cultural","url":"https:\/\/www.omnium.cat\/ca\/","logo":{"@type":"ImageObject","inLanguage":"ca","@id":"https:\/\/www.omnium.cat\/ca\/#\/schema\/logo\/image\/","url":"https:\/\/cdn.omnium.cat\/wp-content\/uploads\/2019\/06\/01112517\/cropped-omnium_logo-1.png","contentUrl":"https:\/\/cdn.omnium.cat\/wp-content\/uploads\/2019\/06\/01112517\/cropped-omnium_logo-1.png","width":1213,"height":262,"caption":"\u00d2mnium Cultural"},"image":{"@id":"https:\/\/www.omnium.cat\/ca\/#\/schema\/logo\/image\/"},"sameAs":["https:\/\/www.facebook.com\/omniumcultural","https:\/\/x.com\/omnium","https:\/\/www.instagram.com\/omniumcultural\/","https:\/\/www.youtube.com\/user\/omniumcultural"]},{"@type":"Person","@id":"https:\/\/www.omnium.cat\/ca\/#\/schema\/person\/3e639a68d92a08a5ee3d59c1063dd699","name":"Txell Garcia","image":{"@type":"ImageObject","inLanguage":"ca","@id":"https:\/\/secure.gravatar.com\/avatar\/84166707ac87493960d96de9539868b365a066c8c1f72018ef1385761fda7061?s=96&d=mm&r=g","url":"https:\/\/secure.gravatar.com\/avatar\/84166707ac87493960d96de9539868b365a066c8c1f72018ef1385761fda7061?s=96&d=mm&r=g","contentUrl":"https:\/\/secure.gravatar.com\/avatar\/84166707ac87493960d96de9539868b365a066c8c1f72018ef1385761fda7061?s=96&d=mm&r=g","caption":"Txell Garcia"}}]}},"_links":{"self":[{"href":"https:\/\/www.omnium.cat\/ca\/wp-json\/wp\/v2\/posts\/451027","targetHints":{"allow":["GET"]}}],"collection":[{"href":"https:\/\/www.omnium.cat\/ca\/wp-json\/wp\/v2\/posts"}],"about":[{"href":"https:\/\/www.omnium.cat\/ca\/wp-json\/wp\/v2\/types\/post"}],"author":[{"embeddable":true,"href":"https:\/\/www.omnium.cat\/ca\/wp-json\/wp\/v2\/users\/286"}],"replies":[{"embeddable":true,"href":"https:\/\/www.omnium.cat\/ca\/wp-json\/wp\/v2\/comments?post=451027"}],"version-history":[{"count":5,"href":"https:\/\/www.omnium.cat\/ca\/wp-json\/wp\/v2\/posts\/451027\/revisions"}],"predecessor-version":[{"id":451152,"href":"https:\/\/www.omnium.cat\/ca\/wp-json\/wp\/v2\/posts\/451027\/revisions\/451152"}],"wp:featuredmedia":[{"embeddable":true,"href":"https:\/\/www.omnium.cat\/ca\/wp-json\/wp\/v2\/media\/451028"}],"wp:attachment":[{"href":"https:\/\/www.omnium.cat\/ca\/wp-json\/wp\/v2\/media?parent=451027"}],"wp:term":[{"taxonomy":"category","embeddable":true,"href":"https:\/\/www.omnium.cat\/ca\/wp-json\/wp\/v2\/categories?post=451027"},{"taxonomy":"post_tag","embeddable":true,"href":"https:\/\/www.omnium.cat\/ca\/wp-json\/wp\/v2\/tags?post=451027"},{"taxonomy":"post_headquarter","embeddable":true,"href":"https:\/\/www.omnium.cat\/ca\/wp-json\/wp\/v2\/post_headquarter?post=451027"},{"taxonomy":"post_project","embeddable":true,"href":"https:\/\/www.omnium.cat\/ca\/wp-json\/wp\/v2\/post_project?post=451027"}],"curies":[{"name":"wp","href":"https:\/\/api.w.org\/{rel}","templated":true}]}}