{"id":451040,"date":"2026-02-19T12:57:23","date_gmt":"2026-02-19T11:57:23","guid":{"rendered":"https:\/\/www.omnium.cat\/?p=451040"},"modified":"2026-02-19T13:15:28","modified_gmt":"2026-02-19T12:15:28","slug":"convocatoria-de-lassemblea-general-ordinaria-domnium-pallars-2026","status":"publish","type":"post","link":"https:\/\/www.omnium.cat\/ca\/convocatoria-de-lassemblea-general-ordinaria-domnium-pallars-2026\/","title":{"rendered":"Convocat\u00f2ria de l\u2019Assemblea General Ordin\u00e0ria d\u2019\u00d2mnium Pallars 2026"},"content":{"rendered":"\n<p>Dia:\u00a0Dissabte, 14 de mar\u00e7 de 2026<\/p>\n<p>Lloc:\u00a0Biblioteca P\u00fablica de Sort (Carrer Sant Ot, 15)<\/p>\n<p>Hora:\u00a0A les 10.30 h (10 h en primera convocat\u00f2ria)<\/p>\n<p>\u00a0<br \/>ORDRE DEL DIA<\/p>\n<p>Lectura i aprovaci\u00f3, si escau, de l&#8217;acta de l&#8217;assemblea anterior<br \/>Presentaci\u00f3 de la mem\u00f2ria d\u2019activitats 2025<br \/>Presentaci\u00f3 de candidatures i renovaci\u00f3 parcial de junta<br \/>Presentaci\u00f3 i aprovaci\u00f3, si escau, del Pla de Treball per al 2026<br \/>Presenta i aprovaci\u00f3, si escau, del Pressupost per a l&#8217;exercici 2026<br \/>Torn obert de paraules<br \/>Cloenda de l\u2019assemblea a c\u00e0rrec d&#8217;un membre de la Junta Directiva d\u2019\u00d2mnium Cultural.<br \/>Us informem que aquest any hi ha\u00a0eleccions a la junta territorial, els c\u00e0rrecs a cobrir s\u00f3n:<\/p>\n<ul>\n<li>Vicepresid\u00e8ncia\u00a0<\/li>\n<li>Secretaria<\/li>\n<li>Vocalia 2\u00a0<\/li>\n<li>Vocalia 4\u00a0<\/li>\n<li>Vocalia 6\u00a0<\/li>\n<\/ul>\n<p>Per presentar candidatura, caldr\u00e0 fer un escrit on consti una llista de noms a la totalitat dels c\u00e0rrecs a cobrir. L&#8217;escrit ha d\u2019incloure el nom de les persones candidates, el c\u00e0rrec al qual opten i la seva signatura. La candidatura cal fer-la arribar al correu electr\u00f2nic pallars@omnium.cat abans del dia 21 de febrer de 2026. Un cop finalitzat aquest per\u00edode, la junta territorial proclamar\u00e0 les candidatures. Nom\u00e9s podran votar els socis i s\u00f2cies que estiguin al corrent pagament en el moment de la convocat\u00f2ria.<\/p>\n<p>\u00a0<\/p>\n<p>En el cas que vulgueu\u00a0exercir el vot per correu postal\u00a0haureu de sol\u00b7licitar-lo per correu electr\u00f2nic a l\u2019adre\u00e7a\u00a0pallars@omnium.cat\u00a0abans del dia 26 de febrer de 2026.<br \/>La\u00a0documentaci\u00f3 de l\u2019Assemblea General\u00a0estar\u00e0 a disposici\u00f3 dels socis i les s\u00f2cies a partir del dia 4 de febrer de 2026. Podreu demanar aquesta documentaci\u00f3 per correu electr\u00f2nic a\u00a0pallars@omnium.cat<\/p>\n<p>\u00a0<\/p>\n<p>La junta directiva territorial d\u2019\u00d2mnium Pallars.<\/p>\n<p>\u00a0<br \/>Sort, a dia 11 de febrer de 2026<\/p>\n\n\n\n<div class=\"wp-block-buttons is-content-justification-center is-layout-flex wp-container-core-buttons-is-layout-16018d1d wp-block-buttons-is-layout-flex\">\n<div class=\"wp-block-button\"><a class=\"wp-block-button__link has-text-align-center wp-element-button\" href=\"https:\/\/form.jotform.com\/260321519137350?utm_campaign=Bulletins%20Territorials&amp;utm_medium=email&amp;_hsenc=p2ANqtz-_7WDqQkleRbM4rejynyV8Ivq6CRhGTuoySvfFvhJxWgvJN48fqq7H2-AFOpyTflnswkDKjNGhK_KmXssYqbpSR4tDFTQ&amp;_hsmi=128245021&amp;utm_content=128245021&amp;utm_source=hs_email\"><strong><mark style=\"background-color:#cf2e2e\" class=\"has-inline-color has-white-color\">Inscripci\u00f3 per assistir a l&#8217;assemblea<\/mark><\/strong><\/a><\/div>\n<\/div>\n\n\n\n\n\n\n\n\n\n\n","protected":false},"excerpt":{"rendered":"<p>Dia:\u00a0Dissabte, 14 de mar\u00e7 de 2026 Lloc:\u00a0Biblioteca P\u00fablica de Sort (Carrer Sant Ot, 15) Hora:\u00a0A les 10.30 h (10 h en primera convocat\u00f2ria) \u00a0ORDRE DEL DIA Lectura i aprovaci\u00f3, si [&hellip;]<\/p>\n","protected":false},"author":52,"featured_media":451041,"comment_status":"closed","ping_status":"open","sticky":false,"template":"","format":"standard","meta":{"_acf_changed":false,"footnotes":""},"categories":[1],"tags":[],"post_headquarter":[3120],"post_project":[],"class_list":["post-451040","post","type-post","status-publish","format-standard","has-post-thumbnail","hentry","category-uncategorized-ca","post_headquarter-pallars"],"acf":[],"yoast_head":"<!-- This site is optimized with the Yoast SEO plugin v27.2 - https:\/\/yoast.com\/product\/yoast-seo-wordpress\/ -->\n<title>Convocat\u00f2ria de l\u2019Assemblea General Ordin\u00e0ria d\u2019\u00d2mnium Pallars 2026 - \u00d2mnium Cultural<\/title>\n<meta name=\"robots\" content=\"index, follow, max-snippet:-1, max-image-preview:large, max-video-preview:-1\" \/>\n<link rel=\"canonical\" href=\"https:\/\/www.omnium.cat\/ca\/convocatoria-de-lassemblea-general-ordinaria-domnium-pallars-2026\/\" \/>\n<meta name=\"twitter:label1\" content=\"Escrit per\" \/>\n\t<meta name=\"twitter:data1\" content=\"Aziz Bounjimi\" \/>\n\t<meta name=\"twitter:label2\" content=\"Temps estimat de lectura\" \/>\n\t<meta name=\"twitter:data2\" content=\"2 minuts\" \/>\n<script type=\"application\/ld+json\" class=\"yoast-schema-graph\">{\"@context\":\"https:\/\/schema.org\",\"@graph\":[{\"@type\":\"Article\",\"@id\":\"https:\/\/www.omnium.cat\/ca\/convocatoria-de-lassemblea-general-ordinaria-domnium-pallars-2026\/#article\",\"isPartOf\":{\"@id\":\"https:\/\/www.omnium.cat\/ca\/convocatoria-de-lassemblea-general-ordinaria-domnium-pallars-2026\/\"},\"author\":{\"name\":\"Aziz Bounjimi\",\"@id\":\"https:\/\/www.omnium.cat\/ca\/#\/schema\/person\/73c9504a9a040a77980c4b3422b57dac\"},\"headline\":\"Convocat\u00f2ria de l\u2019Assemblea General Ordin\u00e0ria d\u2019\u00d2mnium Pallars 2026\",\"datePublished\":\"2026-02-19T11:57:23+00:00\",\"dateModified\":\"2026-02-19T12:15:28+00:00\",\"mainEntityOfPage\":{\"@id\":\"https:\/\/www.omnium.cat\/ca\/convocatoria-de-lassemblea-general-ordinaria-domnium-pallars-2026\/\"},\"wordCount\":307,\"publisher\":{\"@id\":\"https:\/\/www.omnium.cat\/ca\/#organization\"},\"image\":{\"@id\":\"https:\/\/www.omnium.cat\/ca\/convocatoria-de-lassemblea-general-ordinaria-domnium-pallars-2026\/#primaryimage\"},\"thumbnailUrl\":\"https:\/\/cdn.omnium.cat\/wp-content\/uploads\/2026\/02\/19125704\/AGO-Pallars-1.png\",\"articleSection\":[\"Uncategorized @oc\"],\"inLanguage\":\"ca\"},{\"@type\":\"WebPage\",\"@id\":\"https:\/\/www.omnium.cat\/ca\/convocatoria-de-lassemblea-general-ordinaria-domnium-pallars-2026\/\",\"url\":\"https:\/\/www.omnium.cat\/ca\/convocatoria-de-lassemblea-general-ordinaria-domnium-pallars-2026\/\",\"name\":\"Convocat\u00f2ria de l\u2019Assemblea General Ordin\u00e0ria d\u2019\u00d2mnium Pallars 2026 - \u00d2mnium Cultural\",\"isPartOf\":{\"@id\":\"https:\/\/www.omnium.cat\/ca\/#website\"},\"primaryImageOfPage\":{\"@id\":\"https:\/\/www.omnium.cat\/ca\/convocatoria-de-lassemblea-general-ordinaria-domnium-pallars-2026\/#primaryimage\"},\"image\":{\"@id\":\"https:\/\/www.omnium.cat\/ca\/convocatoria-de-lassemblea-general-ordinaria-domnium-pallars-2026\/#primaryimage\"},\"thumbnailUrl\":\"https:\/\/cdn.omnium.cat\/wp-content\/uploads\/2026\/02\/19125704\/AGO-Pallars-1.png\",\"datePublished\":\"2026-02-19T11:57:23+00:00\",\"dateModified\":\"2026-02-19T12:15:28+00:00\",\"breadcrumb\":{\"@id\":\"https:\/\/www.omnium.cat\/ca\/convocatoria-de-lassemblea-general-ordinaria-domnium-pallars-2026\/#breadcrumb\"},\"inLanguage\":\"ca\",\"potentialAction\":[{\"@type\":\"ReadAction\",\"target\":[\"https:\/\/www.omnium.cat\/ca\/convocatoria-de-lassemblea-general-ordinaria-domnium-pallars-2026\/\"]}]},{\"@type\":\"ImageObject\",\"inLanguage\":\"ca\",\"@id\":\"https:\/\/www.omnium.cat\/ca\/convocatoria-de-lassemblea-general-ordinaria-domnium-pallars-2026\/#primaryimage\",\"url\":\"https:\/\/cdn.omnium.cat\/wp-content\/uploads\/2026\/02\/19125704\/AGO-Pallars-1.png\",\"contentUrl\":\"https:\/\/cdn.omnium.cat\/wp-content\/uploads\/2026\/02\/19125704\/AGO-Pallars-1.png\",\"width\":1249,\"height\":624},{\"@type\":\"BreadcrumbList\",\"@id\":\"https:\/\/www.omnium.cat\/ca\/convocatoria-de-lassemblea-general-ordinaria-domnium-pallars-2026\/#breadcrumb\",\"itemListElement\":[{\"@type\":\"ListItem\",\"position\":1,\"name\":\"Inici\",\"item\":\"https:\/\/www.omnium.cat\/ca\/\"},{\"@type\":\"ListItem\",\"position\":2,\"name\":\"Convocat\u00f2ria de l\u2019Assemblea General Ordin\u00e0ria d\u2019\u00d2mnium Pallars 2026\"}]},{\"@type\":\"WebSite\",\"@id\":\"https:\/\/www.omnium.cat\/ca\/#website\",\"url\":\"https:\/\/www.omnium.cat\/ca\/\",\"name\":\"\u00d2mnium Cultural\",\"description\":\"Llengua Cultura Pa\u00eds\",\"publisher\":{\"@id\":\"https:\/\/www.omnium.cat\/ca\/#organization\"},\"potentialAction\":[{\"@type\":\"SearchAction\",\"target\":{\"@type\":\"EntryPoint\",\"urlTemplate\":\"https:\/\/www.omnium.cat\/ca\/?s={search_term_string}\"},\"query-input\":{\"@type\":\"PropertyValueSpecification\",\"valueRequired\":true,\"valueName\":\"search_term_string\"}}],\"inLanguage\":\"ca\"},{\"@type\":\"Organization\",\"@id\":\"https:\/\/www.omnium.cat\/ca\/#organization\",\"name\":\"\u00d2mnium Cultural\",\"url\":\"https:\/\/www.omnium.cat\/ca\/\",\"logo\":{\"@type\":\"ImageObject\",\"inLanguage\":\"ca\",\"@id\":\"https:\/\/www.omnium.cat\/ca\/#\/schema\/logo\/image\/\",\"url\":\"https:\/\/cdn.omnium.cat\/wp-content\/uploads\/2019\/06\/01112517\/cropped-omnium_logo-1.png\",\"contentUrl\":\"https:\/\/cdn.omnium.cat\/wp-content\/uploads\/2019\/06\/01112517\/cropped-omnium_logo-1.png\",\"width\":1213,\"height\":262,\"caption\":\"\u00d2mnium Cultural\"},\"image\":{\"@id\":\"https:\/\/www.omnium.cat\/ca\/#\/schema\/logo\/image\/\"},\"sameAs\":[\"https:\/\/www.facebook.com\/omniumcultural\",\"https:\/\/x.com\/omnium\",\"https:\/\/www.instagram.com\/omniumcultural\/\",\"https:\/\/www.youtube.com\/user\/omniumcultural\"]},{\"@type\":\"Person\",\"@id\":\"https:\/\/www.omnium.cat\/ca\/#\/schema\/person\/73c9504a9a040a77980c4b3422b57dac\",\"name\":\"Aziz Bounjimi\",\"image\":{\"@type\":\"ImageObject\",\"inLanguage\":\"ca\",\"@id\":\"https:\/\/secure.gravatar.com\/avatar\/16746ce72dc42418e0c6baa7ef9cdc7ad5e87b76af9ff9a6fa9cda9db0df1829?s=96&d=mm&r=g\",\"url\":\"https:\/\/secure.gravatar.com\/avatar\/16746ce72dc42418e0c6baa7ef9cdc7ad5e87b76af9ff9a6fa9cda9db0df1829?s=96&d=mm&r=g\",\"contentUrl\":\"https:\/\/secure.gravatar.com\/avatar\/16746ce72dc42418e0c6baa7ef9cdc7ad5e87b76af9ff9a6fa9cda9db0df1829?s=96&d=mm&r=g\",\"caption\":\"Aziz Bounjimi\"}}]}<\/script>\n<!-- \/ Yoast SEO plugin. -->","yoast_head_json":{"title":"Convocat\u00f2ria de l\u2019Assemblea General Ordin\u00e0ria d\u2019\u00d2mnium Pallars 2026 - \u00d2mnium Cultural","robots":{"index":"index","follow":"follow","max-snippet":"max-snippet:-1","max-image-preview":"max-image-preview:large","max-video-preview":"max-video-preview:-1"},"canonical":"https:\/\/www.omnium.cat\/ca\/convocatoria-de-lassemblea-general-ordinaria-domnium-pallars-2026\/","twitter_misc":{"Escrit per":"Aziz Bounjimi","Temps estimat de lectura":"2 minuts"},"schema":{"@context":"https:\/\/schema.org","@graph":[{"@type":"Article","@id":"https:\/\/www.omnium.cat\/ca\/convocatoria-de-lassemblea-general-ordinaria-domnium-pallars-2026\/#article","isPartOf":{"@id":"https:\/\/www.omnium.cat\/ca\/convocatoria-de-lassemblea-general-ordinaria-domnium-pallars-2026\/"},"author":{"name":"Aziz Bounjimi","@id":"https:\/\/www.omnium.cat\/ca\/#\/schema\/person\/73c9504a9a040a77980c4b3422b57dac"},"headline":"Convocat\u00f2ria de l\u2019Assemblea General Ordin\u00e0ria d\u2019\u00d2mnium Pallars 2026","datePublished":"2026-02-19T11:57:23+00:00","dateModified":"2026-02-19T12:15:28+00:00","mainEntityOfPage":{"@id":"https:\/\/www.omnium.cat\/ca\/convocatoria-de-lassemblea-general-ordinaria-domnium-pallars-2026\/"},"wordCount":307,"publisher":{"@id":"https:\/\/www.omnium.cat\/ca\/#organization"},"image":{"@id":"https:\/\/www.omnium.cat\/ca\/convocatoria-de-lassemblea-general-ordinaria-domnium-pallars-2026\/#primaryimage"},"thumbnailUrl":"https:\/\/cdn.omnium.cat\/wp-content\/uploads\/2026\/02\/19125704\/AGO-Pallars-1.png","articleSection":["Uncategorized @oc"],"inLanguage":"ca"},{"@type":"WebPage","@id":"https:\/\/www.omnium.cat\/ca\/convocatoria-de-lassemblea-general-ordinaria-domnium-pallars-2026\/","url":"https:\/\/www.omnium.cat\/ca\/convocatoria-de-lassemblea-general-ordinaria-domnium-pallars-2026\/","name":"Convocat\u00f2ria de l\u2019Assemblea General Ordin\u00e0ria d\u2019\u00d2mnium Pallars 2026 - \u00d2mnium Cultural","isPartOf":{"@id":"https:\/\/www.omnium.cat\/ca\/#website"},"primaryImageOfPage":{"@id":"https:\/\/www.omnium.cat\/ca\/convocatoria-de-lassemblea-general-ordinaria-domnium-pallars-2026\/#primaryimage"},"image":{"@id":"https:\/\/www.omnium.cat\/ca\/convocatoria-de-lassemblea-general-ordinaria-domnium-pallars-2026\/#primaryimage"},"thumbnailUrl":"https:\/\/cdn.omnium.cat\/wp-content\/uploads\/2026\/02\/19125704\/AGO-Pallars-1.png","datePublished":"2026-02-19T11:57:23+00:00","dateModified":"2026-02-19T12:15:28+00:00","breadcrumb":{"@id":"https:\/\/www.omnium.cat\/ca\/convocatoria-de-lassemblea-general-ordinaria-domnium-pallars-2026\/#breadcrumb"},"inLanguage":"ca","potentialAction":[{"@type":"ReadAction","target":["https:\/\/www.omnium.cat\/ca\/convocatoria-de-lassemblea-general-ordinaria-domnium-pallars-2026\/"]}]},{"@type":"ImageObject","inLanguage":"ca","@id":"https:\/\/www.omnium.cat\/ca\/convocatoria-de-lassemblea-general-ordinaria-domnium-pallars-2026\/#primaryimage","url":"https:\/\/cdn.omnium.cat\/wp-content\/uploads\/2026\/02\/19125704\/AGO-Pallars-1.png","contentUrl":"https:\/\/cdn.omnium.cat\/wp-content\/uploads\/2026\/02\/19125704\/AGO-Pallars-1.png","width":1249,"height":624},{"@type":"BreadcrumbList","@id":"https:\/\/www.omnium.cat\/ca\/convocatoria-de-lassemblea-general-ordinaria-domnium-pallars-2026\/#breadcrumb","itemListElement":[{"@type":"ListItem","position":1,"name":"Inici","item":"https:\/\/www.omnium.cat\/ca\/"},{"@type":"ListItem","position":2,"name":"Convocat\u00f2ria de l\u2019Assemblea General Ordin\u00e0ria d\u2019\u00d2mnium Pallars 2026"}]},{"@type":"WebSite","@id":"https:\/\/www.omnium.cat\/ca\/#website","url":"https:\/\/www.omnium.cat\/ca\/","name":"\u00d2mnium Cultural","description":"Llengua Cultura Pa\u00eds","publisher":{"@id":"https:\/\/www.omnium.cat\/ca\/#organization"},"potentialAction":[{"@type":"SearchAction","target":{"@type":"EntryPoint","urlTemplate":"https:\/\/www.omnium.cat\/ca\/?s={search_term_string}"},"query-input":{"@type":"PropertyValueSpecification","valueRequired":true,"valueName":"search_term_string"}}],"inLanguage":"ca"},{"@type":"Organization","@id":"https:\/\/www.omnium.cat\/ca\/#organization","name":"\u00d2mnium Cultural","url":"https:\/\/www.omnium.cat\/ca\/","logo":{"@type":"ImageObject","inLanguage":"ca","@id":"https:\/\/www.omnium.cat\/ca\/#\/schema\/logo\/image\/","url":"https:\/\/cdn.omnium.cat\/wp-content\/uploads\/2019\/06\/01112517\/cropped-omnium_logo-1.png","contentUrl":"https:\/\/cdn.omnium.cat\/wp-content\/uploads\/2019\/06\/01112517\/cropped-omnium_logo-1.png","width":1213,"height":262,"caption":"\u00d2mnium Cultural"},"image":{"@id":"https:\/\/www.omnium.cat\/ca\/#\/schema\/logo\/image\/"},"sameAs":["https:\/\/www.facebook.com\/omniumcultural","https:\/\/x.com\/omnium","https:\/\/www.instagram.com\/omniumcultural\/","https:\/\/www.youtube.com\/user\/omniumcultural"]},{"@type":"Person","@id":"https:\/\/www.omnium.cat\/ca\/#\/schema\/person\/73c9504a9a040a77980c4b3422b57dac","name":"Aziz Bounjimi","image":{"@type":"ImageObject","inLanguage":"ca","@id":"https:\/\/secure.gravatar.com\/avatar\/16746ce72dc42418e0c6baa7ef9cdc7ad5e87b76af9ff9a6fa9cda9db0df1829?s=96&d=mm&r=g","url":"https:\/\/secure.gravatar.com\/avatar\/16746ce72dc42418e0c6baa7ef9cdc7ad5e87b76af9ff9a6fa9cda9db0df1829?s=96&d=mm&r=g","contentUrl":"https:\/\/secure.gravatar.com\/avatar\/16746ce72dc42418e0c6baa7ef9cdc7ad5e87b76af9ff9a6fa9cda9db0df1829?s=96&d=mm&r=g","caption":"Aziz Bounjimi"}}]}},"_links":{"self":[{"href":"https:\/\/www.omnium.cat\/ca\/wp-json\/wp\/v2\/posts\/451040","targetHints":{"allow":["GET"]}}],"collection":[{"href":"https:\/\/www.omnium.cat\/ca\/wp-json\/wp\/v2\/posts"}],"about":[{"href":"https:\/\/www.omnium.cat\/ca\/wp-json\/wp\/v2\/types\/post"}],"author":[{"embeddable":true,"href":"https:\/\/www.omnium.cat\/ca\/wp-json\/wp\/v2\/users\/52"}],"replies":[{"embeddable":true,"href":"https:\/\/www.omnium.cat\/ca\/wp-json\/wp\/v2\/comments?post=451040"}],"version-history":[{"count":5,"href":"https:\/\/www.omnium.cat\/ca\/wp-json\/wp\/v2\/posts\/451040\/revisions"}],"predecessor-version":[{"id":451052,"href":"https:\/\/www.omnium.cat\/ca\/wp-json\/wp\/v2\/posts\/451040\/revisions\/451052"}],"wp:featuredmedia":[{"embeddable":true,"href":"https:\/\/www.omnium.cat\/ca\/wp-json\/wp\/v2\/media\/451041"}],"wp:attachment":[{"href":"https:\/\/www.omnium.cat\/ca\/wp-json\/wp\/v2\/media?parent=451040"}],"wp:term":[{"taxonomy":"category","embeddable":true,"href":"https:\/\/www.omnium.cat\/ca\/wp-json\/wp\/v2\/categories?post=451040"},{"taxonomy":"post_tag","embeddable":true,"href":"https:\/\/www.omnium.cat\/ca\/wp-json\/wp\/v2\/tags?post=451040"},{"taxonomy":"post_headquarter","embeddable":true,"href":"https:\/\/www.omnium.cat\/ca\/wp-json\/wp\/v2\/post_headquarter?post=451040"},{"taxonomy":"post_project","embeddable":true,"href":"https:\/\/www.omnium.cat\/ca\/wp-json\/wp\/v2\/post_project?post=451040"}],"curies":[{"name":"wp","href":"https:\/\/api.w.org\/{rel}","templated":true}]}}