{"id":451098,"date":"2026-02-23T16:01:15","date_gmt":"2026-02-23T15:01:15","guid":{"rendered":"https:\/\/www.omnium.cat\/?p=451098"},"modified":"2026-02-23T16:01:20","modified_gmt":"2026-02-23T15:01:20","slug":"els-grups-de-vincles-de-la-terra-alta-commemoren-el-dia-internacional-de-la-llengua-materna","status":"publish","type":"post","link":"https:\/\/www.omnium.cat\/ca\/els-grups-de-vincles-de-la-terra-alta-commemoren-el-dia-internacional-de-la-llengua-materna\/","title":{"rendered":"Els grups de Vincles de la Terra Alta commemoren el Dia Internacional de la Llengua Materna"},"content":{"rendered":"\n<p>Les participants dels grups de Vincles de la Terra Alta van commemorar el Dia Internacional de la Llengua Materna el passat divendres 20 de febrer la Biblioteca de Gandesa.\u00a0<\/p>\n<p>Esta iniciativa va ser aprovada l\u2019any 1999 per la UNESCO, l\u2019Organitzaci\u00f3 de les Nacions Unides per a l\u2019Educaci\u00f3, la Ci\u00e8ncia i la Cultura. Este organisme creu en la import\u00e0ncia de la diversitat cultural i ling\u00fc\u00edstica per a les societats sostenibles. En el marc de la seua missi\u00f3 en pro de la pau, treballa per preservar les difer\u00e8ncies de cultures i idiomes que fomenten la toler\u00e0ncia i el respecte mutu.<\/p>\n<p>Per commemorar aquest dia, les usu\u00e0ries del projecte Vincles de Bot, Gandesa i la Pobla de Massaluca van participar en la creaci\u00f3 d&#8217;una pe\u00e7a audiovisual que mostra el dia a dia dels grups, curiositats de les seues lleng\u00fces maternes, algunes de les primeres paraules que van aprendre del catal\u00e0, la conviv\u00e8ncia entre la llengua materna i el catal\u00e0, etc.<\/p>\n\n\n\n\n\n<p><div class=\"omnium_embed_responsive_wrapper\"><iframe title=\"Dia Internacional de la Llengua Materna - Vincles Terra Alta\" width=\"1337\" height=\"752\" src=\"https:\/\/www.youtube.com\/embed\/61z41am-igg?feature=oembed\" frameborder=\"0\" allow=\"accelerometer; autoplay; clipboard-write; encrypted-media; gyroscope; picture-in-picture; web-share\" referrerpolicy=\"strict-origin-when-cross-origin\" allowfullscreen><\/iframe><\/div><\/p>\n\n\n\n<p>Tamb\u00e9 durant l&#8217;acte els participants van respondre preguntes dels assistents per donar a con\u00e8ixer la riquesa ling\u00fc\u00edstica present a la comarca de la Terra Alta. Aix\u00ed doncs, els assistents a l\u2019acte van poder conversar amb persones que parlen \u00e0rab, alban\u00e8s, pe\u00fcl, castell\u00e0, franc\u00e8s, portugu\u00e8s, roman\u00e8s, panjabi i urd\u00fa.<\/p>\n","protected":false},"excerpt":{"rendered":"<p>Les participants dels grups de Vincles de la Terra Alta van commemorar el Dia Internacional de la Llengua Materna el passat divendres 20 de febrer la Biblioteca de Gandesa.\u00a0 Esta [&hellip;]<\/p>\n","protected":false},"author":291,"featured_media":451100,"comment_status":"closed","ping_status":"open","sticky":false,"template":"","format":"standard","meta":{"_acf_changed":false,"footnotes":""},"categories":[1],"tags":[5763,3846,486],"post_headquarter":[1749],"post_project":[],"class_list":["post-451098","post","type-post","status-publish","format-standard","has-post-thumbnail","hentry","category-uncategorized-ca","tag-biblioteca-de-gandesa","tag-dia-internacional-de-la-llengua-materna","tag-terra-alta","post_headquarter-terres-de-lebre"],"acf":[],"yoast_head":"<!-- This site is optimized with the Yoast SEO plugin v27.2 - https:\/\/yoast.com\/product\/yoast-seo-wordpress\/ -->\n<title>Els grups de Vincles de la Terra Alta commemoren el Dia Internacional de la Llengua Materna - \u00d2mnium Cultural<\/title>\n<meta name=\"robots\" content=\"index, follow, max-snippet:-1, max-image-preview:large, max-video-preview:-1\" \/>\n<link rel=\"canonical\" href=\"https:\/\/www.omnium.cat\/ca\/els-grups-de-vincles-de-la-terra-alta-commemoren-el-dia-internacional-de-la-llengua-materna\/\" \/>\n<meta name=\"twitter:label1\" content=\"Escrit per\" \/>\n\t<meta name=\"twitter:data1\" content=\"Judit Camacho\" \/>\n\t<meta name=\"twitter:label2\" content=\"Temps estimat de lectura\" \/>\n\t<meta name=\"twitter:data2\" content=\"2 minuts\" \/>\n<script type=\"application\/ld+json\" class=\"yoast-schema-graph\">{\"@context\":\"https:\/\/schema.org\",\"@graph\":[{\"@type\":\"Article\",\"@id\":\"https:\/\/www.omnium.cat\/ca\/els-grups-de-vincles-de-la-terra-alta-commemoren-el-dia-internacional-de-la-llengua-materna\/#article\",\"isPartOf\":{\"@id\":\"https:\/\/www.omnium.cat\/ca\/els-grups-de-vincles-de-la-terra-alta-commemoren-el-dia-internacional-de-la-llengua-materna\/\"},\"author\":{\"name\":\"Judit Camacho\",\"@id\":\"https:\/\/www.omnium.cat\/ca\/#\/schema\/person\/156d3b6e35962d40a154d86d445b975b\"},\"headline\":\"Els grups de Vincles de la Terra Alta commemoren el Dia Internacional de la Llengua Materna\",\"datePublished\":\"2026-02-23T15:01:15+00:00\",\"dateModified\":\"2026-02-23T15:01:20+00:00\",\"mainEntityOfPage\":{\"@id\":\"https:\/\/www.omnium.cat\/ca\/els-grups-de-vincles-de-la-terra-alta-commemoren-el-dia-internacional-de-la-llengua-materna\/\"},\"wordCount\":248,\"publisher\":{\"@id\":\"https:\/\/www.omnium.cat\/ca\/#organization\"},\"image\":{\"@id\":\"https:\/\/www.omnium.cat\/ca\/els-grups-de-vincles-de-la-terra-alta-commemoren-el-dia-internacional-de-la-llengua-materna\/#primaryimage\"},\"thumbnailUrl\":\"https:\/\/cdn.omnium.cat\/wp-content\/uploads\/2026\/02\/23160018\/WhatsApp-Image-2026-02-20-at-21.14.04-1.jpeg\",\"keywords\":[\"biblioteca de gandesa\",\"Dia Internacional de la Llengua Materna\",\"Terra Alta\"],\"articleSection\":[\"Uncategorized @oc\"],\"inLanguage\":\"ca\"},{\"@type\":\"WebPage\",\"@id\":\"https:\/\/www.omnium.cat\/ca\/els-grups-de-vincles-de-la-terra-alta-commemoren-el-dia-internacional-de-la-llengua-materna\/\",\"url\":\"https:\/\/www.omnium.cat\/ca\/els-grups-de-vincles-de-la-terra-alta-commemoren-el-dia-internacional-de-la-llengua-materna\/\",\"name\":\"Els grups de Vincles de la Terra Alta commemoren el Dia Internacional de la Llengua Materna - \u00d2mnium Cultural\",\"isPartOf\":{\"@id\":\"https:\/\/www.omnium.cat\/ca\/#website\"},\"primaryImageOfPage\":{\"@id\":\"https:\/\/www.omnium.cat\/ca\/els-grups-de-vincles-de-la-terra-alta-commemoren-el-dia-internacional-de-la-llengua-materna\/#primaryimage\"},\"image\":{\"@id\":\"https:\/\/www.omnium.cat\/ca\/els-grups-de-vincles-de-la-terra-alta-commemoren-el-dia-internacional-de-la-llengua-materna\/#primaryimage\"},\"thumbnailUrl\":\"https:\/\/cdn.omnium.cat\/wp-content\/uploads\/2026\/02\/23160018\/WhatsApp-Image-2026-02-20-at-21.14.04-1.jpeg\",\"datePublished\":\"2026-02-23T15:01:15+00:00\",\"dateModified\":\"2026-02-23T15:01:20+00:00\",\"breadcrumb\":{\"@id\":\"https:\/\/www.omnium.cat\/ca\/els-grups-de-vincles-de-la-terra-alta-commemoren-el-dia-internacional-de-la-llengua-materna\/#breadcrumb\"},\"inLanguage\":\"ca\",\"potentialAction\":[{\"@type\":\"ReadAction\",\"target\":[\"https:\/\/www.omnium.cat\/ca\/els-grups-de-vincles-de-la-terra-alta-commemoren-el-dia-internacional-de-la-llengua-materna\/\"]}]},{\"@type\":\"ImageObject\",\"inLanguage\":\"ca\",\"@id\":\"https:\/\/www.omnium.cat\/ca\/els-grups-de-vincles-de-la-terra-alta-commemoren-el-dia-internacional-de-la-llengua-materna\/#primaryimage\",\"url\":\"https:\/\/cdn.omnium.cat\/wp-content\/uploads\/2026\/02\/23160018\/WhatsApp-Image-2026-02-20-at-21.14.04-1.jpeg\",\"contentUrl\":\"https:\/\/cdn.omnium.cat\/wp-content\/uploads\/2026\/02\/23160018\/WhatsApp-Image-2026-02-20-at-21.14.04-1.jpeg\",\"width\":2048,\"height\":1536},{\"@type\":\"BreadcrumbList\",\"@id\":\"https:\/\/www.omnium.cat\/ca\/els-grups-de-vincles-de-la-terra-alta-commemoren-el-dia-internacional-de-la-llengua-materna\/#breadcrumb\",\"itemListElement\":[{\"@type\":\"ListItem\",\"position\":1,\"name\":\"Inici\",\"item\":\"https:\/\/www.omnium.cat\/ca\/\"},{\"@type\":\"ListItem\",\"position\":2,\"name\":\"Els grups de Vincles de la Terra Alta commemoren el Dia Internacional de la Llengua Materna\"}]},{\"@type\":\"WebSite\",\"@id\":\"https:\/\/www.omnium.cat\/ca\/#website\",\"url\":\"https:\/\/www.omnium.cat\/ca\/\",\"name\":\"\u00d2mnium Cultural\",\"description\":\"Llengua Cultura Pa\u00eds\",\"publisher\":{\"@id\":\"https:\/\/www.omnium.cat\/ca\/#organization\"},\"potentialAction\":[{\"@type\":\"SearchAction\",\"target\":{\"@type\":\"EntryPoint\",\"urlTemplate\":\"https:\/\/www.omnium.cat\/ca\/?s={search_term_string}\"},\"query-input\":{\"@type\":\"PropertyValueSpecification\",\"valueRequired\":true,\"valueName\":\"search_term_string\"}}],\"inLanguage\":\"ca\"},{\"@type\":\"Organization\",\"@id\":\"https:\/\/www.omnium.cat\/ca\/#organization\",\"name\":\"\u00d2mnium Cultural\",\"url\":\"https:\/\/www.omnium.cat\/ca\/\",\"logo\":{\"@type\":\"ImageObject\",\"inLanguage\":\"ca\",\"@id\":\"https:\/\/www.omnium.cat\/ca\/#\/schema\/logo\/image\/\",\"url\":\"https:\/\/cdn.omnium.cat\/wp-content\/uploads\/2019\/06\/01112517\/cropped-omnium_logo-1.png\",\"contentUrl\":\"https:\/\/cdn.omnium.cat\/wp-content\/uploads\/2019\/06\/01112517\/cropped-omnium_logo-1.png\",\"width\":1213,\"height\":262,\"caption\":\"\u00d2mnium Cultural\"},\"image\":{\"@id\":\"https:\/\/www.omnium.cat\/ca\/#\/schema\/logo\/image\/\"},\"sameAs\":[\"https:\/\/www.facebook.com\/omniumcultural\",\"https:\/\/x.com\/omnium\",\"https:\/\/www.instagram.com\/omniumcultural\/\",\"https:\/\/www.youtube.com\/user\/omniumcultural\"]},{\"@type\":\"Person\",\"@id\":\"https:\/\/www.omnium.cat\/ca\/#\/schema\/person\/156d3b6e35962d40a154d86d445b975b\",\"name\":\"Judit Camacho\",\"image\":{\"@type\":\"ImageObject\",\"inLanguage\":\"ca\",\"@id\":\"https:\/\/secure.gravatar.com\/avatar\/62920777ea74275202de6736c422efbc91fd01521d4b295156b8e454bbf254de?s=96&d=mm&r=g\",\"url\":\"https:\/\/secure.gravatar.com\/avatar\/62920777ea74275202de6736c422efbc91fd01521d4b295156b8e454bbf254de?s=96&d=mm&r=g\",\"contentUrl\":\"https:\/\/secure.gravatar.com\/avatar\/62920777ea74275202de6736c422efbc91fd01521d4b295156b8e454bbf254de?s=96&d=mm&r=g\",\"caption\":\"Judit Camacho\"}}]}<\/script>\n<!-- \/ Yoast SEO plugin. -->","yoast_head_json":{"title":"Els grups de Vincles de la Terra Alta commemoren el Dia Internacional de la Llengua Materna - \u00d2mnium Cultural","robots":{"index":"index","follow":"follow","max-snippet":"max-snippet:-1","max-image-preview":"max-image-preview:large","max-video-preview":"max-video-preview:-1"},"canonical":"https:\/\/www.omnium.cat\/ca\/els-grups-de-vincles-de-la-terra-alta-commemoren-el-dia-internacional-de-la-llengua-materna\/","twitter_misc":{"Escrit per":"Judit Camacho","Temps estimat de lectura":"2 minuts"},"schema":{"@context":"https:\/\/schema.org","@graph":[{"@type":"Article","@id":"https:\/\/www.omnium.cat\/ca\/els-grups-de-vincles-de-la-terra-alta-commemoren-el-dia-internacional-de-la-llengua-materna\/#article","isPartOf":{"@id":"https:\/\/www.omnium.cat\/ca\/els-grups-de-vincles-de-la-terra-alta-commemoren-el-dia-internacional-de-la-llengua-materna\/"},"author":{"name":"Judit Camacho","@id":"https:\/\/www.omnium.cat\/ca\/#\/schema\/person\/156d3b6e35962d40a154d86d445b975b"},"headline":"Els grups de Vincles de la Terra Alta commemoren el Dia Internacional de la Llengua Materna","datePublished":"2026-02-23T15:01:15+00:00","dateModified":"2026-02-23T15:01:20+00:00","mainEntityOfPage":{"@id":"https:\/\/www.omnium.cat\/ca\/els-grups-de-vincles-de-la-terra-alta-commemoren-el-dia-internacional-de-la-llengua-materna\/"},"wordCount":248,"publisher":{"@id":"https:\/\/www.omnium.cat\/ca\/#organization"},"image":{"@id":"https:\/\/www.omnium.cat\/ca\/els-grups-de-vincles-de-la-terra-alta-commemoren-el-dia-internacional-de-la-llengua-materna\/#primaryimage"},"thumbnailUrl":"https:\/\/cdn.omnium.cat\/wp-content\/uploads\/2026\/02\/23160018\/WhatsApp-Image-2026-02-20-at-21.14.04-1.jpeg","keywords":["biblioteca de gandesa","Dia Internacional de la Llengua Materna","Terra Alta"],"articleSection":["Uncategorized @oc"],"inLanguage":"ca"},{"@type":"WebPage","@id":"https:\/\/www.omnium.cat\/ca\/els-grups-de-vincles-de-la-terra-alta-commemoren-el-dia-internacional-de-la-llengua-materna\/","url":"https:\/\/www.omnium.cat\/ca\/els-grups-de-vincles-de-la-terra-alta-commemoren-el-dia-internacional-de-la-llengua-materna\/","name":"Els grups de Vincles de la Terra Alta commemoren el Dia Internacional de la Llengua Materna - \u00d2mnium Cultural","isPartOf":{"@id":"https:\/\/www.omnium.cat\/ca\/#website"},"primaryImageOfPage":{"@id":"https:\/\/www.omnium.cat\/ca\/els-grups-de-vincles-de-la-terra-alta-commemoren-el-dia-internacional-de-la-llengua-materna\/#primaryimage"},"image":{"@id":"https:\/\/www.omnium.cat\/ca\/els-grups-de-vincles-de-la-terra-alta-commemoren-el-dia-internacional-de-la-llengua-materna\/#primaryimage"},"thumbnailUrl":"https:\/\/cdn.omnium.cat\/wp-content\/uploads\/2026\/02\/23160018\/WhatsApp-Image-2026-02-20-at-21.14.04-1.jpeg","datePublished":"2026-02-23T15:01:15+00:00","dateModified":"2026-02-23T15:01:20+00:00","breadcrumb":{"@id":"https:\/\/www.omnium.cat\/ca\/els-grups-de-vincles-de-la-terra-alta-commemoren-el-dia-internacional-de-la-llengua-materna\/#breadcrumb"},"inLanguage":"ca","potentialAction":[{"@type":"ReadAction","target":["https:\/\/www.omnium.cat\/ca\/els-grups-de-vincles-de-la-terra-alta-commemoren-el-dia-internacional-de-la-llengua-materna\/"]}]},{"@type":"ImageObject","inLanguage":"ca","@id":"https:\/\/www.omnium.cat\/ca\/els-grups-de-vincles-de-la-terra-alta-commemoren-el-dia-internacional-de-la-llengua-materna\/#primaryimage","url":"https:\/\/cdn.omnium.cat\/wp-content\/uploads\/2026\/02\/23160018\/WhatsApp-Image-2026-02-20-at-21.14.04-1.jpeg","contentUrl":"https:\/\/cdn.omnium.cat\/wp-content\/uploads\/2026\/02\/23160018\/WhatsApp-Image-2026-02-20-at-21.14.04-1.jpeg","width":2048,"height":1536},{"@type":"BreadcrumbList","@id":"https:\/\/www.omnium.cat\/ca\/els-grups-de-vincles-de-la-terra-alta-commemoren-el-dia-internacional-de-la-llengua-materna\/#breadcrumb","itemListElement":[{"@type":"ListItem","position":1,"name":"Inici","item":"https:\/\/www.omnium.cat\/ca\/"},{"@type":"ListItem","position":2,"name":"Els grups de Vincles de la Terra Alta commemoren el Dia Internacional de la Llengua Materna"}]},{"@type":"WebSite","@id":"https:\/\/www.omnium.cat\/ca\/#website","url":"https:\/\/www.omnium.cat\/ca\/","name":"\u00d2mnium Cultural","description":"Llengua Cultura Pa\u00eds","publisher":{"@id":"https:\/\/www.omnium.cat\/ca\/#organization"},"potentialAction":[{"@type":"SearchAction","target":{"@type":"EntryPoint","urlTemplate":"https:\/\/www.omnium.cat\/ca\/?s={search_term_string}"},"query-input":{"@type":"PropertyValueSpecification","valueRequired":true,"valueName":"search_term_string"}}],"inLanguage":"ca"},{"@type":"Organization","@id":"https:\/\/www.omnium.cat\/ca\/#organization","name":"\u00d2mnium Cultural","url":"https:\/\/www.omnium.cat\/ca\/","logo":{"@type":"ImageObject","inLanguage":"ca","@id":"https:\/\/www.omnium.cat\/ca\/#\/schema\/logo\/image\/","url":"https:\/\/cdn.omnium.cat\/wp-content\/uploads\/2019\/06\/01112517\/cropped-omnium_logo-1.png","contentUrl":"https:\/\/cdn.omnium.cat\/wp-content\/uploads\/2019\/06\/01112517\/cropped-omnium_logo-1.png","width":1213,"height":262,"caption":"\u00d2mnium Cultural"},"image":{"@id":"https:\/\/www.omnium.cat\/ca\/#\/schema\/logo\/image\/"},"sameAs":["https:\/\/www.facebook.com\/omniumcultural","https:\/\/x.com\/omnium","https:\/\/www.instagram.com\/omniumcultural\/","https:\/\/www.youtube.com\/user\/omniumcultural"]},{"@type":"Person","@id":"https:\/\/www.omnium.cat\/ca\/#\/schema\/person\/156d3b6e35962d40a154d86d445b975b","name":"Judit Camacho","image":{"@type":"ImageObject","inLanguage":"ca","@id":"https:\/\/secure.gravatar.com\/avatar\/62920777ea74275202de6736c422efbc91fd01521d4b295156b8e454bbf254de?s=96&d=mm&r=g","url":"https:\/\/secure.gravatar.com\/avatar\/62920777ea74275202de6736c422efbc91fd01521d4b295156b8e454bbf254de?s=96&d=mm&r=g","contentUrl":"https:\/\/secure.gravatar.com\/avatar\/62920777ea74275202de6736c422efbc91fd01521d4b295156b8e454bbf254de?s=96&d=mm&r=g","caption":"Judit Camacho"}}]}},"_links":{"self":[{"href":"https:\/\/www.omnium.cat\/ca\/wp-json\/wp\/v2\/posts\/451098","targetHints":{"allow":["GET"]}}],"collection":[{"href":"https:\/\/www.omnium.cat\/ca\/wp-json\/wp\/v2\/posts"}],"about":[{"href":"https:\/\/www.omnium.cat\/ca\/wp-json\/wp\/v2\/types\/post"}],"author":[{"embeddable":true,"href":"https:\/\/www.omnium.cat\/ca\/wp-json\/wp\/v2\/users\/291"}],"replies":[{"embeddable":true,"href":"https:\/\/www.omnium.cat\/ca\/wp-json\/wp\/v2\/comments?post=451098"}],"version-history":[{"count":1,"href":"https:\/\/www.omnium.cat\/ca\/wp-json\/wp\/v2\/posts\/451098\/revisions"}],"predecessor-version":[{"id":451104,"href":"https:\/\/www.omnium.cat\/ca\/wp-json\/wp\/v2\/posts\/451098\/revisions\/451104"}],"wp:featuredmedia":[{"embeddable":true,"href":"https:\/\/www.omnium.cat\/ca\/wp-json\/wp\/v2\/media\/451100"}],"wp:attachment":[{"href":"https:\/\/www.omnium.cat\/ca\/wp-json\/wp\/v2\/media?parent=451098"}],"wp:term":[{"taxonomy":"category","embeddable":true,"href":"https:\/\/www.omnium.cat\/ca\/wp-json\/wp\/v2\/categories?post=451098"},{"taxonomy":"post_tag","embeddable":true,"href":"https:\/\/www.omnium.cat\/ca\/wp-json\/wp\/v2\/tags?post=451098"},{"taxonomy":"post_headquarter","embeddable":true,"href":"https:\/\/www.omnium.cat\/ca\/wp-json\/wp\/v2\/post_headquarter?post=451098"},{"taxonomy":"post_project","embeddable":true,"href":"https:\/\/www.omnium.cat\/ca\/wp-json\/wp\/v2\/post_project?post=451098"}],"curies":[{"name":"wp","href":"https:\/\/api.w.org\/{rel}","templated":true}]}}