{"id":451129,"date":"2026-02-24T09:53:45","date_gmt":"2026-02-24T08:53:45","guid":{"rendered":"https:\/\/www.omnium.cat\/?p=451129"},"modified":"2026-02-24T09:53:55","modified_gmt":"2026-02-24T08:53:55","slug":"cronica-de-la-conversa-amb-tania-juste","status":"publish","type":"post","link":"https:\/\/www.omnium.cat\/ca\/cronica-de-la-conversa-amb-tania-juste\/","title":{"rendered":"Cr\u00f2nica de la conversa amb T\u00e0nia Juste"},"content":{"rendered":"\n<p>\u00a0<\/p>\n<p><strong><span style=\"text-decoration: underline\">Les dones protagonistes de la Hist\u00f2ria<\/span><\/strong><\/p>\n<p><br \/>Aquest dijous 19 de febrer, a la Llibreria Alibri, hem pogut assistir a la Conversa amb la T\u00e0nia Juste, en la qual s&#8217;ha parlat de la traject\u00f2ria professional de l&#8217;escriptora de Les noies de Sants, la seva darrera obra publicada.<\/p>\n<p>L\u2019autora reconeix que s&#8217;ha fabricat el seu ofici a mida, doncs ha pogut ajuntar la investigaci\u00f3 hist\u00f2rica i l&#8217;escriptura. En el proc\u00e9s d\u2019escriure una novel\u00b7la comenta \u201dS\u00f3c de foc lent , escric i reescric&#8230;haig de trobar l\u2019ess\u00e8ncia.\u201d<\/p>\n<p>Historiadora de formaci\u00f3, diu que als arxius troba les fonts prim\u00e0ries per als seus llibres, als quals dedica una mitjana de dos anys per escriure&#8217;ls i reescriure&#8217;ls, perqu\u00e8 vol lliurar el manuscrit impol\u00b7lut. A m\u00e9s dels arxius on documentar-se, la T\u00e0nia compta tamb\u00e9 amb els \u201cseus c\u00f2mplices\u201d:fam\u00edlia, amics, oficis, especialistes, tesis doctorals, .. que li agrada anomenar al final del llibre.\u201cS\u00f3n molt importants per a mi perqu\u00e8 les seves hist\u00f2ries m\u2019ajuden a construir la meva hist\u00f2ria.\u201d, comenta.<\/p>\n<p>Les noies de Sants \u00e9s un llibre basat en la seva pr\u00f2pia fam\u00edlia, de fet una de les cinc germanes protagonistes era la seva \u00e0via. \u00c9s a les \u00faniques que els ha conservat el nom dins la novel\u00b7la, on tamb\u00e9 hi ha tota una colla de personatges secundaris m\u00e9s o menys reals.\u00a0<\/p>\n<p>La T\u00e0nia \u00e9s la primera generaci\u00f3 de la seva fam\u00edlia que no viu a Sants i per escriure aquest llibre ha comptat amb la col\u00b7laboraci\u00f3, a m\u00e9s de la seva fam\u00edlia,\u00a0 d&#8217;historiadors locals que tot passejant pel barri, li han explicat moltes hist\u00f2ries que ha pogut incorporar a la novel\u00b7la. \u201cHan passat moltes coses a les nostres ciutats, pobles, barris i es mereixen una hist\u00f2ria\u201d, comenta.<\/p>\n<p>Pel que fa al funcionament de l&#8217;Espanya Industrial, s&#8217;ha documentat als arxius del Districte i tamb\u00e9, \u00a0gr\u00e0cies a la tasca tant important de mem\u00f2ria hist\u00f2rica que ha fet la Lleialtat Santsenca,\u00a0 escoltant les persones que havien treballat a l&#8217;Espanya Industrial o a d&#8217;altres empreses del barri que han estat enregistrades per conservar el seu testimoni i, a trav\u00e9s de les quals ha pogut determinar, per exemple, la distribuci\u00f3 de tasques dins les f\u00e0briques per ra\u00f3 del sexe: els homes b\u00e0sicament es dedicaven \u201cal ram de l&#8217;aigua\u201d, que volia dir als acabats de les peces de roba fora de les naus on havia els telers i, les filadores i teixidores, on treballaven les dones vigilades i controlades pels caps, que majorit\u00e0riament eren homes. A preguntes dels assistents, la T\u00e0nia reconeix que no coneix el lligam que hi ha entre aquesta especificitat laboral i l&#8217;adjudicaci\u00f3 \u201cal ram de l&#8217;aigua\u201d com s&#8217;anomenava anys abans als homes homosexuals.<\/p>\n<p>T\u00e0nia Juste deixa ben clar que no ha volgut fer una biografia familiar amb Les noies de Sants, sin\u00f3 que ha fet una novel\u00b7la on a les protagonistes els passen coses com els passaven a altres dones en una \u00e8poca convulsa, amb Dictadura, Rep\u00fablica i Guerra entremig, i en un barri que s&#8217;estava construint. Aix\u00ed mateix, parlem dels personatges masculins, com l&#8217;oncle Miguel, que els lectors troben entranyable, o el sindicalista, en Mart\u00ed, molt coherent amb les seves idees pol\u00edtiques que li passen factura.<\/p>\n<p>Ha volgut tamb\u00e9 destacar el paper de les entitats socials, com l&#8217;Orfe\u00f3 de Sants i tantes altres, que van facilitar l&#8217;acc\u00e9s a la cultura de les classes populars.<\/p>\n<p>La T\u00e0nia ens explica la import\u00e0ncia que t\u00e9 per a un autor rebre un Premi literari: \u201cA m\u00e9s del gran honor que representa quan mires la llista dels que t&#8217;han precedit, et d\u00f3na molta projecci\u00f3 i fa que els teus llibres arribin a m\u00e9s gent\u201d.<\/p>\n<p>Temps de fam\u00edlia, va ser Premi N\u00e8stor Lujan el 2015, tracta d&#8217;una nissaga del Pened\u00e8s. En aquest llibre l\u2019autora estableix una similitud entre els cicles de la vida i el de la vinya.\u00a0<\/p>\n<p>Amb Amor a l&#8217;art, T\u00e0nia Juste va guanyar el Premi Prudenci Bertrana el 2021. El considera un relat molt personal perqu\u00e8 est\u00e0 inspirat en la seva experi\u00e8ncia personal quan, al finalitzar els estudis d\u2019hist\u00f2ria de l&#8217;art, descobreix que, a la seva llista d&#8217;obres pict\u00f2riques preferides, no hi apareixia ni una sola dona. La protagonista de l&#8217;obra, que situa als anys 70 del segle passat, descobreix casualment el quadre d&#8217;una pintora desconeguda en el buidatge d&#8217;un pis per part del seu avi antiquari. Aix\u00f2 ens porta a parlar un altre cop de Les noies de Sants i la visi\u00f3 femenina de la guerra, de la qual no se&#8217;n parla gaireb\u00e9 mai.<\/p>\n<p>Pregunta obligada al final: hi haur\u00e0 aviat un nou llibre? La T\u00e0nia ens ho confirma, sense desvetllar-nos el contingut, diu que es troba en \u201cfase rabiosa\u201d, \u00e9s a dir, ja s&#8217;ha documentat i ara est\u00e0 intensament centrada en escriure.<\/p>\n<p>\u00a0<\/p>\n<p>\u00a0<\/p>\n<p>\u00a0<\/p>\n<p>\u00a0<\/p>\n","protected":false},"excerpt":{"rendered":"<p>\u00a0 Les dones protagonistes de la Hist\u00f2ria Aquest dijous 19 de febrer, a la Llibreria Alibri, hem pogut assistir a la Conversa amb la T\u00e0nia Juste, en la qual s&#8217;ha [&hellip;]<\/p>\n","protected":false},"author":279,"featured_media":451131,"comment_status":"closed","ping_status":"open","sticky":false,"template":"","format":"standard","meta":{"_acf_changed":false,"footnotes":""},"categories":[1],"tags":[],"post_headquarter":[1778],"post_project":[],"class_list":["post-451129","post","type-post","status-publish","format-standard","has-post-thumbnail","hentry","category-uncategorized-ca","post_headquarter-barcelona-eixample"],"acf":[],"yoast_head":"<!-- This site is optimized with the Yoast SEO plugin v27.2 - https:\/\/yoast.com\/product\/yoast-seo-wordpress\/ -->\n<title>Cr\u00f2nica de la conversa amb T\u00e0nia Juste - \u00d2mnium Cultural<\/title>\n<meta name=\"robots\" content=\"index, follow, max-snippet:-1, max-image-preview:large, max-video-preview:-1\" \/>\n<link rel=\"canonical\" href=\"https:\/\/www.omnium.cat\/ca\/cronica-de-la-conversa-amb-tania-juste\/\" \/>\n<meta name=\"twitter:label1\" content=\"Escrit per\" \/>\n\t<meta name=\"twitter:data1\" content=\"In\u00e9s Iturralde\" \/>\n\t<meta name=\"twitter:label2\" content=\"Temps estimat de lectura\" \/>\n\t<meta name=\"twitter:data2\" content=\"5 minuts\" \/>\n<script type=\"application\/ld+json\" class=\"yoast-schema-graph\">{\"@context\":\"https:\/\/schema.org\",\"@graph\":[{\"@type\":\"Article\",\"@id\":\"https:\/\/www.omnium.cat\/ca\/cronica-de-la-conversa-amb-tania-juste\/#article\",\"isPartOf\":{\"@id\":\"https:\/\/www.omnium.cat\/ca\/cronica-de-la-conversa-amb-tania-juste\/\"},\"author\":{\"name\":\"In\u00e9s Iturralde\",\"@id\":\"https:\/\/www.omnium.cat\/ca\/#\/schema\/person\/3982c87a62fab6eccef52e0624f76453\"},\"headline\":\"Cr\u00f2nica de la conversa amb T\u00e0nia Juste\",\"datePublished\":\"2026-02-24T08:53:45+00:00\",\"dateModified\":\"2026-02-24T08:53:55+00:00\",\"mainEntityOfPage\":{\"@id\":\"https:\/\/www.omnium.cat\/ca\/cronica-de-la-conversa-amb-tania-juste\/\"},\"wordCount\":867,\"publisher\":{\"@id\":\"https:\/\/www.omnium.cat\/ca\/#organization\"},\"image\":{\"@id\":\"https:\/\/www.omnium.cat\/ca\/cronica-de-la-conversa-amb-tania-juste\/#primaryimage\"},\"thumbnailUrl\":\"https:\/\/cdn.omnium.cat\/wp-content\/uploads\/2026\/02\/24095315\/tania_juste_061124_649-06224024-1024x682-1-1.jpg\",\"articleSection\":[\"Uncategorized @oc\"],\"inLanguage\":\"ca\"},{\"@type\":\"WebPage\",\"@id\":\"https:\/\/www.omnium.cat\/ca\/cronica-de-la-conversa-amb-tania-juste\/\",\"url\":\"https:\/\/www.omnium.cat\/ca\/cronica-de-la-conversa-amb-tania-juste\/\",\"name\":\"Cr\u00f2nica de la conversa amb T\u00e0nia Juste - \u00d2mnium Cultural\",\"isPartOf\":{\"@id\":\"https:\/\/www.omnium.cat\/ca\/#website\"},\"primaryImageOfPage\":{\"@id\":\"https:\/\/www.omnium.cat\/ca\/cronica-de-la-conversa-amb-tania-juste\/#primaryimage\"},\"image\":{\"@id\":\"https:\/\/www.omnium.cat\/ca\/cronica-de-la-conversa-amb-tania-juste\/#primaryimage\"},\"thumbnailUrl\":\"https:\/\/cdn.omnium.cat\/wp-content\/uploads\/2026\/02\/24095315\/tania_juste_061124_649-06224024-1024x682-1-1.jpg\",\"datePublished\":\"2026-02-24T08:53:45+00:00\",\"dateModified\":\"2026-02-24T08:53:55+00:00\",\"breadcrumb\":{\"@id\":\"https:\/\/www.omnium.cat\/ca\/cronica-de-la-conversa-amb-tania-juste\/#breadcrumb\"},\"inLanguage\":\"ca\",\"potentialAction\":[{\"@type\":\"ReadAction\",\"target\":[\"https:\/\/www.omnium.cat\/ca\/cronica-de-la-conversa-amb-tania-juste\/\"]}]},{\"@type\":\"ImageObject\",\"inLanguage\":\"ca\",\"@id\":\"https:\/\/www.omnium.cat\/ca\/cronica-de-la-conversa-amb-tania-juste\/#primaryimage\",\"url\":\"https:\/\/cdn.omnium.cat\/wp-content\/uploads\/2026\/02\/24095315\/tania_juste_061124_649-06224024-1024x682-1-1.jpg\",\"contentUrl\":\"https:\/\/cdn.omnium.cat\/wp-content\/uploads\/2026\/02\/24095315\/tania_juste_061124_649-06224024-1024x682-1-1.jpg\",\"width\":1024,\"height\":576,\"caption\":\"T\u00e0nia Juste 05.11.2024 Foto: Albert Salam\u00e9\"},{\"@type\":\"BreadcrumbList\",\"@id\":\"https:\/\/www.omnium.cat\/ca\/cronica-de-la-conversa-amb-tania-juste\/#breadcrumb\",\"itemListElement\":[{\"@type\":\"ListItem\",\"position\":1,\"name\":\"Inici\",\"item\":\"https:\/\/www.omnium.cat\/ca\/\"},{\"@type\":\"ListItem\",\"position\":2,\"name\":\"Cr\u00f2nica de la conversa amb T\u00e0nia Juste\"}]},{\"@type\":\"WebSite\",\"@id\":\"https:\/\/www.omnium.cat\/ca\/#website\",\"url\":\"https:\/\/www.omnium.cat\/ca\/\",\"name\":\"\u00d2mnium Cultural\",\"description\":\"Llengua Cultura Pa\u00eds\",\"publisher\":{\"@id\":\"https:\/\/www.omnium.cat\/ca\/#organization\"},\"potentialAction\":[{\"@type\":\"SearchAction\",\"target\":{\"@type\":\"EntryPoint\",\"urlTemplate\":\"https:\/\/www.omnium.cat\/ca\/?s={search_term_string}\"},\"query-input\":{\"@type\":\"PropertyValueSpecification\",\"valueRequired\":true,\"valueName\":\"search_term_string\"}}],\"inLanguage\":\"ca\"},{\"@type\":\"Organization\",\"@id\":\"https:\/\/www.omnium.cat\/ca\/#organization\",\"name\":\"\u00d2mnium Cultural\",\"url\":\"https:\/\/www.omnium.cat\/ca\/\",\"logo\":{\"@type\":\"ImageObject\",\"inLanguage\":\"ca\",\"@id\":\"https:\/\/www.omnium.cat\/ca\/#\/schema\/logo\/image\/\",\"url\":\"https:\/\/cdn.omnium.cat\/wp-content\/uploads\/2019\/06\/01112517\/cropped-omnium_logo-1.png\",\"contentUrl\":\"https:\/\/cdn.omnium.cat\/wp-content\/uploads\/2019\/06\/01112517\/cropped-omnium_logo-1.png\",\"width\":1213,\"height\":262,\"caption\":\"\u00d2mnium Cultural\"},\"image\":{\"@id\":\"https:\/\/www.omnium.cat\/ca\/#\/schema\/logo\/image\/\"},\"sameAs\":[\"https:\/\/www.facebook.com\/omniumcultural\",\"https:\/\/x.com\/omnium\",\"https:\/\/www.instagram.com\/omniumcultural\/\",\"https:\/\/www.youtube.com\/user\/omniumcultural\"]},{\"@type\":\"Person\",\"@id\":\"https:\/\/www.omnium.cat\/ca\/#\/schema\/person\/3982c87a62fab6eccef52e0624f76453\",\"name\":\"In\u00e9s Iturralde\",\"image\":{\"@type\":\"ImageObject\",\"inLanguage\":\"ca\",\"@id\":\"https:\/\/secure.gravatar.com\/avatar\/9047e1b67a00cd523d6d3fa4f786eaae1bcf6fb829c76d7cf950cbfe1309b377?s=96&d=mm&r=g\",\"url\":\"https:\/\/secure.gravatar.com\/avatar\/9047e1b67a00cd523d6d3fa4f786eaae1bcf6fb829c76d7cf950cbfe1309b377?s=96&d=mm&r=g\",\"contentUrl\":\"https:\/\/secure.gravatar.com\/avatar\/9047e1b67a00cd523d6d3fa4f786eaae1bcf6fb829c76d7cf950cbfe1309b377?s=96&d=mm&r=g\",\"caption\":\"In\u00e9s Iturralde\"}}]}<\/script>\n<!-- \/ Yoast SEO plugin. -->","yoast_head_json":{"title":"Cr\u00f2nica de la conversa amb T\u00e0nia Juste - \u00d2mnium Cultural","robots":{"index":"index","follow":"follow","max-snippet":"max-snippet:-1","max-image-preview":"max-image-preview:large","max-video-preview":"max-video-preview:-1"},"canonical":"https:\/\/www.omnium.cat\/ca\/cronica-de-la-conversa-amb-tania-juste\/","twitter_misc":{"Escrit per":"In\u00e9s Iturralde","Temps estimat de lectura":"5 minuts"},"schema":{"@context":"https:\/\/schema.org","@graph":[{"@type":"Article","@id":"https:\/\/www.omnium.cat\/ca\/cronica-de-la-conversa-amb-tania-juste\/#article","isPartOf":{"@id":"https:\/\/www.omnium.cat\/ca\/cronica-de-la-conversa-amb-tania-juste\/"},"author":{"name":"In\u00e9s Iturralde","@id":"https:\/\/www.omnium.cat\/ca\/#\/schema\/person\/3982c87a62fab6eccef52e0624f76453"},"headline":"Cr\u00f2nica de la conversa amb T\u00e0nia Juste","datePublished":"2026-02-24T08:53:45+00:00","dateModified":"2026-02-24T08:53:55+00:00","mainEntityOfPage":{"@id":"https:\/\/www.omnium.cat\/ca\/cronica-de-la-conversa-amb-tania-juste\/"},"wordCount":867,"publisher":{"@id":"https:\/\/www.omnium.cat\/ca\/#organization"},"image":{"@id":"https:\/\/www.omnium.cat\/ca\/cronica-de-la-conversa-amb-tania-juste\/#primaryimage"},"thumbnailUrl":"https:\/\/cdn.omnium.cat\/wp-content\/uploads\/2026\/02\/24095315\/tania_juste_061124_649-06224024-1024x682-1-1.jpg","articleSection":["Uncategorized @oc"],"inLanguage":"ca"},{"@type":"WebPage","@id":"https:\/\/www.omnium.cat\/ca\/cronica-de-la-conversa-amb-tania-juste\/","url":"https:\/\/www.omnium.cat\/ca\/cronica-de-la-conversa-amb-tania-juste\/","name":"Cr\u00f2nica de la conversa amb T\u00e0nia Juste - \u00d2mnium Cultural","isPartOf":{"@id":"https:\/\/www.omnium.cat\/ca\/#website"},"primaryImageOfPage":{"@id":"https:\/\/www.omnium.cat\/ca\/cronica-de-la-conversa-amb-tania-juste\/#primaryimage"},"image":{"@id":"https:\/\/www.omnium.cat\/ca\/cronica-de-la-conversa-amb-tania-juste\/#primaryimage"},"thumbnailUrl":"https:\/\/cdn.omnium.cat\/wp-content\/uploads\/2026\/02\/24095315\/tania_juste_061124_649-06224024-1024x682-1-1.jpg","datePublished":"2026-02-24T08:53:45+00:00","dateModified":"2026-02-24T08:53:55+00:00","breadcrumb":{"@id":"https:\/\/www.omnium.cat\/ca\/cronica-de-la-conversa-amb-tania-juste\/#breadcrumb"},"inLanguage":"ca","potentialAction":[{"@type":"ReadAction","target":["https:\/\/www.omnium.cat\/ca\/cronica-de-la-conversa-amb-tania-juste\/"]}]},{"@type":"ImageObject","inLanguage":"ca","@id":"https:\/\/www.omnium.cat\/ca\/cronica-de-la-conversa-amb-tania-juste\/#primaryimage","url":"https:\/\/cdn.omnium.cat\/wp-content\/uploads\/2026\/02\/24095315\/tania_juste_061124_649-06224024-1024x682-1-1.jpg","contentUrl":"https:\/\/cdn.omnium.cat\/wp-content\/uploads\/2026\/02\/24095315\/tania_juste_061124_649-06224024-1024x682-1-1.jpg","width":1024,"height":576,"caption":"T\u00e0nia Juste 05.11.2024 Foto: Albert Salam\u00e9"},{"@type":"BreadcrumbList","@id":"https:\/\/www.omnium.cat\/ca\/cronica-de-la-conversa-amb-tania-juste\/#breadcrumb","itemListElement":[{"@type":"ListItem","position":1,"name":"Inici","item":"https:\/\/www.omnium.cat\/ca\/"},{"@type":"ListItem","position":2,"name":"Cr\u00f2nica de la conversa amb T\u00e0nia Juste"}]},{"@type":"WebSite","@id":"https:\/\/www.omnium.cat\/ca\/#website","url":"https:\/\/www.omnium.cat\/ca\/","name":"\u00d2mnium Cultural","description":"Llengua Cultura Pa\u00eds","publisher":{"@id":"https:\/\/www.omnium.cat\/ca\/#organization"},"potentialAction":[{"@type":"SearchAction","target":{"@type":"EntryPoint","urlTemplate":"https:\/\/www.omnium.cat\/ca\/?s={search_term_string}"},"query-input":{"@type":"PropertyValueSpecification","valueRequired":true,"valueName":"search_term_string"}}],"inLanguage":"ca"},{"@type":"Organization","@id":"https:\/\/www.omnium.cat\/ca\/#organization","name":"\u00d2mnium Cultural","url":"https:\/\/www.omnium.cat\/ca\/","logo":{"@type":"ImageObject","inLanguage":"ca","@id":"https:\/\/www.omnium.cat\/ca\/#\/schema\/logo\/image\/","url":"https:\/\/cdn.omnium.cat\/wp-content\/uploads\/2019\/06\/01112517\/cropped-omnium_logo-1.png","contentUrl":"https:\/\/cdn.omnium.cat\/wp-content\/uploads\/2019\/06\/01112517\/cropped-omnium_logo-1.png","width":1213,"height":262,"caption":"\u00d2mnium Cultural"},"image":{"@id":"https:\/\/www.omnium.cat\/ca\/#\/schema\/logo\/image\/"},"sameAs":["https:\/\/www.facebook.com\/omniumcultural","https:\/\/x.com\/omnium","https:\/\/www.instagram.com\/omniumcultural\/","https:\/\/www.youtube.com\/user\/omniumcultural"]},{"@type":"Person","@id":"https:\/\/www.omnium.cat\/ca\/#\/schema\/person\/3982c87a62fab6eccef52e0624f76453","name":"In\u00e9s Iturralde","image":{"@type":"ImageObject","inLanguage":"ca","@id":"https:\/\/secure.gravatar.com\/avatar\/9047e1b67a00cd523d6d3fa4f786eaae1bcf6fb829c76d7cf950cbfe1309b377?s=96&d=mm&r=g","url":"https:\/\/secure.gravatar.com\/avatar\/9047e1b67a00cd523d6d3fa4f786eaae1bcf6fb829c76d7cf950cbfe1309b377?s=96&d=mm&r=g","contentUrl":"https:\/\/secure.gravatar.com\/avatar\/9047e1b67a00cd523d6d3fa4f786eaae1bcf6fb829c76d7cf950cbfe1309b377?s=96&d=mm&r=g","caption":"In\u00e9s Iturralde"}}]}},"_links":{"self":[{"href":"https:\/\/www.omnium.cat\/ca\/wp-json\/wp\/v2\/posts\/451129","targetHints":{"allow":["GET"]}}],"collection":[{"href":"https:\/\/www.omnium.cat\/ca\/wp-json\/wp\/v2\/posts"}],"about":[{"href":"https:\/\/www.omnium.cat\/ca\/wp-json\/wp\/v2\/types\/post"}],"author":[{"embeddable":true,"href":"https:\/\/www.omnium.cat\/ca\/wp-json\/wp\/v2\/users\/279"}],"replies":[{"embeddable":true,"href":"https:\/\/www.omnium.cat\/ca\/wp-json\/wp\/v2\/comments?post=451129"}],"version-history":[{"count":1,"href":"https:\/\/www.omnium.cat\/ca\/wp-json\/wp\/v2\/posts\/451129\/revisions"}],"predecessor-version":[{"id":451135,"href":"https:\/\/www.omnium.cat\/ca\/wp-json\/wp\/v2\/posts\/451129\/revisions\/451135"}],"wp:featuredmedia":[{"embeddable":true,"href":"https:\/\/www.omnium.cat\/ca\/wp-json\/wp\/v2\/media\/451131"}],"wp:attachment":[{"href":"https:\/\/www.omnium.cat\/ca\/wp-json\/wp\/v2\/media?parent=451129"}],"wp:term":[{"taxonomy":"category","embeddable":true,"href":"https:\/\/www.omnium.cat\/ca\/wp-json\/wp\/v2\/categories?post=451129"},{"taxonomy":"post_tag","embeddable":true,"href":"https:\/\/www.omnium.cat\/ca\/wp-json\/wp\/v2\/tags?post=451129"},{"taxonomy":"post_headquarter","embeddable":true,"href":"https:\/\/www.omnium.cat\/ca\/wp-json\/wp\/v2\/post_headquarter?post=451129"},{"taxonomy":"post_project","embeddable":true,"href":"https:\/\/www.omnium.cat\/ca\/wp-json\/wp\/v2\/post_project?post=451129"}],"curies":[{"name":"wp","href":"https:\/\/api.w.org\/{rel}","templated":true}]}}