{"id":451138,"date":"2026-02-25T16:33:59","date_gmt":"2026-02-25T15:33:59","guid":{"rendered":"https:\/\/www.omnium.cat\/?p=451138"},"modified":"2026-03-11T17:32:40","modified_gmt":"2026-03-11T16:32:40","slug":"eramprunya-ago26","status":"publish","type":"post","link":"https:\/\/www.omnium.cat\/ca\/eramprunya-ago26\/","title":{"rendered":"\u00d2mnium Baix Llobregat Erampruny\u00e0 celebra l&#8217;assemblea territorial"},"content":{"rendered":"\n<h4>Els socis i s\u00f2cies de Viladecans, Sant Climent de Llobregat, Gav\u00e0, Castelldefels i Begues han estat convocats a l\u2019assemblea ordin\u00e0ria d\u2019\u00d2mnium Baix Llobregat Erampruny\u00e0<\/h4>\n<p>L\u2019assemblea d\u2019\u00d2mnium Baix Llobregat Erampruny\u00e0 es far\u00e0 el divendres 13 de mar\u00e7 a les 18.30 h en primera convocat\u00f2ria i a les 19 h en segona convocat\u00f2ria, a l&#8217;Ateneu d&#8217;Entitats Pablo Picasso (ptge. de Sant Ramon, 2. Viladecans. <a href=\"https:\/\/maps.app.goo.gl\/hRfiYDwMw8Nhysfg8\" target=\"_blank\" rel=\"noopener\">Localitzaci\u00f3<\/a>)<\/p>\n<p>L\u2019assemblea s\u2019ha convocat amb el seg\u00fcent ordre del dia:<\/p>\n<ol>\n<li>Lectura i aprovaci\u00f3, si escau, de l\u2019acta de l\u2019assemblea anterior<\/li>\n<li>Presentaci\u00f3 de la mem\u00f2ria d\u2019activitats 2025<\/li>\n<li>Informacions d\u2019altes i baixes a la Junta territorial<\/li>\n<li>Presentaci\u00f3 i aprovaci\u00f3, si escau, del Pla de Treball 2026<\/li>\n<li>Presentaci\u00f3 i aprovaci\u00f3, si escau, del Pressupost 2026<\/li>\n<li>Torn obert de paraules<\/li>\n<li>Cloenda de l\u2019assemblea a c\u00e0rrec de <strong>Jordi Ferrer<\/strong>, membre de la junta directiva d\u2019\u00d2mnium Cultural<\/li>\n<\/ol>\n<p>No et perdis aquesta trobada \u00fanica: coneixer\u00e0s qu\u00e8 hem fet i qu\u00e8 volem fer; i sobretot, volem comptar amb la teva opini\u00f3.<\/p>\n<p>L&#8217;acte finalitzar\u00e0 amb un <strong>aperitiu<\/strong> ofert a tots els assistents.<\/p>\n<p style=\"text-align: center\"><em>Per tal d\u2019organitzar-nos millor, ens agradaria que confirmessis l\u2019assist\u00e8ncia a l\u2019assemblea amb aquest<\/em> <a href=\"https:\/\/form.jotform.com\/260532139357356\" target=\"_blank\" rel=\"noopener\"><strong><span style=\"color: #0000ff\">formulari<\/span><\/strong><\/a>.<\/p>\n<p><strong>T\u2019hi esperem!<\/strong><\/p>\n<div style=\"width: 1337px;\" class=\"wp-video\"><video class=\"wp-video-shortcode\" id=\"video-451138-1\" width=\"1337\" height=\"752\" preload=\"metadata\" controls=\"controls\"><source type=\"video\/mp4\" src=\"https:\/\/cdn.omnium.cat\/wp-content\/uploads\/2026\/02\/11165334\/AGO-Eramprunya-2025.mp4?_=1\" \/><a href=\"https:\/\/cdn.omnium.cat\/wp-content\/uploads\/2026\/02\/11165334\/AGO-Eramprunya-2025.mp4\">https:\/\/cdn.omnium.cat\/wp-content\/uploads\/2026\/02\/11165334\/AGO-Eramprunya-2025.mp4<\/a><\/video><\/div>\n<p style=\"text-align: center\"><em>Fotos de la passada assemblea celebrada a Gav<\/em><\/p>\n","protected":false},"excerpt":{"rendered":"<p>Els socis i s\u00f2cies de Viladecans, Sant Climent de Llobregat, Gav\u00e0, Castelldefels i Begues han estat convocats a l\u2019assemblea ordin\u00e0ria d\u2019\u00d2mnium Baix Llobregat Erampruny\u00e0 L\u2019assemblea d\u2019\u00d2mnium Baix Llobregat Erampruny\u00e0 es [&hellip;]<\/p>\n","protected":false},"author":67,"featured_media":451141,"comment_status":"closed","ping_status":"open","sticky":false,"template":"","format":"standard","meta":{"_acf_changed":false,"footnotes":""},"categories":[1],"tags":[5521,5536,2005,5553,445,5535],"post_headquarter":[1748],"post_project":[],"class_list":["post-451138","post","type-post","status-publish","format-standard","has-post-thumbnail","hentry","category-uncategorized-ca","tag-begues","tag-castelldefels","tag-gava","tag-omnium-baix-llobregat-eramprunya","tag-sant-climent-de-llobregat","tag-viladecans","post_headquarter-baix-llobregat"],"acf":[],"yoast_head":"<!-- This site is optimized with the Yoast SEO plugin v27.2 - https:\/\/yoast.com\/product\/yoast-seo-wordpress\/ -->\n<title>\u00d2mnium Baix Llobregat Erampruny\u00e0 celebra l&#039;assemblea territorial - \u00d2mnium Cultural<\/title>\n<meta name=\"robots\" content=\"index, follow, max-snippet:-1, max-image-preview:large, max-video-preview:-1\" \/>\n<link rel=\"canonical\" href=\"https:\/\/www.omnium.cat\/ca\/eramprunya-ago26\/\" \/>\n<meta name=\"twitter:label1\" content=\"Escrit per\" \/>\n\t<meta name=\"twitter:data1\" content=\"Marce Cardoso\" \/>\n\t<meta name=\"twitter:label2\" content=\"Temps estimat de lectura\" \/>\n\t<meta name=\"twitter:data2\" content=\"2 minuts\" \/>\n<script type=\"application\/ld+json\" class=\"yoast-schema-graph\">{\"@context\":\"https:\/\/schema.org\",\"@graph\":[{\"@type\":\"Article\",\"@id\":\"https:\/\/www.omnium.cat\/ca\/eramprunya-ago26\/#article\",\"isPartOf\":{\"@id\":\"https:\/\/www.omnium.cat\/ca\/eramprunya-ago26\/\"},\"author\":{\"name\":\"Marce Cardoso\",\"@id\":\"https:\/\/www.omnium.cat\/ca\/#\/schema\/person\/93b5a059e5649ba2eb5c9d408006e601\"},\"headline\":\"\u00d2mnium Baix Llobregat Erampruny\u00e0 celebra l&#8217;assemblea territorial\",\"datePublished\":\"2026-02-25T15:33:59+00:00\",\"dateModified\":\"2026-03-11T16:32:40+00:00\",\"mainEntityOfPage\":{\"@id\":\"https:\/\/www.omnium.cat\/ca\/eramprunya-ago26\/\"},\"wordCount\":231,\"publisher\":{\"@id\":\"https:\/\/www.omnium.cat\/ca\/#organization\"},\"image\":{\"@id\":\"https:\/\/www.omnium.cat\/ca\/eramprunya-ago26\/#primaryimage\"},\"thumbnailUrl\":\"https:\/\/cdn.omnium.cat\/wp-content\/uploads\/2026\/02\/24113305\/ERAMPRUNYA.AGO_.capcalera_600x300px.png\",\"keywords\":[\"Begues\",\"Castelldefels\",\"Gav\u00e0\",\"\u00d2mnium Baix Llobregat Erampruny\u00e0\",\"Sant Climent de Llobregat\",\"Viladecans\"],\"articleSection\":[\"Uncategorized @oc\"],\"inLanguage\":\"ca\"},{\"@type\":\"WebPage\",\"@id\":\"https:\/\/www.omnium.cat\/ca\/eramprunya-ago26\/\",\"url\":\"https:\/\/www.omnium.cat\/ca\/eramprunya-ago26\/\",\"name\":\"\u00d2mnium Baix Llobregat Erampruny\u00e0 celebra l'assemblea territorial - \u00d2mnium Cultural\",\"isPartOf\":{\"@id\":\"https:\/\/www.omnium.cat\/ca\/#website\"},\"primaryImageOfPage\":{\"@id\":\"https:\/\/www.omnium.cat\/ca\/eramprunya-ago26\/#primaryimage\"},\"image\":{\"@id\":\"https:\/\/www.omnium.cat\/ca\/eramprunya-ago26\/#primaryimage\"},\"thumbnailUrl\":\"https:\/\/cdn.omnium.cat\/wp-content\/uploads\/2026\/02\/24113305\/ERAMPRUNYA.AGO_.capcalera_600x300px.png\",\"datePublished\":\"2026-02-25T15:33:59+00:00\",\"dateModified\":\"2026-03-11T16:32:40+00:00\",\"breadcrumb\":{\"@id\":\"https:\/\/www.omnium.cat\/ca\/eramprunya-ago26\/#breadcrumb\"},\"inLanguage\":\"ca\",\"potentialAction\":[{\"@type\":\"ReadAction\",\"target\":[\"https:\/\/www.omnium.cat\/ca\/eramprunya-ago26\/\"]}]},{\"@type\":\"ImageObject\",\"inLanguage\":\"ca\",\"@id\":\"https:\/\/www.omnium.cat\/ca\/eramprunya-ago26\/#primaryimage\",\"url\":\"https:\/\/cdn.omnium.cat\/wp-content\/uploads\/2026\/02\/24113305\/ERAMPRUNYA.AGO_.capcalera_600x300px.png\",\"contentUrl\":\"https:\/\/cdn.omnium.cat\/wp-content\/uploads\/2026\/02\/24113305\/ERAMPRUNYA.AGO_.capcalera_600x300px.png\",\"width\":1249,\"height\":624},{\"@type\":\"BreadcrumbList\",\"@id\":\"https:\/\/www.omnium.cat\/ca\/eramprunya-ago26\/#breadcrumb\",\"itemListElement\":[{\"@type\":\"ListItem\",\"position\":1,\"name\":\"Inici\",\"item\":\"https:\/\/www.omnium.cat\/ca\/\"},{\"@type\":\"ListItem\",\"position\":2,\"name\":\"\u00d2mnium Baix Llobregat Erampruny\u00e0 celebra l&#8217;assemblea territorial\"}]},{\"@type\":\"WebSite\",\"@id\":\"https:\/\/www.omnium.cat\/ca\/#website\",\"url\":\"https:\/\/www.omnium.cat\/ca\/\",\"name\":\"\u00d2mnium Cultural\",\"description\":\"Llengua Cultura Pa\u00eds\",\"publisher\":{\"@id\":\"https:\/\/www.omnium.cat\/ca\/#organization\"},\"potentialAction\":[{\"@type\":\"SearchAction\",\"target\":{\"@type\":\"EntryPoint\",\"urlTemplate\":\"https:\/\/www.omnium.cat\/ca\/?s={search_term_string}\"},\"query-input\":{\"@type\":\"PropertyValueSpecification\",\"valueRequired\":true,\"valueName\":\"search_term_string\"}}],\"inLanguage\":\"ca\"},{\"@type\":\"Organization\",\"@id\":\"https:\/\/www.omnium.cat\/ca\/#organization\",\"name\":\"\u00d2mnium Cultural\",\"url\":\"https:\/\/www.omnium.cat\/ca\/\",\"logo\":{\"@type\":\"ImageObject\",\"inLanguage\":\"ca\",\"@id\":\"https:\/\/www.omnium.cat\/ca\/#\/schema\/logo\/image\/\",\"url\":\"https:\/\/cdn.omnium.cat\/wp-content\/uploads\/2019\/06\/01112517\/cropped-omnium_logo-1.png\",\"contentUrl\":\"https:\/\/cdn.omnium.cat\/wp-content\/uploads\/2019\/06\/01112517\/cropped-omnium_logo-1.png\",\"width\":1213,\"height\":262,\"caption\":\"\u00d2mnium Cultural\"},\"image\":{\"@id\":\"https:\/\/www.omnium.cat\/ca\/#\/schema\/logo\/image\/\"},\"sameAs\":[\"https:\/\/www.facebook.com\/omniumcultural\",\"https:\/\/x.com\/omnium\",\"https:\/\/www.instagram.com\/omniumcultural\/\",\"https:\/\/www.youtube.com\/user\/omniumcultural\"]},{\"@type\":\"Person\",\"@id\":\"https:\/\/www.omnium.cat\/ca\/#\/schema\/person\/93b5a059e5649ba2eb5c9d408006e601\",\"name\":\"Marce Cardoso\",\"image\":{\"@type\":\"ImageObject\",\"inLanguage\":\"ca\",\"@id\":\"https:\/\/secure.gravatar.com\/avatar\/9e6fe25a46c2bc959cf1c05da0de1544d55f5005846688e106f17271f04b10ef?s=96&d=mm&r=g\",\"url\":\"https:\/\/secure.gravatar.com\/avatar\/9e6fe25a46c2bc959cf1c05da0de1544d55f5005846688e106f17271f04b10ef?s=96&d=mm&r=g\",\"contentUrl\":\"https:\/\/secure.gravatar.com\/avatar\/9e6fe25a46c2bc959cf1c05da0de1544d55f5005846688e106f17271f04b10ef?s=96&d=mm&r=g\",\"caption\":\"Marce Cardoso\"}}]}<\/script>\n<!-- \/ Yoast SEO plugin. -->","yoast_head_json":{"title":"\u00d2mnium Baix Llobregat Erampruny\u00e0 celebra l'assemblea territorial - \u00d2mnium Cultural","robots":{"index":"index","follow":"follow","max-snippet":"max-snippet:-1","max-image-preview":"max-image-preview:large","max-video-preview":"max-video-preview:-1"},"canonical":"https:\/\/www.omnium.cat\/ca\/eramprunya-ago26\/","twitter_misc":{"Escrit per":"Marce Cardoso","Temps estimat de lectura":"2 minuts"},"schema":{"@context":"https:\/\/schema.org","@graph":[{"@type":"Article","@id":"https:\/\/www.omnium.cat\/ca\/eramprunya-ago26\/#article","isPartOf":{"@id":"https:\/\/www.omnium.cat\/ca\/eramprunya-ago26\/"},"author":{"name":"Marce Cardoso","@id":"https:\/\/www.omnium.cat\/ca\/#\/schema\/person\/93b5a059e5649ba2eb5c9d408006e601"},"headline":"\u00d2mnium Baix Llobregat Erampruny\u00e0 celebra l&#8217;assemblea territorial","datePublished":"2026-02-25T15:33:59+00:00","dateModified":"2026-03-11T16:32:40+00:00","mainEntityOfPage":{"@id":"https:\/\/www.omnium.cat\/ca\/eramprunya-ago26\/"},"wordCount":231,"publisher":{"@id":"https:\/\/www.omnium.cat\/ca\/#organization"},"image":{"@id":"https:\/\/www.omnium.cat\/ca\/eramprunya-ago26\/#primaryimage"},"thumbnailUrl":"https:\/\/cdn.omnium.cat\/wp-content\/uploads\/2026\/02\/24113305\/ERAMPRUNYA.AGO_.capcalera_600x300px.png","keywords":["Begues","Castelldefels","Gav\u00e0","\u00d2mnium Baix Llobregat Erampruny\u00e0","Sant Climent de Llobregat","Viladecans"],"articleSection":["Uncategorized @oc"],"inLanguage":"ca"},{"@type":"WebPage","@id":"https:\/\/www.omnium.cat\/ca\/eramprunya-ago26\/","url":"https:\/\/www.omnium.cat\/ca\/eramprunya-ago26\/","name":"\u00d2mnium Baix Llobregat Erampruny\u00e0 celebra l'assemblea territorial - \u00d2mnium Cultural","isPartOf":{"@id":"https:\/\/www.omnium.cat\/ca\/#website"},"primaryImageOfPage":{"@id":"https:\/\/www.omnium.cat\/ca\/eramprunya-ago26\/#primaryimage"},"image":{"@id":"https:\/\/www.omnium.cat\/ca\/eramprunya-ago26\/#primaryimage"},"thumbnailUrl":"https:\/\/cdn.omnium.cat\/wp-content\/uploads\/2026\/02\/24113305\/ERAMPRUNYA.AGO_.capcalera_600x300px.png","datePublished":"2026-02-25T15:33:59+00:00","dateModified":"2026-03-11T16:32:40+00:00","breadcrumb":{"@id":"https:\/\/www.omnium.cat\/ca\/eramprunya-ago26\/#breadcrumb"},"inLanguage":"ca","potentialAction":[{"@type":"ReadAction","target":["https:\/\/www.omnium.cat\/ca\/eramprunya-ago26\/"]}]},{"@type":"ImageObject","inLanguage":"ca","@id":"https:\/\/www.omnium.cat\/ca\/eramprunya-ago26\/#primaryimage","url":"https:\/\/cdn.omnium.cat\/wp-content\/uploads\/2026\/02\/24113305\/ERAMPRUNYA.AGO_.capcalera_600x300px.png","contentUrl":"https:\/\/cdn.omnium.cat\/wp-content\/uploads\/2026\/02\/24113305\/ERAMPRUNYA.AGO_.capcalera_600x300px.png","width":1249,"height":624},{"@type":"BreadcrumbList","@id":"https:\/\/www.omnium.cat\/ca\/eramprunya-ago26\/#breadcrumb","itemListElement":[{"@type":"ListItem","position":1,"name":"Inici","item":"https:\/\/www.omnium.cat\/ca\/"},{"@type":"ListItem","position":2,"name":"\u00d2mnium Baix Llobregat Erampruny\u00e0 celebra l&#8217;assemblea territorial"}]},{"@type":"WebSite","@id":"https:\/\/www.omnium.cat\/ca\/#website","url":"https:\/\/www.omnium.cat\/ca\/","name":"\u00d2mnium Cultural","description":"Llengua Cultura Pa\u00eds","publisher":{"@id":"https:\/\/www.omnium.cat\/ca\/#organization"},"potentialAction":[{"@type":"SearchAction","target":{"@type":"EntryPoint","urlTemplate":"https:\/\/www.omnium.cat\/ca\/?s={search_term_string}"},"query-input":{"@type":"PropertyValueSpecification","valueRequired":true,"valueName":"search_term_string"}}],"inLanguage":"ca"},{"@type":"Organization","@id":"https:\/\/www.omnium.cat\/ca\/#organization","name":"\u00d2mnium Cultural","url":"https:\/\/www.omnium.cat\/ca\/","logo":{"@type":"ImageObject","inLanguage":"ca","@id":"https:\/\/www.omnium.cat\/ca\/#\/schema\/logo\/image\/","url":"https:\/\/cdn.omnium.cat\/wp-content\/uploads\/2019\/06\/01112517\/cropped-omnium_logo-1.png","contentUrl":"https:\/\/cdn.omnium.cat\/wp-content\/uploads\/2019\/06\/01112517\/cropped-omnium_logo-1.png","width":1213,"height":262,"caption":"\u00d2mnium Cultural"},"image":{"@id":"https:\/\/www.omnium.cat\/ca\/#\/schema\/logo\/image\/"},"sameAs":["https:\/\/www.facebook.com\/omniumcultural","https:\/\/x.com\/omnium","https:\/\/www.instagram.com\/omniumcultural\/","https:\/\/www.youtube.com\/user\/omniumcultural"]},{"@type":"Person","@id":"https:\/\/www.omnium.cat\/ca\/#\/schema\/person\/93b5a059e5649ba2eb5c9d408006e601","name":"Marce Cardoso","image":{"@type":"ImageObject","inLanguage":"ca","@id":"https:\/\/secure.gravatar.com\/avatar\/9e6fe25a46c2bc959cf1c05da0de1544d55f5005846688e106f17271f04b10ef?s=96&d=mm&r=g","url":"https:\/\/secure.gravatar.com\/avatar\/9e6fe25a46c2bc959cf1c05da0de1544d55f5005846688e106f17271f04b10ef?s=96&d=mm&r=g","contentUrl":"https:\/\/secure.gravatar.com\/avatar\/9e6fe25a46c2bc959cf1c05da0de1544d55f5005846688e106f17271f04b10ef?s=96&d=mm&r=g","caption":"Marce Cardoso"}}]}},"_links":{"self":[{"href":"https:\/\/www.omnium.cat\/ca\/wp-json\/wp\/v2\/posts\/451138","targetHints":{"allow":["GET"]}}],"collection":[{"href":"https:\/\/www.omnium.cat\/ca\/wp-json\/wp\/v2\/posts"}],"about":[{"href":"https:\/\/www.omnium.cat\/ca\/wp-json\/wp\/v2\/types\/post"}],"author":[{"embeddable":true,"href":"https:\/\/www.omnium.cat\/ca\/wp-json\/wp\/v2\/users\/67"}],"replies":[{"embeddable":true,"href":"https:\/\/www.omnium.cat\/ca\/wp-json\/wp\/v2\/comments?post=451138"}],"version-history":[{"count":11,"href":"https:\/\/www.omnium.cat\/ca\/wp-json\/wp\/v2\/posts\/451138\/revisions"}],"predecessor-version":[{"id":452407,"href":"https:\/\/www.omnium.cat\/ca\/wp-json\/wp\/v2\/posts\/451138\/revisions\/452407"}],"wp:featuredmedia":[{"embeddable":true,"href":"https:\/\/www.omnium.cat\/ca\/wp-json\/wp\/v2\/media\/451141"}],"wp:attachment":[{"href":"https:\/\/www.omnium.cat\/ca\/wp-json\/wp\/v2\/media?parent=451138"}],"wp:term":[{"taxonomy":"category","embeddable":true,"href":"https:\/\/www.omnium.cat\/ca\/wp-json\/wp\/v2\/categories?post=451138"},{"taxonomy":"post_tag","embeddable":true,"href":"https:\/\/www.omnium.cat\/ca\/wp-json\/wp\/v2\/tags?post=451138"},{"taxonomy":"post_headquarter","embeddable":true,"href":"https:\/\/www.omnium.cat\/ca\/wp-json\/wp\/v2\/post_headquarter?post=451138"},{"taxonomy":"post_project","embeddable":true,"href":"https:\/\/www.omnium.cat\/ca\/wp-json\/wp\/v2\/post_project?post=451138"}],"curies":[{"name":"wp","href":"https:\/\/api.w.org\/{rel}","templated":true}]}}