{"id":451214,"date":"2026-02-25T10:44:41","date_gmt":"2026-02-25T09:44:41","guid":{"rendered":"https:\/\/www.omnium.cat\/?p=451214"},"modified":"2026-02-25T12:52:38","modified_gmt":"2026-02-25T11:52:38","slug":"omnium-tarragones-collabora-programa-memoria-democratica-2026-tarragona","status":"publish","type":"post","link":"https:\/\/www.omnium.cat\/ca\/omnium-tarragones-collabora-programa-memoria-democratica-2026-tarragona\/","title":{"rendered":"\u00d2mnium Tarragon\u00e8s torna a col\u00b7laborar amb tres actes dins el programa de Mem\u00f2ria Democr\u00e0tica 2026 a Tarragona"},"content":{"rendered":"\n<p>Aquest dimarts, 24 de febrer, s\u2019ha presentat el programa d\u2019actes de <strong><a href=\"https:\/\/www.tarragona.cat\/patrimoni\/arxiu-municipal\/noticies\/noticies-2026\/memoria-democratica-proposa-per-aquest-2026-el-tardofranquisme-i-la-transicio\">Mem\u00f2ria Democr\u00e0tica de Tarragona d\u2019aquest 2026<\/a><\/strong>, una proposta que consolida el comprom\u00eds de la ciutat amb la recuperaci\u00f3, la difusi\u00f3 i la reflexi\u00f3 al voltant del nostre passat recent. Des d\u2019<strong>\u00d2mnium Cultural del Tarragon\u00e8s<\/strong> hi tornem a col\u00b7laborar, un any m\u00e9s, entenent la mem\u00f2ria com una eina imprescindible per defensar els drets, les llibertats i la llengua. Aquest 2026, el programa centra el seu eix tem\u00e0tic en el <strong>&#8220;El tardofranquisme i la transici\u00f3<\/strong>&#8220;. Entre el 4 de mar\u00e7 i l\u201911 de desembre s\u2019han programat un total de 48 activitats.<\/p>\n\n\n\n<p>En aquest marc, \u00d2mnium organitzem tres actes dins del programa, amb una clara voluntat pedag\u00f2gica, cultural i de debat.<\/p>\n\n\n\n<p>El primer ser\u00e0 la representaci\u00f3 de l\u2019obra <strong>&#8220;Dones del 36 contra el feixisme i la Guerra Civil&#8221;<\/strong>, de <strong>David Pint\u00f3<\/strong> i <strong>Nan Valent\u00ed,<\/strong> el <strong>divendres 17 d\u2019abril a les 11 h al Teatre Tarragona<\/strong> (Rambla Nova, 11). L\u2019obra retrata dones valentes i compromeses que van defensar les llibertats i els drets assolits durant la Rep\u00fablica i que van patir l\u2019exili, els camps de concentraci\u00f3, la resist\u00e8ncia o la repressi\u00f3 franquista. L\u2019activitat est\u00e0 adre\u00e7ada principalment als centres educatius de la ciutat, per\u00f2 hi haur\u00e0 <strong>places disponibles per a s\u00f2cies i socis<\/strong>. Properament farem p\u00fablic el formulari per sol\u00b7licitar butaca.<\/p>\n\n\n\n<p>El <strong>divendres 15 de maig a les 19 h<\/strong>, a l\u2019Antic Ajuntament (carrer Major, 41), acollirem la presentaci\u00f3 del llibre <strong>&#8220;L\u2019intent franquista de genocidi cultural contra Catalunya&#8221;<\/strong>, de Josep Benet (reedici\u00f3). L\u2019acte anir\u00e0 a c\u00e0rrec de <strong>Llu\u00eds Duran Sol\u00e0<\/strong> i <strong>Rosa Maria Codines<\/strong>, i vol aprofundir en l\u2019estrat\u00e8gia sistem\u00e0tica del franquisme per perseguir i erradicar la llengua i la cultura catalanes.<\/p>\n\n\n\n<p>Finalment, del 2 al 29 de juny, el vest\u00edbul de <strong>l\u2019Antiga Audi\u00e8ncia<\/strong> (pla\u00e7a del Pallol, 3) acollir\u00e0 l\u2019exposici\u00f3 <strong>&#8220;Paco Candel i els altres. Un retrat literari de la immigraci\u00f3 a Catalunya&#8221;<\/strong>. La <strong>inauguraci\u00f3<\/strong> i visita guiada tindran lloc el <strong>dimarts 2 de juny<\/strong> a les 18 h, a c\u00e0rrec de <strong>Jordi Font Agull\u00f3<\/strong>, director del Memorial Democr\u00e0tic. La mostra reivindica la figura de Candel i la seva mirada sobre la immigraci\u00f3 i la construcci\u00f3 col\u00b7lectiva del pa\u00eds.<\/p>\n\n\n\n<p><a href=\"https:\/\/www.tarragona.cat\/patrimoni\/arxiu-municipal\/fitxers\/altres\/memoria-democratica\/programes-memoria\/17.-programa-de-memoria-democratica-2026\">Podeu consultar el programa d&#8217;actes complet en pdf en aquest enlla\u00e7<\/a>.<\/p>\n<p>\u00a0<\/p>\n<p>\u00a0<\/p>\n<p>\u00a0<\/p>\n\n\n\n<p>Foto: Joan Carles Borrachero.<\/p>\n\n\n","protected":false},"excerpt":{"rendered":"<p>Aquest dimarts, 24 de febrer, s\u2019ha presentat el programa d\u2019actes de Mem\u00f2ria Democr\u00e0tica de Tarragona d\u2019aquest 2026, una proposta que consolida el comprom\u00eds de la ciutat amb la recuperaci\u00f3, la [&hellip;]<\/p>\n","protected":false},"author":240,"featured_media":451215,"comment_status":"closed","ping_status":"open","sticky":false,"template":"","format":"standard","meta":{"_acf_changed":false,"footnotes":""},"categories":[1],"tags":[],"post_headquarter":[1773],"post_project":[],"class_list":["post-451214","post","type-post","status-publish","format-standard","has-post-thumbnail","hentry","category-uncategorized-ca","post_headquarter-tarragones"],"acf":[],"yoast_head":"<!-- This site is optimized with the Yoast SEO plugin v27.2 - https:\/\/yoast.com\/product\/yoast-seo-wordpress\/ -->\n<title>\u00d2mnium Tarragon\u00e8s torna a col\u00b7laborar amb tres actes dins el programa de Mem\u00f2ria Democr\u00e0tica 2026 a Tarragona - \u00d2mnium Cultural<\/title>\n<meta name=\"robots\" content=\"index, follow, max-snippet:-1, max-image-preview:large, max-video-preview:-1\" \/>\n<link rel=\"canonical\" href=\"https:\/\/www.omnium.cat\/ca\/omnium-tarragones-collabora-programa-memoria-democratica-2026-tarragona\/\" \/>\n<meta name=\"twitter:label1\" content=\"Escrit per\" \/>\n\t<meta name=\"twitter:data1\" content=\"Judit Sabat\u00e9\" \/>\n\t<meta name=\"twitter:label2\" content=\"Temps estimat de lectura\" \/>\n\t<meta name=\"twitter:data2\" content=\"3 minuts\" \/>\n<script type=\"application\/ld+json\" class=\"yoast-schema-graph\">{\"@context\":\"https:\/\/schema.org\",\"@graph\":[{\"@type\":\"Article\",\"@id\":\"https:\/\/www.omnium.cat\/ca\/omnium-tarragones-collabora-programa-memoria-democratica-2026-tarragona\/#article\",\"isPartOf\":{\"@id\":\"https:\/\/www.omnium.cat\/ca\/omnium-tarragones-collabora-programa-memoria-democratica-2026-tarragona\/\"},\"author\":{\"name\":\"Judit Sabat\u00e9\",\"@id\":\"https:\/\/www.omnium.cat\/ca\/#\/schema\/person\/c6fcea861129ca6b2853045a4c13fff3\"},\"headline\":\"\u00d2mnium Tarragon\u00e8s torna a col\u00b7laborar amb tres actes dins el programa de Mem\u00f2ria Democr\u00e0tica 2026 a Tarragona\",\"datePublished\":\"2026-02-25T09:44:41+00:00\",\"dateModified\":\"2026-02-25T11:52:38+00:00\",\"mainEntityOfPage\":{\"@id\":\"https:\/\/www.omnium.cat\/ca\/omnium-tarragones-collabora-programa-memoria-democratica-2026-tarragona\/\"},\"wordCount\":416,\"publisher\":{\"@id\":\"https:\/\/www.omnium.cat\/ca\/#organization\"},\"image\":{\"@id\":\"https:\/\/www.omnium.cat\/ca\/omnium-tarragones-collabora-programa-memoria-democratica-2026-tarragona\/#primaryimage\"},\"thumbnailUrl\":\"https:\/\/cdn.omnium.cat\/wp-content\/uploads\/2026\/02\/25104251\/memoria-democratica-2.jpg\",\"articleSection\":[\"Uncategorized @oc\"],\"inLanguage\":\"ca\"},{\"@type\":\"WebPage\",\"@id\":\"https:\/\/www.omnium.cat\/ca\/omnium-tarragones-collabora-programa-memoria-democratica-2026-tarragona\/\",\"url\":\"https:\/\/www.omnium.cat\/ca\/omnium-tarragones-collabora-programa-memoria-democratica-2026-tarragona\/\",\"name\":\"\u00d2mnium Tarragon\u00e8s torna a col\u00b7laborar amb tres actes dins el programa de Mem\u00f2ria Democr\u00e0tica 2026 a Tarragona - \u00d2mnium Cultural\",\"isPartOf\":{\"@id\":\"https:\/\/www.omnium.cat\/ca\/#website\"},\"primaryImageOfPage\":{\"@id\":\"https:\/\/www.omnium.cat\/ca\/omnium-tarragones-collabora-programa-memoria-democratica-2026-tarragona\/#primaryimage\"},\"image\":{\"@id\":\"https:\/\/www.omnium.cat\/ca\/omnium-tarragones-collabora-programa-memoria-democratica-2026-tarragona\/#primaryimage\"},\"thumbnailUrl\":\"https:\/\/cdn.omnium.cat\/wp-content\/uploads\/2026\/02\/25104251\/memoria-democratica-2.jpg\",\"datePublished\":\"2026-02-25T09:44:41+00:00\",\"dateModified\":\"2026-02-25T11:52:38+00:00\",\"breadcrumb\":{\"@id\":\"https:\/\/www.omnium.cat\/ca\/omnium-tarragones-collabora-programa-memoria-democratica-2026-tarragona\/#breadcrumb\"},\"inLanguage\":\"ca\",\"potentialAction\":[{\"@type\":\"ReadAction\",\"target\":[\"https:\/\/www.omnium.cat\/ca\/omnium-tarragones-collabora-programa-memoria-democratica-2026-tarragona\/\"]}]},{\"@type\":\"ImageObject\",\"inLanguage\":\"ca\",\"@id\":\"https:\/\/www.omnium.cat\/ca\/omnium-tarragones-collabora-programa-memoria-democratica-2026-tarragona\/#primaryimage\",\"url\":\"https:\/\/cdn.omnium.cat\/wp-content\/uploads\/2026\/02\/25104251\/memoria-democratica-2.jpg\",\"contentUrl\":\"https:\/\/cdn.omnium.cat\/wp-content\/uploads\/2026\/02\/25104251\/memoria-democratica-2.jpg\",\"width\":2000,\"height\":1333,\"caption\":\"Foto: Joan Carles Borrachero\"},{\"@type\":\"BreadcrumbList\",\"@id\":\"https:\/\/www.omnium.cat\/ca\/omnium-tarragones-collabora-programa-memoria-democratica-2026-tarragona\/#breadcrumb\",\"itemListElement\":[{\"@type\":\"ListItem\",\"position\":1,\"name\":\"Inici\",\"item\":\"https:\/\/www.omnium.cat\/ca\/\"},{\"@type\":\"ListItem\",\"position\":2,\"name\":\"\u00d2mnium Tarragon\u00e8s torna a col\u00b7laborar amb tres actes dins el programa de Mem\u00f2ria Democr\u00e0tica 2026 a Tarragona\"}]},{\"@type\":\"WebSite\",\"@id\":\"https:\/\/www.omnium.cat\/ca\/#website\",\"url\":\"https:\/\/www.omnium.cat\/ca\/\",\"name\":\"\u00d2mnium Cultural\",\"description\":\"Llengua Cultura Pa\u00eds\",\"publisher\":{\"@id\":\"https:\/\/www.omnium.cat\/ca\/#organization\"},\"potentialAction\":[{\"@type\":\"SearchAction\",\"target\":{\"@type\":\"EntryPoint\",\"urlTemplate\":\"https:\/\/www.omnium.cat\/ca\/?s={search_term_string}\"},\"query-input\":{\"@type\":\"PropertyValueSpecification\",\"valueRequired\":true,\"valueName\":\"search_term_string\"}}],\"inLanguage\":\"ca\"},{\"@type\":\"Organization\",\"@id\":\"https:\/\/www.omnium.cat\/ca\/#organization\",\"name\":\"\u00d2mnium Cultural\",\"url\":\"https:\/\/www.omnium.cat\/ca\/\",\"logo\":{\"@type\":\"ImageObject\",\"inLanguage\":\"ca\",\"@id\":\"https:\/\/www.omnium.cat\/ca\/#\/schema\/logo\/image\/\",\"url\":\"https:\/\/cdn.omnium.cat\/wp-content\/uploads\/2019\/06\/01112517\/cropped-omnium_logo-1.png\",\"contentUrl\":\"https:\/\/cdn.omnium.cat\/wp-content\/uploads\/2019\/06\/01112517\/cropped-omnium_logo-1.png\",\"width\":1213,\"height\":262,\"caption\":\"\u00d2mnium Cultural\"},\"image\":{\"@id\":\"https:\/\/www.omnium.cat\/ca\/#\/schema\/logo\/image\/\"},\"sameAs\":[\"https:\/\/www.facebook.com\/omniumcultural\",\"https:\/\/x.com\/omnium\",\"https:\/\/www.instagram.com\/omniumcultural\/\",\"https:\/\/www.youtube.com\/user\/omniumcultural\"]},{\"@type\":\"Person\",\"@id\":\"https:\/\/www.omnium.cat\/ca\/#\/schema\/person\/c6fcea861129ca6b2853045a4c13fff3\",\"name\":\"Judit Sabat\u00e9\",\"image\":{\"@type\":\"ImageObject\",\"inLanguage\":\"ca\",\"@id\":\"https:\/\/secure.gravatar.com\/avatar\/1a5678e00ffb8d2243212d00c710f0c43b96f8da42e87b16cf7bedec57d34f2e?s=96&d=mm&r=g\",\"url\":\"https:\/\/secure.gravatar.com\/avatar\/1a5678e00ffb8d2243212d00c710f0c43b96f8da42e87b16cf7bedec57d34f2e?s=96&d=mm&r=g\",\"contentUrl\":\"https:\/\/secure.gravatar.com\/avatar\/1a5678e00ffb8d2243212d00c710f0c43b96f8da42e87b16cf7bedec57d34f2e?s=96&d=mm&r=g\",\"caption\":\"Judit Sabat\u00e9\"}}]}<\/script>\n<!-- \/ Yoast SEO plugin. -->","yoast_head_json":{"title":"\u00d2mnium Tarragon\u00e8s torna a col\u00b7laborar amb tres actes dins el programa de Mem\u00f2ria Democr\u00e0tica 2026 a Tarragona - \u00d2mnium Cultural","robots":{"index":"index","follow":"follow","max-snippet":"max-snippet:-1","max-image-preview":"max-image-preview:large","max-video-preview":"max-video-preview:-1"},"canonical":"https:\/\/www.omnium.cat\/ca\/omnium-tarragones-collabora-programa-memoria-democratica-2026-tarragona\/","twitter_misc":{"Escrit per":"Judit Sabat\u00e9","Temps estimat de lectura":"3 minuts"},"schema":{"@context":"https:\/\/schema.org","@graph":[{"@type":"Article","@id":"https:\/\/www.omnium.cat\/ca\/omnium-tarragones-collabora-programa-memoria-democratica-2026-tarragona\/#article","isPartOf":{"@id":"https:\/\/www.omnium.cat\/ca\/omnium-tarragones-collabora-programa-memoria-democratica-2026-tarragona\/"},"author":{"name":"Judit Sabat\u00e9","@id":"https:\/\/www.omnium.cat\/ca\/#\/schema\/person\/c6fcea861129ca6b2853045a4c13fff3"},"headline":"\u00d2mnium Tarragon\u00e8s torna a col\u00b7laborar amb tres actes dins el programa de Mem\u00f2ria Democr\u00e0tica 2026 a Tarragona","datePublished":"2026-02-25T09:44:41+00:00","dateModified":"2026-02-25T11:52:38+00:00","mainEntityOfPage":{"@id":"https:\/\/www.omnium.cat\/ca\/omnium-tarragones-collabora-programa-memoria-democratica-2026-tarragona\/"},"wordCount":416,"publisher":{"@id":"https:\/\/www.omnium.cat\/ca\/#organization"},"image":{"@id":"https:\/\/www.omnium.cat\/ca\/omnium-tarragones-collabora-programa-memoria-democratica-2026-tarragona\/#primaryimage"},"thumbnailUrl":"https:\/\/cdn.omnium.cat\/wp-content\/uploads\/2026\/02\/25104251\/memoria-democratica-2.jpg","articleSection":["Uncategorized @oc"],"inLanguage":"ca"},{"@type":"WebPage","@id":"https:\/\/www.omnium.cat\/ca\/omnium-tarragones-collabora-programa-memoria-democratica-2026-tarragona\/","url":"https:\/\/www.omnium.cat\/ca\/omnium-tarragones-collabora-programa-memoria-democratica-2026-tarragona\/","name":"\u00d2mnium Tarragon\u00e8s torna a col\u00b7laborar amb tres actes dins el programa de Mem\u00f2ria Democr\u00e0tica 2026 a Tarragona - \u00d2mnium Cultural","isPartOf":{"@id":"https:\/\/www.omnium.cat\/ca\/#website"},"primaryImageOfPage":{"@id":"https:\/\/www.omnium.cat\/ca\/omnium-tarragones-collabora-programa-memoria-democratica-2026-tarragona\/#primaryimage"},"image":{"@id":"https:\/\/www.omnium.cat\/ca\/omnium-tarragones-collabora-programa-memoria-democratica-2026-tarragona\/#primaryimage"},"thumbnailUrl":"https:\/\/cdn.omnium.cat\/wp-content\/uploads\/2026\/02\/25104251\/memoria-democratica-2.jpg","datePublished":"2026-02-25T09:44:41+00:00","dateModified":"2026-02-25T11:52:38+00:00","breadcrumb":{"@id":"https:\/\/www.omnium.cat\/ca\/omnium-tarragones-collabora-programa-memoria-democratica-2026-tarragona\/#breadcrumb"},"inLanguage":"ca","potentialAction":[{"@type":"ReadAction","target":["https:\/\/www.omnium.cat\/ca\/omnium-tarragones-collabora-programa-memoria-democratica-2026-tarragona\/"]}]},{"@type":"ImageObject","inLanguage":"ca","@id":"https:\/\/www.omnium.cat\/ca\/omnium-tarragones-collabora-programa-memoria-democratica-2026-tarragona\/#primaryimage","url":"https:\/\/cdn.omnium.cat\/wp-content\/uploads\/2026\/02\/25104251\/memoria-democratica-2.jpg","contentUrl":"https:\/\/cdn.omnium.cat\/wp-content\/uploads\/2026\/02\/25104251\/memoria-democratica-2.jpg","width":2000,"height":1333,"caption":"Foto: Joan Carles Borrachero"},{"@type":"BreadcrumbList","@id":"https:\/\/www.omnium.cat\/ca\/omnium-tarragones-collabora-programa-memoria-democratica-2026-tarragona\/#breadcrumb","itemListElement":[{"@type":"ListItem","position":1,"name":"Inici","item":"https:\/\/www.omnium.cat\/ca\/"},{"@type":"ListItem","position":2,"name":"\u00d2mnium Tarragon\u00e8s torna a col\u00b7laborar amb tres actes dins el programa de Mem\u00f2ria Democr\u00e0tica 2026 a Tarragona"}]},{"@type":"WebSite","@id":"https:\/\/www.omnium.cat\/ca\/#website","url":"https:\/\/www.omnium.cat\/ca\/","name":"\u00d2mnium Cultural","description":"Llengua Cultura Pa\u00eds","publisher":{"@id":"https:\/\/www.omnium.cat\/ca\/#organization"},"potentialAction":[{"@type":"SearchAction","target":{"@type":"EntryPoint","urlTemplate":"https:\/\/www.omnium.cat\/ca\/?s={search_term_string}"},"query-input":{"@type":"PropertyValueSpecification","valueRequired":true,"valueName":"search_term_string"}}],"inLanguage":"ca"},{"@type":"Organization","@id":"https:\/\/www.omnium.cat\/ca\/#organization","name":"\u00d2mnium Cultural","url":"https:\/\/www.omnium.cat\/ca\/","logo":{"@type":"ImageObject","inLanguage":"ca","@id":"https:\/\/www.omnium.cat\/ca\/#\/schema\/logo\/image\/","url":"https:\/\/cdn.omnium.cat\/wp-content\/uploads\/2019\/06\/01112517\/cropped-omnium_logo-1.png","contentUrl":"https:\/\/cdn.omnium.cat\/wp-content\/uploads\/2019\/06\/01112517\/cropped-omnium_logo-1.png","width":1213,"height":262,"caption":"\u00d2mnium Cultural"},"image":{"@id":"https:\/\/www.omnium.cat\/ca\/#\/schema\/logo\/image\/"},"sameAs":["https:\/\/www.facebook.com\/omniumcultural","https:\/\/x.com\/omnium","https:\/\/www.instagram.com\/omniumcultural\/","https:\/\/www.youtube.com\/user\/omniumcultural"]},{"@type":"Person","@id":"https:\/\/www.omnium.cat\/ca\/#\/schema\/person\/c6fcea861129ca6b2853045a4c13fff3","name":"Judit Sabat\u00e9","image":{"@type":"ImageObject","inLanguage":"ca","@id":"https:\/\/secure.gravatar.com\/avatar\/1a5678e00ffb8d2243212d00c710f0c43b96f8da42e87b16cf7bedec57d34f2e?s=96&d=mm&r=g","url":"https:\/\/secure.gravatar.com\/avatar\/1a5678e00ffb8d2243212d00c710f0c43b96f8da42e87b16cf7bedec57d34f2e?s=96&d=mm&r=g","contentUrl":"https:\/\/secure.gravatar.com\/avatar\/1a5678e00ffb8d2243212d00c710f0c43b96f8da42e87b16cf7bedec57d34f2e?s=96&d=mm&r=g","caption":"Judit Sabat\u00e9"}}]}},"_links":{"self":[{"href":"https:\/\/www.omnium.cat\/ca\/wp-json\/wp\/v2\/posts\/451214","targetHints":{"allow":["GET"]}}],"collection":[{"href":"https:\/\/www.omnium.cat\/ca\/wp-json\/wp\/v2\/posts"}],"about":[{"href":"https:\/\/www.omnium.cat\/ca\/wp-json\/wp\/v2\/types\/post"}],"author":[{"embeddable":true,"href":"https:\/\/www.omnium.cat\/ca\/wp-json\/wp\/v2\/users\/240"}],"replies":[{"embeddable":true,"href":"https:\/\/www.omnium.cat\/ca\/wp-json\/wp\/v2\/comments?post=451214"}],"version-history":[{"count":2,"href":"https:\/\/www.omnium.cat\/ca\/wp-json\/wp\/v2\/posts\/451214\/revisions"}],"predecessor-version":[{"id":451221,"href":"https:\/\/www.omnium.cat\/ca\/wp-json\/wp\/v2\/posts\/451214\/revisions\/451221"}],"wp:featuredmedia":[{"embeddable":true,"href":"https:\/\/www.omnium.cat\/ca\/wp-json\/wp\/v2\/media\/451215"}],"wp:attachment":[{"href":"https:\/\/www.omnium.cat\/ca\/wp-json\/wp\/v2\/media?parent=451214"}],"wp:term":[{"taxonomy":"category","embeddable":true,"href":"https:\/\/www.omnium.cat\/ca\/wp-json\/wp\/v2\/categories?post=451214"},{"taxonomy":"post_tag","embeddable":true,"href":"https:\/\/www.omnium.cat\/ca\/wp-json\/wp\/v2\/tags?post=451214"},{"taxonomy":"post_headquarter","embeddable":true,"href":"https:\/\/www.omnium.cat\/ca\/wp-json\/wp\/v2\/post_headquarter?post=451214"},{"taxonomy":"post_project","embeddable":true,"href":"https:\/\/www.omnium.cat\/ca\/wp-json\/wp\/v2\/post_project?post=451214"}],"curies":[{"name":"wp","href":"https:\/\/api.w.org\/{rel}","templated":true}]}}