{"id":451431,"date":"2026-03-01T10:23:30","date_gmt":"2026-03-01T09:23:30","guid":{"rendered":"https:\/\/www.omnium.cat\/?p=451431"},"modified":"2026-03-01T10:23:34","modified_gmt":"2026-03-01T09:23:34","slug":"vine-a-lassemblea-general-de-socis-el-6-de-marc-a-avia","status":"publish","type":"post","link":"https:\/\/www.omnium.cat\/ca\/vine-a-lassemblea-general-de-socis-el-6-de-marc-a-avia\/","title":{"rendered":"Vine a l\u2019Assemblea General de Socis el 6 de mar\u00e7 a Avi\u00e0"},"content":{"rendered":"\n\n\n<p>\u00d2mnium Cultural Bergued\u00e0 celebrar\u00e0 la seva Assemblea General de Socis el pr\u00f2xim dijous 6 de mar\u00e7, a partir de les 19.30 h, a la sala d\u2019exposicions de l\u2019Ateneu d\u2019Avi\u00e0. L\u2019entitat fa una crida a tots els seus socis i s\u00f2cies perqu\u00e8 hi participin activament i puguin dir la seva sobre la feina feta durant el 2025 i els projectes i actes previstos per a aquest 2026 que tot just acaba de comen\u00e7ar.<\/p>\n<p>L\u2019assemblea ser\u00e0 un espai de trobada i debat, obert a la participaci\u00f3 de la base social, amb l\u2019objectiu de compartir balan\u00e7, propostes i l\u00ednies de treball futures de l\u2019entitat al Bergued\u00e0.<\/p>\n<p>Pr\u00e8viament a l\u2019assemblea, a les 18.30 h, l\u2019acte comen\u00e7ar\u00e0 amb la xerrada \u2018En ruta. Un apropament a la sardana visitant racons i indrets de Catalunya\u2019, sobre la sardana, que anir\u00e0 a c\u00e0rrec de Xavier Pi\u00f1ol, m\u00fasic de cobla i divulgador de la m\u00fasica de la sardana i la cobla, i que servir\u00e0 per posar en valor aquesta expressi\u00f3 clau de la cultura popular catalana.<\/p>\n<p>Des d\u2019\u00d2mnium Bergued\u00e0 animem a tota la massa social a assistir-hi i a formar part activa d\u2019aquest espai col\u00b7lectiu de reflexi\u00f3 i construcci\u00f3 cultural. Us podeu inscriure en <a href=\"https:\/\/form.jotform.com\/260336320326346\">aquest enlla\u00e7<\/a>.<\/p>\n","protected":false},"excerpt":{"rendered":"<p>\u00d2mnium Cultural Bergued\u00e0 celebrar\u00e0 la seva Assemblea General de Socis el pr\u00f2xim dijous 6 de mar\u00e7, a partir de les 19.30 h, a la sala d\u2019exposicions de l\u2019Ateneu d\u2019Avi\u00e0. L\u2019entitat [&hellip;]<\/p>\n","protected":false},"author":151,"featured_media":451436,"comment_status":"closed","ping_status":"open","sticky":false,"template":"","format":"standard","meta":{"_acf_changed":false,"footnotes":""},"categories":[1],"tags":[53,770,5764],"post_headquarter":[1762],"post_project":[],"class_list":["post-451431","post","type-post","status-publish","format-standard","has-post-thumbnail","hentry","category-uncategorized-ca","tag-omnium-bergueda","tag-socis","tag-xavi-pinol","post_headquarter-bergueda"],"acf":[],"yoast_head":"<!-- This site is optimized with the Yoast SEO plugin v27.2 - https:\/\/yoast.com\/product\/yoast-seo-wordpress\/ -->\n<title>Vine a l\u2019Assemblea General de Socis el 6 de mar\u00e7 a Avi\u00e0 - \u00d2mnium Cultural<\/title>\n<meta name=\"robots\" content=\"index, follow, max-snippet:-1, max-image-preview:large, max-video-preview:-1\" \/>\n<link rel=\"canonical\" href=\"https:\/\/www.omnium.cat\/ca\/vine-a-lassemblea-general-de-socis-el-6-de-marc-a-avia\/\" \/>\n<meta name=\"twitter:label1\" content=\"Escrit per\" \/>\n\t<meta name=\"twitter:data1\" content=\"Eva Forn\" \/>\n\t<meta name=\"twitter:label2\" content=\"Temps estimat de lectura\" \/>\n\t<meta name=\"twitter:data2\" content=\"2 minuts\" \/>\n<script type=\"application\/ld+json\" class=\"yoast-schema-graph\">{\"@context\":\"https:\/\/schema.org\",\"@graph\":[{\"@type\":\"Article\",\"@id\":\"https:\/\/www.omnium.cat\/ca\/vine-a-lassemblea-general-de-socis-el-6-de-marc-a-avia\/#article\",\"isPartOf\":{\"@id\":\"https:\/\/www.omnium.cat\/ca\/vine-a-lassemblea-general-de-socis-el-6-de-marc-a-avia\/\"},\"author\":{\"name\":\"Eva Forn\",\"@id\":\"https:\/\/www.omnium.cat\/ca\/#\/schema\/person\/43a7fd06d4134d6062dc98d0b97ad68e\"},\"headline\":\"Vine a l\u2019Assemblea General de Socis el 6 de mar\u00e7 a Avi\u00e0\",\"datePublished\":\"2026-03-01T09:23:30+00:00\",\"dateModified\":\"2026-03-01T09:23:34+00:00\",\"mainEntityOfPage\":{\"@id\":\"https:\/\/www.omnium.cat\/ca\/vine-a-lassemblea-general-de-socis-el-6-de-marc-a-avia\/\"},\"wordCount\":226,\"publisher\":{\"@id\":\"https:\/\/www.omnium.cat\/ca\/#organization\"},\"image\":{\"@id\":\"https:\/\/www.omnium.cat\/ca\/vine-a-lassemblea-general-de-socis-el-6-de-marc-a-avia\/#primaryimage\"},\"thumbnailUrl\":\"https:\/\/cdn.omnium.cat\/wp-content\/uploads\/2026\/03\/01102245\/Copia-de-Copia-de-CAPCALERA_600x300px_AGO_TERRI.png\",\"keywords\":[\"\u00d2mnium Bergued\u00e0\",\"socis\",\"Xavi Pi\u00f1ol\"],\"articleSection\":[\"Uncategorized @oc\"],\"inLanguage\":\"ca\"},{\"@type\":\"WebPage\",\"@id\":\"https:\/\/www.omnium.cat\/ca\/vine-a-lassemblea-general-de-socis-el-6-de-marc-a-avia\/\",\"url\":\"https:\/\/www.omnium.cat\/ca\/vine-a-lassemblea-general-de-socis-el-6-de-marc-a-avia\/\",\"name\":\"Vine a l\u2019Assemblea General de Socis el 6 de mar\u00e7 a Avi\u00e0 - \u00d2mnium Cultural\",\"isPartOf\":{\"@id\":\"https:\/\/www.omnium.cat\/ca\/#website\"},\"primaryImageOfPage\":{\"@id\":\"https:\/\/www.omnium.cat\/ca\/vine-a-lassemblea-general-de-socis-el-6-de-marc-a-avia\/#primaryimage\"},\"image\":{\"@id\":\"https:\/\/www.omnium.cat\/ca\/vine-a-lassemblea-general-de-socis-el-6-de-marc-a-avia\/#primaryimage\"},\"thumbnailUrl\":\"https:\/\/cdn.omnium.cat\/wp-content\/uploads\/2026\/03\/01102245\/Copia-de-Copia-de-CAPCALERA_600x300px_AGO_TERRI.png\",\"datePublished\":\"2026-03-01T09:23:30+00:00\",\"dateModified\":\"2026-03-01T09:23:34+00:00\",\"breadcrumb\":{\"@id\":\"https:\/\/www.omnium.cat\/ca\/vine-a-lassemblea-general-de-socis-el-6-de-marc-a-avia\/#breadcrumb\"},\"inLanguage\":\"ca\",\"potentialAction\":[{\"@type\":\"ReadAction\",\"target\":[\"https:\/\/www.omnium.cat\/ca\/vine-a-lassemblea-general-de-socis-el-6-de-marc-a-avia\/\"]}]},{\"@type\":\"ImageObject\",\"inLanguage\":\"ca\",\"@id\":\"https:\/\/www.omnium.cat\/ca\/vine-a-lassemblea-general-de-socis-el-6-de-marc-a-avia\/#primaryimage\",\"url\":\"https:\/\/cdn.omnium.cat\/wp-content\/uploads\/2026\/03\/01102245\/Copia-de-Copia-de-CAPCALERA_600x300px_AGO_TERRI.png\",\"contentUrl\":\"https:\/\/cdn.omnium.cat\/wp-content\/uploads\/2026\/03\/01102245\/Copia-de-Copia-de-CAPCALERA_600x300px_AGO_TERRI.png\",\"width\":1249,\"height\":624},{\"@type\":\"BreadcrumbList\",\"@id\":\"https:\/\/www.omnium.cat\/ca\/vine-a-lassemblea-general-de-socis-el-6-de-marc-a-avia\/#breadcrumb\",\"itemListElement\":[{\"@type\":\"ListItem\",\"position\":1,\"name\":\"Inici\",\"item\":\"https:\/\/www.omnium.cat\/ca\/\"},{\"@type\":\"ListItem\",\"position\":2,\"name\":\"Vine a l\u2019Assemblea General de Socis el 6 de mar\u00e7 a Avi\u00e0\"}]},{\"@type\":\"WebSite\",\"@id\":\"https:\/\/www.omnium.cat\/ca\/#website\",\"url\":\"https:\/\/www.omnium.cat\/ca\/\",\"name\":\"\u00d2mnium Cultural\",\"description\":\"Llengua Cultura Pa\u00eds\",\"publisher\":{\"@id\":\"https:\/\/www.omnium.cat\/ca\/#organization\"},\"potentialAction\":[{\"@type\":\"SearchAction\",\"target\":{\"@type\":\"EntryPoint\",\"urlTemplate\":\"https:\/\/www.omnium.cat\/ca\/?s={search_term_string}\"},\"query-input\":{\"@type\":\"PropertyValueSpecification\",\"valueRequired\":true,\"valueName\":\"search_term_string\"}}],\"inLanguage\":\"ca\"},{\"@type\":\"Organization\",\"@id\":\"https:\/\/www.omnium.cat\/ca\/#organization\",\"name\":\"\u00d2mnium Cultural\",\"url\":\"https:\/\/www.omnium.cat\/ca\/\",\"logo\":{\"@type\":\"ImageObject\",\"inLanguage\":\"ca\",\"@id\":\"https:\/\/www.omnium.cat\/ca\/#\/schema\/logo\/image\/\",\"url\":\"https:\/\/cdn.omnium.cat\/wp-content\/uploads\/2019\/06\/01112517\/cropped-omnium_logo-1.png\",\"contentUrl\":\"https:\/\/cdn.omnium.cat\/wp-content\/uploads\/2019\/06\/01112517\/cropped-omnium_logo-1.png\",\"width\":1213,\"height\":262,\"caption\":\"\u00d2mnium Cultural\"},\"image\":{\"@id\":\"https:\/\/www.omnium.cat\/ca\/#\/schema\/logo\/image\/\"},\"sameAs\":[\"https:\/\/www.facebook.com\/omniumcultural\",\"https:\/\/x.com\/omnium\",\"https:\/\/www.instagram.com\/omniumcultural\/\",\"https:\/\/www.youtube.com\/user\/omniumcultural\"]},{\"@type\":\"Person\",\"@id\":\"https:\/\/www.omnium.cat\/ca\/#\/schema\/person\/43a7fd06d4134d6062dc98d0b97ad68e\",\"name\":\"Eva Forn\",\"image\":{\"@type\":\"ImageObject\",\"inLanguage\":\"ca\",\"@id\":\"https:\/\/secure.gravatar.com\/avatar\/f9fa77e07eb85a341274edc960188678149417a39ebf9ec7fb35d3fc23ab6911?s=96&d=mm&r=g\",\"url\":\"https:\/\/secure.gravatar.com\/avatar\/f9fa77e07eb85a341274edc960188678149417a39ebf9ec7fb35d3fc23ab6911?s=96&d=mm&r=g\",\"contentUrl\":\"https:\/\/secure.gravatar.com\/avatar\/f9fa77e07eb85a341274edc960188678149417a39ebf9ec7fb35d3fc23ab6911?s=96&d=mm&r=g\",\"caption\":\"Eva Forn\"}}]}<\/script>\n<!-- \/ Yoast SEO plugin. -->","yoast_head_json":{"title":"Vine a l\u2019Assemblea General de Socis el 6 de mar\u00e7 a Avi\u00e0 - \u00d2mnium Cultural","robots":{"index":"index","follow":"follow","max-snippet":"max-snippet:-1","max-image-preview":"max-image-preview:large","max-video-preview":"max-video-preview:-1"},"canonical":"https:\/\/www.omnium.cat\/ca\/vine-a-lassemblea-general-de-socis-el-6-de-marc-a-avia\/","twitter_misc":{"Escrit per":"Eva Forn","Temps estimat de lectura":"2 minuts"},"schema":{"@context":"https:\/\/schema.org","@graph":[{"@type":"Article","@id":"https:\/\/www.omnium.cat\/ca\/vine-a-lassemblea-general-de-socis-el-6-de-marc-a-avia\/#article","isPartOf":{"@id":"https:\/\/www.omnium.cat\/ca\/vine-a-lassemblea-general-de-socis-el-6-de-marc-a-avia\/"},"author":{"name":"Eva Forn","@id":"https:\/\/www.omnium.cat\/ca\/#\/schema\/person\/43a7fd06d4134d6062dc98d0b97ad68e"},"headline":"Vine a l\u2019Assemblea General de Socis el 6 de mar\u00e7 a Avi\u00e0","datePublished":"2026-03-01T09:23:30+00:00","dateModified":"2026-03-01T09:23:34+00:00","mainEntityOfPage":{"@id":"https:\/\/www.omnium.cat\/ca\/vine-a-lassemblea-general-de-socis-el-6-de-marc-a-avia\/"},"wordCount":226,"publisher":{"@id":"https:\/\/www.omnium.cat\/ca\/#organization"},"image":{"@id":"https:\/\/www.omnium.cat\/ca\/vine-a-lassemblea-general-de-socis-el-6-de-marc-a-avia\/#primaryimage"},"thumbnailUrl":"https:\/\/cdn.omnium.cat\/wp-content\/uploads\/2026\/03\/01102245\/Copia-de-Copia-de-CAPCALERA_600x300px_AGO_TERRI.png","keywords":["\u00d2mnium Bergued\u00e0","socis","Xavi Pi\u00f1ol"],"articleSection":["Uncategorized @oc"],"inLanguage":"ca"},{"@type":"WebPage","@id":"https:\/\/www.omnium.cat\/ca\/vine-a-lassemblea-general-de-socis-el-6-de-marc-a-avia\/","url":"https:\/\/www.omnium.cat\/ca\/vine-a-lassemblea-general-de-socis-el-6-de-marc-a-avia\/","name":"Vine a l\u2019Assemblea General de Socis el 6 de mar\u00e7 a Avi\u00e0 - \u00d2mnium Cultural","isPartOf":{"@id":"https:\/\/www.omnium.cat\/ca\/#website"},"primaryImageOfPage":{"@id":"https:\/\/www.omnium.cat\/ca\/vine-a-lassemblea-general-de-socis-el-6-de-marc-a-avia\/#primaryimage"},"image":{"@id":"https:\/\/www.omnium.cat\/ca\/vine-a-lassemblea-general-de-socis-el-6-de-marc-a-avia\/#primaryimage"},"thumbnailUrl":"https:\/\/cdn.omnium.cat\/wp-content\/uploads\/2026\/03\/01102245\/Copia-de-Copia-de-CAPCALERA_600x300px_AGO_TERRI.png","datePublished":"2026-03-01T09:23:30+00:00","dateModified":"2026-03-01T09:23:34+00:00","breadcrumb":{"@id":"https:\/\/www.omnium.cat\/ca\/vine-a-lassemblea-general-de-socis-el-6-de-marc-a-avia\/#breadcrumb"},"inLanguage":"ca","potentialAction":[{"@type":"ReadAction","target":["https:\/\/www.omnium.cat\/ca\/vine-a-lassemblea-general-de-socis-el-6-de-marc-a-avia\/"]}]},{"@type":"ImageObject","inLanguage":"ca","@id":"https:\/\/www.omnium.cat\/ca\/vine-a-lassemblea-general-de-socis-el-6-de-marc-a-avia\/#primaryimage","url":"https:\/\/cdn.omnium.cat\/wp-content\/uploads\/2026\/03\/01102245\/Copia-de-Copia-de-CAPCALERA_600x300px_AGO_TERRI.png","contentUrl":"https:\/\/cdn.omnium.cat\/wp-content\/uploads\/2026\/03\/01102245\/Copia-de-Copia-de-CAPCALERA_600x300px_AGO_TERRI.png","width":1249,"height":624},{"@type":"BreadcrumbList","@id":"https:\/\/www.omnium.cat\/ca\/vine-a-lassemblea-general-de-socis-el-6-de-marc-a-avia\/#breadcrumb","itemListElement":[{"@type":"ListItem","position":1,"name":"Inici","item":"https:\/\/www.omnium.cat\/ca\/"},{"@type":"ListItem","position":2,"name":"Vine a l\u2019Assemblea General de Socis el 6 de mar\u00e7 a Avi\u00e0"}]},{"@type":"WebSite","@id":"https:\/\/www.omnium.cat\/ca\/#website","url":"https:\/\/www.omnium.cat\/ca\/","name":"\u00d2mnium Cultural","description":"Llengua Cultura Pa\u00eds","publisher":{"@id":"https:\/\/www.omnium.cat\/ca\/#organization"},"potentialAction":[{"@type":"SearchAction","target":{"@type":"EntryPoint","urlTemplate":"https:\/\/www.omnium.cat\/ca\/?s={search_term_string}"},"query-input":{"@type":"PropertyValueSpecification","valueRequired":true,"valueName":"search_term_string"}}],"inLanguage":"ca"},{"@type":"Organization","@id":"https:\/\/www.omnium.cat\/ca\/#organization","name":"\u00d2mnium Cultural","url":"https:\/\/www.omnium.cat\/ca\/","logo":{"@type":"ImageObject","inLanguage":"ca","@id":"https:\/\/www.omnium.cat\/ca\/#\/schema\/logo\/image\/","url":"https:\/\/cdn.omnium.cat\/wp-content\/uploads\/2019\/06\/01112517\/cropped-omnium_logo-1.png","contentUrl":"https:\/\/cdn.omnium.cat\/wp-content\/uploads\/2019\/06\/01112517\/cropped-omnium_logo-1.png","width":1213,"height":262,"caption":"\u00d2mnium Cultural"},"image":{"@id":"https:\/\/www.omnium.cat\/ca\/#\/schema\/logo\/image\/"},"sameAs":["https:\/\/www.facebook.com\/omniumcultural","https:\/\/x.com\/omnium","https:\/\/www.instagram.com\/omniumcultural\/","https:\/\/www.youtube.com\/user\/omniumcultural"]},{"@type":"Person","@id":"https:\/\/www.omnium.cat\/ca\/#\/schema\/person\/43a7fd06d4134d6062dc98d0b97ad68e","name":"Eva Forn","image":{"@type":"ImageObject","inLanguage":"ca","@id":"https:\/\/secure.gravatar.com\/avatar\/f9fa77e07eb85a341274edc960188678149417a39ebf9ec7fb35d3fc23ab6911?s=96&d=mm&r=g","url":"https:\/\/secure.gravatar.com\/avatar\/f9fa77e07eb85a341274edc960188678149417a39ebf9ec7fb35d3fc23ab6911?s=96&d=mm&r=g","contentUrl":"https:\/\/secure.gravatar.com\/avatar\/f9fa77e07eb85a341274edc960188678149417a39ebf9ec7fb35d3fc23ab6911?s=96&d=mm&r=g","caption":"Eva Forn"}}]}},"_links":{"self":[{"href":"https:\/\/www.omnium.cat\/ca\/wp-json\/wp\/v2\/posts\/451431","targetHints":{"allow":["GET"]}}],"collection":[{"href":"https:\/\/www.omnium.cat\/ca\/wp-json\/wp\/v2\/posts"}],"about":[{"href":"https:\/\/www.omnium.cat\/ca\/wp-json\/wp\/v2\/types\/post"}],"author":[{"embeddable":true,"href":"https:\/\/www.omnium.cat\/ca\/wp-json\/wp\/v2\/users\/151"}],"replies":[{"embeddable":true,"href":"https:\/\/www.omnium.cat\/ca\/wp-json\/wp\/v2\/comments?post=451431"}],"version-history":[{"count":1,"href":"https:\/\/www.omnium.cat\/ca\/wp-json\/wp\/v2\/posts\/451431\/revisions"}],"predecessor-version":[{"id":451440,"href":"https:\/\/www.omnium.cat\/ca\/wp-json\/wp\/v2\/posts\/451431\/revisions\/451440"}],"wp:featuredmedia":[{"embeddable":true,"href":"https:\/\/www.omnium.cat\/ca\/wp-json\/wp\/v2\/media\/451436"}],"wp:attachment":[{"href":"https:\/\/www.omnium.cat\/ca\/wp-json\/wp\/v2\/media?parent=451431"}],"wp:term":[{"taxonomy":"category","embeddable":true,"href":"https:\/\/www.omnium.cat\/ca\/wp-json\/wp\/v2\/categories?post=451431"},{"taxonomy":"post_tag","embeddable":true,"href":"https:\/\/www.omnium.cat\/ca\/wp-json\/wp\/v2\/tags?post=451431"},{"taxonomy":"post_headquarter","embeddable":true,"href":"https:\/\/www.omnium.cat\/ca\/wp-json\/wp\/v2\/post_headquarter?post=451431"},{"taxonomy":"post_project","embeddable":true,"href":"https:\/\/www.omnium.cat\/ca\/wp-json\/wp\/v2\/post_project?post=451431"}],"curies":[{"name":"wp","href":"https:\/\/api.w.org\/{rel}","templated":true}]}}