{"id":451469,"date":"2026-03-02T10:36:40","date_gmt":"2026-03-02T09:36:40","guid":{"rendered":"https:\/\/www.omnium.cat\/?p=451469"},"modified":"2026-03-02T10:36:58","modified_gmt":"2026-03-02T09:36:58","slug":"xavier-grasset-alba-riera-i-elisenda-pineda-presentadors-de-la-75a-nit-de-les-lletres-catalanes","status":"publish","type":"post","link":"https:\/\/www.omnium.cat\/ca\/xavier-grasset-alba-riera-i-elisenda-pineda-presentadors-de-la-75a-nit-de-les-lletres-catalanes\/","title":{"rendered":"Xavier Grasset, Alba Riera i Elisenda Pineda, presentadors de la 75a Nit de les Lletres Catalanes"},"content":{"rendered":"\n<p style=\"text-align: center;\"><strong>Tres perfils diferents per\u00f2 amb una gran passi\u00f3 per la llengua i la cultura catalanes conduiran la gala, que tindr\u00e0 lloc el pr\u00f2xim 14 de mar\u00e7 al MNAC\u00a0<\/strong><\/p>\n<p>\u00a0<\/p>\n<p>Els comunicadors Xavier Grasset i Alba Riera i la c\u00f2mica Elisenda Pineda seran els encarregats de presentar la 75a Nit de les Lletres Catalanes, organitzada per \u00d2mnium Cultural i l\u2019Institut d\u2019Estudis Catalans i que tindr\u00e0 lloc el pr\u00f2xim 14 de mar\u00e7 al Museu Nacional d\u2019Art de Catalunya (MNAC). Tots tres s\u00f3n persones amb un estret lligam amb la cultura catalana, i que gr\u00e0cies al seu perfil i traject\u00f2ria connecten amb diferents generacions de la societat. S\u00f3n coneguts pel p\u00fablic generalista, per\u00f2 al mateix temps gaudeixen de prestigi dins del m\u00f3n de la cultura i la literatura del pa\u00eds, una combinaci\u00f3 perfecta per als conductors d\u2019una gala que aspira a convertir-se en la gran festa de les lletres catalanes i que s\u2019emetr\u00e0 en horari de m\u00e0xima audi\u00e8ncia per 3Cat.<\/p>\n<p>\u00ab\u00c9s important que existeixi la Nit de les Lletres Catalanes, perqu\u00e8 el m\u00f3n literari pugui fer pinya\u00bb, ha celebrat Grasset, que a banda de periodista i comunicador tamb\u00e9 \u00e9s escriptor. \u00ab\u00c9s necessari tenir una plataforma per mostrar la musculatura d\u2019una de les literatures europees que t\u00e9 m\u00e9s for\u00e7a\u00bb. Per la seva banda, Riera ha aprofitat per enviar un missatge d\u2019optimisme respecte al futur del catal\u00e0: \u00abMentre hi hagi persones parlant, pensant i escrivint en catal\u00e0, la llengua continua viva i celebrem avui que encara en som moltes\u00bb. Fidel al seu estil directe, Pineda anima a gaudir de la festa: \u00abNo ens haur\u00edem de preguntar per qu\u00e8 cal la Nit de les Lletres Catalanes. Qualsevol pa\u00eds normal celebra la seva cultura sense complexos i acceptant cr\u00edtiques i assenyalaments. Aix\u00f2 ens construeix i ens dona identitat. Per tant, llarga vida a la celebraci\u00f3, a la cr\u00edtica i al bum-bum. Que bulli l\u2019olla i l\u2019enhorabona als guardonats!\u00bb<\/p>\n<p><strong>Tres traject\u00f2ries, un mateix objectiu<\/strong><\/p>\n<p>Xavier Grasset (Vila-seca, 1963) \u00e9s un periodista, escriptor i actor amb una dilatada traject\u00f2ria en el m\u00f3n de la comunicaci\u00f3. Home polifac\u00e8tic, \u00e9s un dels rostres m\u00e9s coneguts de TV3, on actualment presenta el magaz\u00edn de tarda La selva. Gaudeix d\u2019un gran reconeixement per la comunitat liter\u00e0ria catalana gr\u00e0cies a la seva inquietud cultural i el seu inter\u00e8s per incloure entrevistes culturals en molts dels programes que ha presentat, sobretot al M\u00e9s 324 de TV3. Tamb\u00e9 ha escrit diversos llibres, ha col\u00b7laborat en diaris i revistes i ha guanyat el Premi Nacional de Comunicaci\u00f3 (2015).<\/p>\n<p>Alba Riera (Barcelona, 1991) \u00e9s una comunicadora i presentadora especialitzada en periodisme cultural i una de les cares m\u00e9s visibles del nou panorama medi\u00e0tic catal\u00e0. Se la coneix sobretot com a presentadora del videop\u00f2dcast La turra de 3Cat, un programa de tert\u00falia, debat i entrevistes dirigit a joves que ha arribat a ser el p\u00f2dcast m\u00e9s escoltat de l\u2019Estat espanyol. Tamb\u00e9 ha col\u00b7laborat en programes com Planta baixa i Col\u00b7lapse, de TV3; Dentro i Tardeo, de Radio Primavera Sound; Via lliure, de RAC1; Estiu de Gr\u00e0cia i El suplement, de Catalunya R\u00e0dio, o El balc\u00f3, de SER Catalunya.<\/p>\n<p>Elisenda Pineda (Premi\u00e0 de Mar, 1978) \u00e9s una c\u00f2mica, presentadora i guionista amb una \u00e0mplia experi\u00e8ncia treballant a la r\u00e0dio i a la televisi\u00f3. Actriu de formaci\u00f3, la primera oportunitat professional li arriba amb el programa Zona urbana, d\u2019Urbe TV, que presenta amb Xavi Canalias. Ha deixat empremta per all\u00e0 on ha passat: El mat\u00ed de Catalunya R\u00e0dio i Apocalipsi (CatR\u00e0dio); Isl\u00e0ndia i El m\u00f3n (RAC1); Planta baixa, Una hist\u00f2ria de literatura, El llop o La puntual (3Cat). Ferma defensora de la llengua i la cultura catalanes, el 2024 ja va ser la presentadora de la 74a Nit de Santa Ll\u00facia, un acte que va conduir amb mestria.<\/p>\n<p><strong>Una gala de gran format plena de sorpreses<\/strong><\/p>\n<p>La Nit de les Lletres Catalanes, que tamb\u00e9 t\u00e9 el suport de 3Cat, la Instituci\u00f3 de les Lletres Catalanes (ILC) i l\u2019Ajuntament de Barcelona, comptar\u00e0 amb diverses actuacions d\u2019artistes de l\u2019escena catalana que interpretaran peces creades exclusivament per a la gala, mentre que els dotze guardons seran entregats per personalitats reconegudes del sector literari catal\u00e0.<\/p>\n<p>Els guardons que es donaran durant la Nit seran: el Premi Sant Jordi (novel\u00b7la); el Premi Merc\u00e8 Rodoreda (contes i narracions); el Premi Carles Riba (poesia); el Premi Joaquim Ruya (narrativa juvenil); el Premi Folch i Torres (novel\u00b7la per a nois i noies); el Premi Internacional J. B. Cendr\u00f3s; el Premi de Comunicaci\u00f3 Muriel Casals; el Premi \u00c0ngel Guimer\u00e0 (dramat\u00fargia), i el Premi Lo Somni (nous talents). Tot ells a obra in\u00e8dita. A m\u00e9s, tamb\u00e9 s\u2019incorporen a la gala tres guardons a obra publicada com el Premi \u00d2mnium a la Millor Novel\u00b7la de l\u2019Any; el Premi Montserrat Franquesa de Traducci\u00f3, i el Premi Vinyeta Ficomic.<\/p>\n","protected":false},"excerpt":{"rendered":"<p>Tres perfils diferents per\u00f2 amb una gran passi\u00f3 per la llengua i la cultura catalanes conduiran la gala, que tindr\u00e0 lloc el pr\u00f2xim 14 de mar\u00e7 al MNAC\u00a0 \u00a0 Els [&hellip;]<\/p>\n","protected":false},"author":182,"featured_media":451571,"comment_status":"closed","ping_status":"open","sticky":false,"template":"","format":"standard","meta":{"_acf_changed":false,"footnotes":""},"categories":[1],"tags":[],"post_headquarter":[],"post_project":[],"class_list":["post-451469","post","type-post","status-publish","format-standard","has-post-thumbnail","hentry","category-uncategorized-ca"],"acf":[],"yoast_head":"<!-- This site is optimized with the Yoast SEO plugin v27.2 - https:\/\/yoast.com\/product\/yoast-seo-wordpress\/ -->\n<title>Xavier Grasset, Alba Riera i Elisenda Pineda, presentadors de la 75a Nit de les Lletres Catalanes - \u00d2mnium Cultural<\/title>\n<meta name=\"robots\" content=\"index, follow, max-snippet:-1, max-image-preview:large, max-video-preview:-1\" \/>\n<link rel=\"canonical\" href=\"https:\/\/www.omnium.cat\/ca\/xavier-grasset-alba-riera-i-elisenda-pineda-presentadors-de-la-75a-nit-de-les-lletres-catalanes\/\" \/>\n<meta name=\"twitter:label1\" content=\"Escrit per\" \/>\n\t<meta name=\"twitter:data1\" content=\"Aida Morales\" \/>\n\t<meta name=\"twitter:label2\" content=\"Temps estimat de lectura\" \/>\n\t<meta name=\"twitter:data2\" content=\"5 minuts\" \/>\n<script type=\"application\/ld+json\" class=\"yoast-schema-graph\">{\"@context\":\"https:\/\/schema.org\",\"@graph\":[{\"@type\":\"Article\",\"@id\":\"https:\/\/www.omnium.cat\/ca\/xavier-grasset-alba-riera-i-elisenda-pineda-presentadors-de-la-75a-nit-de-les-lletres-catalanes\/#article\",\"isPartOf\":{\"@id\":\"https:\/\/www.omnium.cat\/ca\/xavier-grasset-alba-riera-i-elisenda-pineda-presentadors-de-la-75a-nit-de-les-lletres-catalanes\/\"},\"author\":{\"name\":\"Aida Morales\",\"@id\":\"https:\/\/www.omnium.cat\/ca\/#\/schema\/person\/858757a3dcdf3cd6598d0db932c42b05\"},\"headline\":\"Xavier Grasset, Alba Riera i Elisenda Pineda, presentadors de la 75a Nit de les Lletres Catalanes\",\"datePublished\":\"2026-03-02T09:36:40+00:00\",\"dateModified\":\"2026-03-02T09:36:58+00:00\",\"mainEntityOfPage\":{\"@id\":\"https:\/\/www.omnium.cat\/ca\/xavier-grasset-alba-riera-i-elisenda-pineda-presentadors-de-la-75a-nit-de-les-lletres-catalanes\/\"},\"wordCount\":865,\"publisher\":{\"@id\":\"https:\/\/www.omnium.cat\/ca\/#organization\"},\"image\":{\"@id\":\"https:\/\/www.omnium.cat\/ca\/xavier-grasset-alba-riera-i-elisenda-pineda-presentadors-de-la-75a-nit-de-les-lletres-catalanes\/#primaryimage\"},\"thumbnailUrl\":\"https:\/\/cdn.omnium.cat\/wp-content\/uploads\/2026\/03\/02103609\/photo_5848130081757269198_y.jpg\",\"articleSection\":[\"Uncategorized @oc\"],\"inLanguage\":\"ca\"},{\"@type\":\"WebPage\",\"@id\":\"https:\/\/www.omnium.cat\/ca\/xavier-grasset-alba-riera-i-elisenda-pineda-presentadors-de-la-75a-nit-de-les-lletres-catalanes\/\",\"url\":\"https:\/\/www.omnium.cat\/ca\/xavier-grasset-alba-riera-i-elisenda-pineda-presentadors-de-la-75a-nit-de-les-lletres-catalanes\/\",\"name\":\"Xavier Grasset, Alba Riera i Elisenda Pineda, presentadors de la 75a Nit de les Lletres Catalanes - \u00d2mnium Cultural\",\"isPartOf\":{\"@id\":\"https:\/\/www.omnium.cat\/ca\/#website\"},\"primaryImageOfPage\":{\"@id\":\"https:\/\/www.omnium.cat\/ca\/xavier-grasset-alba-riera-i-elisenda-pineda-presentadors-de-la-75a-nit-de-les-lletres-catalanes\/#primaryimage\"},\"image\":{\"@id\":\"https:\/\/www.omnium.cat\/ca\/xavier-grasset-alba-riera-i-elisenda-pineda-presentadors-de-la-75a-nit-de-les-lletres-catalanes\/#primaryimage\"},\"thumbnailUrl\":\"https:\/\/cdn.omnium.cat\/wp-content\/uploads\/2026\/03\/02103609\/photo_5848130081757269198_y.jpg\",\"datePublished\":\"2026-03-02T09:36:40+00:00\",\"dateModified\":\"2026-03-02T09:36:58+00:00\",\"breadcrumb\":{\"@id\":\"https:\/\/www.omnium.cat\/ca\/xavier-grasset-alba-riera-i-elisenda-pineda-presentadors-de-la-75a-nit-de-les-lletres-catalanes\/#breadcrumb\"},\"inLanguage\":\"ca\",\"potentialAction\":[{\"@type\":\"ReadAction\",\"target\":[\"https:\/\/www.omnium.cat\/ca\/xavier-grasset-alba-riera-i-elisenda-pineda-presentadors-de-la-75a-nit-de-les-lletres-catalanes\/\"]}]},{\"@type\":\"ImageObject\",\"inLanguage\":\"ca\",\"@id\":\"https:\/\/www.omnium.cat\/ca\/xavier-grasset-alba-riera-i-elisenda-pineda-presentadors-de-la-75a-nit-de-les-lletres-catalanes\/#primaryimage\",\"url\":\"https:\/\/cdn.omnium.cat\/wp-content\/uploads\/2026\/03\/02103609\/photo_5848130081757269198_y.jpg\",\"contentUrl\":\"https:\/\/cdn.omnium.cat\/wp-content\/uploads\/2026\/03\/02103609\/photo_5848130081757269198_y.jpg\",\"width\":1280,\"height\":720},{\"@type\":\"BreadcrumbList\",\"@id\":\"https:\/\/www.omnium.cat\/ca\/xavier-grasset-alba-riera-i-elisenda-pineda-presentadors-de-la-75a-nit-de-les-lletres-catalanes\/#breadcrumb\",\"itemListElement\":[{\"@type\":\"ListItem\",\"position\":1,\"name\":\"Inici\",\"item\":\"https:\/\/www.omnium.cat\/ca\/\"},{\"@type\":\"ListItem\",\"position\":2,\"name\":\"Xavier Grasset, Alba Riera i Elisenda Pineda, presentadors de la 75a Nit de les Lletres Catalanes\"}]},{\"@type\":\"WebSite\",\"@id\":\"https:\/\/www.omnium.cat\/ca\/#website\",\"url\":\"https:\/\/www.omnium.cat\/ca\/\",\"name\":\"\u00d2mnium Cultural\",\"description\":\"Llengua Cultura Pa\u00eds\",\"publisher\":{\"@id\":\"https:\/\/www.omnium.cat\/ca\/#organization\"},\"potentialAction\":[{\"@type\":\"SearchAction\",\"target\":{\"@type\":\"EntryPoint\",\"urlTemplate\":\"https:\/\/www.omnium.cat\/ca\/?s={search_term_string}\"},\"query-input\":{\"@type\":\"PropertyValueSpecification\",\"valueRequired\":true,\"valueName\":\"search_term_string\"}}],\"inLanguage\":\"ca\"},{\"@type\":\"Organization\",\"@id\":\"https:\/\/www.omnium.cat\/ca\/#organization\",\"name\":\"\u00d2mnium Cultural\",\"url\":\"https:\/\/www.omnium.cat\/ca\/\",\"logo\":{\"@type\":\"ImageObject\",\"inLanguage\":\"ca\",\"@id\":\"https:\/\/www.omnium.cat\/ca\/#\/schema\/logo\/image\/\",\"url\":\"https:\/\/cdn.omnium.cat\/wp-content\/uploads\/2019\/06\/01112517\/cropped-omnium_logo-1.png\",\"contentUrl\":\"https:\/\/cdn.omnium.cat\/wp-content\/uploads\/2019\/06\/01112517\/cropped-omnium_logo-1.png\",\"width\":1213,\"height\":262,\"caption\":\"\u00d2mnium Cultural\"},\"image\":{\"@id\":\"https:\/\/www.omnium.cat\/ca\/#\/schema\/logo\/image\/\"},\"sameAs\":[\"https:\/\/www.facebook.com\/omniumcultural\",\"https:\/\/x.com\/omnium\",\"https:\/\/www.instagram.com\/omniumcultural\/\",\"https:\/\/www.youtube.com\/user\/omniumcultural\"]},{\"@type\":\"Person\",\"@id\":\"https:\/\/www.omnium.cat\/ca\/#\/schema\/person\/858757a3dcdf3cd6598d0db932c42b05\",\"name\":\"Aida Morales\",\"image\":{\"@type\":\"ImageObject\",\"inLanguage\":\"ca\",\"@id\":\"https:\/\/secure.gravatar.com\/avatar\/d31eddf3eb503b2da10671c829ecb9f8b407291532ee79052b9691be16224b84?s=96&d=mm&r=g\",\"url\":\"https:\/\/secure.gravatar.com\/avatar\/d31eddf3eb503b2da10671c829ecb9f8b407291532ee79052b9691be16224b84?s=96&d=mm&r=g\",\"contentUrl\":\"https:\/\/secure.gravatar.com\/avatar\/d31eddf3eb503b2da10671c829ecb9f8b407291532ee79052b9691be16224b84?s=96&d=mm&r=g\",\"caption\":\"Aida Morales\"}}]}<\/script>\n<!-- \/ Yoast SEO plugin. -->","yoast_head_json":{"title":"Xavier Grasset, Alba Riera i Elisenda Pineda, presentadors de la 75a Nit de les Lletres Catalanes - \u00d2mnium Cultural","robots":{"index":"index","follow":"follow","max-snippet":"max-snippet:-1","max-image-preview":"max-image-preview:large","max-video-preview":"max-video-preview:-1"},"canonical":"https:\/\/www.omnium.cat\/ca\/xavier-grasset-alba-riera-i-elisenda-pineda-presentadors-de-la-75a-nit-de-les-lletres-catalanes\/","twitter_misc":{"Escrit per":"Aida Morales","Temps estimat de lectura":"5 minuts"},"schema":{"@context":"https:\/\/schema.org","@graph":[{"@type":"Article","@id":"https:\/\/www.omnium.cat\/ca\/xavier-grasset-alba-riera-i-elisenda-pineda-presentadors-de-la-75a-nit-de-les-lletres-catalanes\/#article","isPartOf":{"@id":"https:\/\/www.omnium.cat\/ca\/xavier-grasset-alba-riera-i-elisenda-pineda-presentadors-de-la-75a-nit-de-les-lletres-catalanes\/"},"author":{"name":"Aida Morales","@id":"https:\/\/www.omnium.cat\/ca\/#\/schema\/person\/858757a3dcdf3cd6598d0db932c42b05"},"headline":"Xavier Grasset, Alba Riera i Elisenda Pineda, presentadors de la 75a Nit de les Lletres Catalanes","datePublished":"2026-03-02T09:36:40+00:00","dateModified":"2026-03-02T09:36:58+00:00","mainEntityOfPage":{"@id":"https:\/\/www.omnium.cat\/ca\/xavier-grasset-alba-riera-i-elisenda-pineda-presentadors-de-la-75a-nit-de-les-lletres-catalanes\/"},"wordCount":865,"publisher":{"@id":"https:\/\/www.omnium.cat\/ca\/#organization"},"image":{"@id":"https:\/\/www.omnium.cat\/ca\/xavier-grasset-alba-riera-i-elisenda-pineda-presentadors-de-la-75a-nit-de-les-lletres-catalanes\/#primaryimage"},"thumbnailUrl":"https:\/\/cdn.omnium.cat\/wp-content\/uploads\/2026\/03\/02103609\/photo_5848130081757269198_y.jpg","articleSection":["Uncategorized @oc"],"inLanguage":"ca"},{"@type":"WebPage","@id":"https:\/\/www.omnium.cat\/ca\/xavier-grasset-alba-riera-i-elisenda-pineda-presentadors-de-la-75a-nit-de-les-lletres-catalanes\/","url":"https:\/\/www.omnium.cat\/ca\/xavier-grasset-alba-riera-i-elisenda-pineda-presentadors-de-la-75a-nit-de-les-lletres-catalanes\/","name":"Xavier Grasset, Alba Riera i Elisenda Pineda, presentadors de la 75a Nit de les Lletres Catalanes - \u00d2mnium Cultural","isPartOf":{"@id":"https:\/\/www.omnium.cat\/ca\/#website"},"primaryImageOfPage":{"@id":"https:\/\/www.omnium.cat\/ca\/xavier-grasset-alba-riera-i-elisenda-pineda-presentadors-de-la-75a-nit-de-les-lletres-catalanes\/#primaryimage"},"image":{"@id":"https:\/\/www.omnium.cat\/ca\/xavier-grasset-alba-riera-i-elisenda-pineda-presentadors-de-la-75a-nit-de-les-lletres-catalanes\/#primaryimage"},"thumbnailUrl":"https:\/\/cdn.omnium.cat\/wp-content\/uploads\/2026\/03\/02103609\/photo_5848130081757269198_y.jpg","datePublished":"2026-03-02T09:36:40+00:00","dateModified":"2026-03-02T09:36:58+00:00","breadcrumb":{"@id":"https:\/\/www.omnium.cat\/ca\/xavier-grasset-alba-riera-i-elisenda-pineda-presentadors-de-la-75a-nit-de-les-lletres-catalanes\/#breadcrumb"},"inLanguage":"ca","potentialAction":[{"@type":"ReadAction","target":["https:\/\/www.omnium.cat\/ca\/xavier-grasset-alba-riera-i-elisenda-pineda-presentadors-de-la-75a-nit-de-les-lletres-catalanes\/"]}]},{"@type":"ImageObject","inLanguage":"ca","@id":"https:\/\/www.omnium.cat\/ca\/xavier-grasset-alba-riera-i-elisenda-pineda-presentadors-de-la-75a-nit-de-les-lletres-catalanes\/#primaryimage","url":"https:\/\/cdn.omnium.cat\/wp-content\/uploads\/2026\/03\/02103609\/photo_5848130081757269198_y.jpg","contentUrl":"https:\/\/cdn.omnium.cat\/wp-content\/uploads\/2026\/03\/02103609\/photo_5848130081757269198_y.jpg","width":1280,"height":720},{"@type":"BreadcrumbList","@id":"https:\/\/www.omnium.cat\/ca\/xavier-grasset-alba-riera-i-elisenda-pineda-presentadors-de-la-75a-nit-de-les-lletres-catalanes\/#breadcrumb","itemListElement":[{"@type":"ListItem","position":1,"name":"Inici","item":"https:\/\/www.omnium.cat\/ca\/"},{"@type":"ListItem","position":2,"name":"Xavier Grasset, Alba Riera i Elisenda Pineda, presentadors de la 75a Nit de les Lletres Catalanes"}]},{"@type":"WebSite","@id":"https:\/\/www.omnium.cat\/ca\/#website","url":"https:\/\/www.omnium.cat\/ca\/","name":"\u00d2mnium Cultural","description":"Llengua Cultura Pa\u00eds","publisher":{"@id":"https:\/\/www.omnium.cat\/ca\/#organization"},"potentialAction":[{"@type":"SearchAction","target":{"@type":"EntryPoint","urlTemplate":"https:\/\/www.omnium.cat\/ca\/?s={search_term_string}"},"query-input":{"@type":"PropertyValueSpecification","valueRequired":true,"valueName":"search_term_string"}}],"inLanguage":"ca"},{"@type":"Organization","@id":"https:\/\/www.omnium.cat\/ca\/#organization","name":"\u00d2mnium Cultural","url":"https:\/\/www.omnium.cat\/ca\/","logo":{"@type":"ImageObject","inLanguage":"ca","@id":"https:\/\/www.omnium.cat\/ca\/#\/schema\/logo\/image\/","url":"https:\/\/cdn.omnium.cat\/wp-content\/uploads\/2019\/06\/01112517\/cropped-omnium_logo-1.png","contentUrl":"https:\/\/cdn.omnium.cat\/wp-content\/uploads\/2019\/06\/01112517\/cropped-omnium_logo-1.png","width":1213,"height":262,"caption":"\u00d2mnium Cultural"},"image":{"@id":"https:\/\/www.omnium.cat\/ca\/#\/schema\/logo\/image\/"},"sameAs":["https:\/\/www.facebook.com\/omniumcultural","https:\/\/x.com\/omnium","https:\/\/www.instagram.com\/omniumcultural\/","https:\/\/www.youtube.com\/user\/omniumcultural"]},{"@type":"Person","@id":"https:\/\/www.omnium.cat\/ca\/#\/schema\/person\/858757a3dcdf3cd6598d0db932c42b05","name":"Aida Morales","image":{"@type":"ImageObject","inLanguage":"ca","@id":"https:\/\/secure.gravatar.com\/avatar\/d31eddf3eb503b2da10671c829ecb9f8b407291532ee79052b9691be16224b84?s=96&d=mm&r=g","url":"https:\/\/secure.gravatar.com\/avatar\/d31eddf3eb503b2da10671c829ecb9f8b407291532ee79052b9691be16224b84?s=96&d=mm&r=g","contentUrl":"https:\/\/secure.gravatar.com\/avatar\/d31eddf3eb503b2da10671c829ecb9f8b407291532ee79052b9691be16224b84?s=96&d=mm&r=g","caption":"Aida Morales"}}]}},"_links":{"self":[{"href":"https:\/\/www.omnium.cat\/ca\/wp-json\/wp\/v2\/posts\/451469","targetHints":{"allow":["GET"]}}],"collection":[{"href":"https:\/\/www.omnium.cat\/ca\/wp-json\/wp\/v2\/posts"}],"about":[{"href":"https:\/\/www.omnium.cat\/ca\/wp-json\/wp\/v2\/types\/post"}],"author":[{"embeddable":true,"href":"https:\/\/www.omnium.cat\/ca\/wp-json\/wp\/v2\/users\/182"}],"replies":[{"embeddable":true,"href":"https:\/\/www.omnium.cat\/ca\/wp-json\/wp\/v2\/comments?post=451469"}],"version-history":[{"count":1,"href":"https:\/\/www.omnium.cat\/ca\/wp-json\/wp\/v2\/posts\/451469\/revisions"}],"predecessor-version":[{"id":451575,"href":"https:\/\/www.omnium.cat\/ca\/wp-json\/wp\/v2\/posts\/451469\/revisions\/451575"}],"wp:featuredmedia":[{"embeddable":true,"href":"https:\/\/www.omnium.cat\/ca\/wp-json\/wp\/v2\/media\/451571"}],"wp:attachment":[{"href":"https:\/\/www.omnium.cat\/ca\/wp-json\/wp\/v2\/media?parent=451469"}],"wp:term":[{"taxonomy":"category","embeddable":true,"href":"https:\/\/www.omnium.cat\/ca\/wp-json\/wp\/v2\/categories?post=451469"},{"taxonomy":"post_tag","embeddable":true,"href":"https:\/\/www.omnium.cat\/ca\/wp-json\/wp\/v2\/tags?post=451469"},{"taxonomy":"post_headquarter","embeddable":true,"href":"https:\/\/www.omnium.cat\/ca\/wp-json\/wp\/v2\/post_headquarter?post=451469"},{"taxonomy":"post_project","embeddable":true,"href":"https:\/\/www.omnium.cat\/ca\/wp-json\/wp\/v2\/post_project?post=451469"}],"curies":[{"name":"wp","href":"https:\/\/api.w.org\/{rel}","templated":true}]}}