{"id":451631,"date":"2026-03-02T17:25:09","date_gmt":"2026-03-02T16:25:09","guid":{"rendered":"https:\/\/www.omnium.cat\/?p=451631"},"modified":"2026-03-02T17:25:13","modified_gmt":"2026-03-02T16:25:13","slug":"us-esperem-a-lassemblea-anual-de-socis-3","status":"publish","type":"post","link":"https:\/\/www.omnium.cat\/ca\/us-esperem-a-lassemblea-anual-de-socis-3\/","title":{"rendered":"Us esperem a l&#8217;assemblea anual de socis"},"content":{"rendered":"\n<p>D\u2019acord amb el Reglament d\u2019Organitzaci\u00f3 Territorial d\u2019\u00d2mnium Cultural, la junta rectora de la seu del Bages-Moian\u00e8s convoca l\u2019Assemblea Territorial, per tal d\u2019explicar als socis les activitats realitzades durant l\u2019any 2025 i el pla de treball per al 2026, el dilluns 9 de mar\u00e7, a dos quarts de vuit del vespre (en primera convocat\u00f2ria) i a les vuit (en segona convocat\u00f2ria).<\/p>\n<p>Abans de l\u2019assemblea, a les set, es far\u00e0 la xerrada &#8216;Si ho fas en castell\u00e0 tindr\u00e0 m\u00e9s p\u00fablic&#8217;,\u00a0dedicada a la creaci\u00f3 de continguts en catal\u00e0 i on s\u2019exposaran els reptes i les oportunitats del sector amb la participaci\u00f3 de Carles J\u00f3dar, impulsor del projecte period\u00edstic multiplataforma El Ganxo, produ\u00eft per Gedi.<\/p>\n<p>Us podeu inscriure, <a href=\"https:\/\/eu.jotform.com\/form\/250402260408343\">aqu\u00ed<\/a>.<\/p>\n<p>Us hi esperem!<\/p>\n<p>\u00a0<\/p>\n<p>\u00a0<\/p>\n","protected":false},"excerpt":{"rendered":"<p>D\u2019acord amb el Reglament d\u2019Organitzaci\u00f3 Territorial d\u2019\u00d2mnium Cultural, la junta rectora de la seu del Bages-Moian\u00e8s convoca l\u2019Assemblea Territorial, per tal d\u2019explicar als socis les activitats realitzades durant l\u2019any 2025 [&hellip;]<\/p>\n","protected":false},"author":151,"featured_media":451632,"comment_status":"closed","ping_status":"open","sticky":false,"template":"","format":"standard","meta":{"_acf_changed":false,"footnotes":""},"categories":[1],"tags":[803,3756],"post_headquarter":[1760],"post_project":[],"class_list":["post-451631","post","type-post","status-publish","format-standard","has-post-thumbnail","hentry","category-uncategorized-ca","tag-assemblea-de-socis","tag-omnium-bages-moianes","post_headquarter-bages-moianes"],"acf":[],"yoast_head":"<!-- This site is optimized with the Yoast SEO plugin v27.2 - https:\/\/yoast.com\/product\/yoast-seo-wordpress\/ -->\n<title>Us esperem a l&#039;assemblea anual de socis - \u00d2mnium Cultural<\/title>\n<meta name=\"robots\" content=\"index, follow, max-snippet:-1, max-image-preview:large, max-video-preview:-1\" \/>\n<link rel=\"canonical\" href=\"https:\/\/www.omnium.cat\/ca\/us-esperem-a-lassemblea-anual-de-socis-3\/\" \/>\n<meta name=\"twitter:label1\" content=\"Escrit per\" \/>\n\t<meta name=\"twitter:data1\" content=\"Eva Forn\" \/>\n\t<meta name=\"twitter:label2\" content=\"Temps estimat de lectura\" \/>\n\t<meta name=\"twitter:data2\" content=\"1 minut\" \/>\n<script type=\"application\/ld+json\" class=\"yoast-schema-graph\">{\"@context\":\"https:\/\/schema.org\",\"@graph\":[{\"@type\":\"Article\",\"@id\":\"https:\/\/www.omnium.cat\/ca\/us-esperem-a-lassemblea-anual-de-socis-3\/#article\",\"isPartOf\":{\"@id\":\"https:\/\/www.omnium.cat\/ca\/us-esperem-a-lassemblea-anual-de-socis-3\/\"},\"author\":{\"name\":\"Eva Forn\",\"@id\":\"https:\/\/www.omnium.cat\/ca\/#\/schema\/person\/43a7fd06d4134d6062dc98d0b97ad68e\"},\"headline\":\"Us esperem a l&#8217;assemblea anual de socis\",\"datePublished\":\"2026-03-02T16:25:09+00:00\",\"dateModified\":\"2026-03-02T16:25:13+00:00\",\"mainEntityOfPage\":{\"@id\":\"https:\/\/www.omnium.cat\/ca\/us-esperem-a-lassemblea-anual-de-socis-3\/\"},\"wordCount\":140,\"publisher\":{\"@id\":\"https:\/\/www.omnium.cat\/ca\/#organization\"},\"image\":{\"@id\":\"https:\/\/www.omnium.cat\/ca\/us-esperem-a-lassemblea-anual-de-socis-3\/#primaryimage\"},\"thumbnailUrl\":\"https:\/\/cdn.omnium.cat\/wp-content\/uploads\/2026\/03\/02172419\/BAGES.png\",\"keywords\":[\"assemblea de socis\",\"\u00d2mnium Bages-Moian\u00e8s\"],\"articleSection\":[\"Uncategorized @oc\"],\"inLanguage\":\"ca\"},{\"@type\":\"WebPage\",\"@id\":\"https:\/\/www.omnium.cat\/ca\/us-esperem-a-lassemblea-anual-de-socis-3\/\",\"url\":\"https:\/\/www.omnium.cat\/ca\/us-esperem-a-lassemblea-anual-de-socis-3\/\",\"name\":\"Us esperem a l'assemblea anual de socis - \u00d2mnium Cultural\",\"isPartOf\":{\"@id\":\"https:\/\/www.omnium.cat\/ca\/#website\"},\"primaryImageOfPage\":{\"@id\":\"https:\/\/www.omnium.cat\/ca\/us-esperem-a-lassemblea-anual-de-socis-3\/#primaryimage\"},\"image\":{\"@id\":\"https:\/\/www.omnium.cat\/ca\/us-esperem-a-lassemblea-anual-de-socis-3\/#primaryimage\"},\"thumbnailUrl\":\"https:\/\/cdn.omnium.cat\/wp-content\/uploads\/2026\/03\/02172419\/BAGES.png\",\"datePublished\":\"2026-03-02T16:25:09+00:00\",\"dateModified\":\"2026-03-02T16:25:13+00:00\",\"breadcrumb\":{\"@id\":\"https:\/\/www.omnium.cat\/ca\/us-esperem-a-lassemblea-anual-de-socis-3\/#breadcrumb\"},\"inLanguage\":\"ca\",\"potentialAction\":[{\"@type\":\"ReadAction\",\"target\":[\"https:\/\/www.omnium.cat\/ca\/us-esperem-a-lassemblea-anual-de-socis-3\/\"]}]},{\"@type\":\"ImageObject\",\"inLanguage\":\"ca\",\"@id\":\"https:\/\/www.omnium.cat\/ca\/us-esperem-a-lassemblea-anual-de-socis-3\/#primaryimage\",\"url\":\"https:\/\/cdn.omnium.cat\/wp-content\/uploads\/2026\/03\/02172419\/BAGES.png\",\"contentUrl\":\"https:\/\/cdn.omnium.cat\/wp-content\/uploads\/2026\/03\/02172419\/BAGES.png\",\"width\":1249,\"height\":624},{\"@type\":\"BreadcrumbList\",\"@id\":\"https:\/\/www.omnium.cat\/ca\/us-esperem-a-lassemblea-anual-de-socis-3\/#breadcrumb\",\"itemListElement\":[{\"@type\":\"ListItem\",\"position\":1,\"name\":\"Inici\",\"item\":\"https:\/\/www.omnium.cat\/ca\/\"},{\"@type\":\"ListItem\",\"position\":2,\"name\":\"Us esperem a l&#8217;assemblea anual de socis\"}]},{\"@type\":\"WebSite\",\"@id\":\"https:\/\/www.omnium.cat\/ca\/#website\",\"url\":\"https:\/\/www.omnium.cat\/ca\/\",\"name\":\"\u00d2mnium Cultural\",\"description\":\"Llengua Cultura Pa\u00eds\",\"publisher\":{\"@id\":\"https:\/\/www.omnium.cat\/ca\/#organization\"},\"potentialAction\":[{\"@type\":\"SearchAction\",\"target\":{\"@type\":\"EntryPoint\",\"urlTemplate\":\"https:\/\/www.omnium.cat\/ca\/?s={search_term_string}\"},\"query-input\":{\"@type\":\"PropertyValueSpecification\",\"valueRequired\":true,\"valueName\":\"search_term_string\"}}],\"inLanguage\":\"ca\"},{\"@type\":\"Organization\",\"@id\":\"https:\/\/www.omnium.cat\/ca\/#organization\",\"name\":\"\u00d2mnium Cultural\",\"url\":\"https:\/\/www.omnium.cat\/ca\/\",\"logo\":{\"@type\":\"ImageObject\",\"inLanguage\":\"ca\",\"@id\":\"https:\/\/www.omnium.cat\/ca\/#\/schema\/logo\/image\/\",\"url\":\"https:\/\/cdn.omnium.cat\/wp-content\/uploads\/2019\/06\/01112517\/cropped-omnium_logo-1.png\",\"contentUrl\":\"https:\/\/cdn.omnium.cat\/wp-content\/uploads\/2019\/06\/01112517\/cropped-omnium_logo-1.png\",\"width\":1213,\"height\":262,\"caption\":\"\u00d2mnium Cultural\"},\"image\":{\"@id\":\"https:\/\/www.omnium.cat\/ca\/#\/schema\/logo\/image\/\"},\"sameAs\":[\"https:\/\/www.facebook.com\/omniumcultural\",\"https:\/\/x.com\/omnium\",\"https:\/\/www.instagram.com\/omniumcultural\/\",\"https:\/\/www.youtube.com\/user\/omniumcultural\"]},{\"@type\":\"Person\",\"@id\":\"https:\/\/www.omnium.cat\/ca\/#\/schema\/person\/43a7fd06d4134d6062dc98d0b97ad68e\",\"name\":\"Eva Forn\",\"image\":{\"@type\":\"ImageObject\",\"inLanguage\":\"ca\",\"@id\":\"https:\/\/secure.gravatar.com\/avatar\/f9fa77e07eb85a341274edc960188678149417a39ebf9ec7fb35d3fc23ab6911?s=96&d=mm&r=g\",\"url\":\"https:\/\/secure.gravatar.com\/avatar\/f9fa77e07eb85a341274edc960188678149417a39ebf9ec7fb35d3fc23ab6911?s=96&d=mm&r=g\",\"contentUrl\":\"https:\/\/secure.gravatar.com\/avatar\/f9fa77e07eb85a341274edc960188678149417a39ebf9ec7fb35d3fc23ab6911?s=96&d=mm&r=g\",\"caption\":\"Eva Forn\"}}]}<\/script>\n<!-- \/ Yoast SEO plugin. -->","yoast_head_json":{"title":"Us esperem a l'assemblea anual de socis - \u00d2mnium Cultural","robots":{"index":"index","follow":"follow","max-snippet":"max-snippet:-1","max-image-preview":"max-image-preview:large","max-video-preview":"max-video-preview:-1"},"canonical":"https:\/\/www.omnium.cat\/ca\/us-esperem-a-lassemblea-anual-de-socis-3\/","twitter_misc":{"Escrit per":"Eva Forn","Temps estimat de lectura":"1 minut"},"schema":{"@context":"https:\/\/schema.org","@graph":[{"@type":"Article","@id":"https:\/\/www.omnium.cat\/ca\/us-esperem-a-lassemblea-anual-de-socis-3\/#article","isPartOf":{"@id":"https:\/\/www.omnium.cat\/ca\/us-esperem-a-lassemblea-anual-de-socis-3\/"},"author":{"name":"Eva Forn","@id":"https:\/\/www.omnium.cat\/ca\/#\/schema\/person\/43a7fd06d4134d6062dc98d0b97ad68e"},"headline":"Us esperem a l&#8217;assemblea anual de socis","datePublished":"2026-03-02T16:25:09+00:00","dateModified":"2026-03-02T16:25:13+00:00","mainEntityOfPage":{"@id":"https:\/\/www.omnium.cat\/ca\/us-esperem-a-lassemblea-anual-de-socis-3\/"},"wordCount":140,"publisher":{"@id":"https:\/\/www.omnium.cat\/ca\/#organization"},"image":{"@id":"https:\/\/www.omnium.cat\/ca\/us-esperem-a-lassemblea-anual-de-socis-3\/#primaryimage"},"thumbnailUrl":"https:\/\/cdn.omnium.cat\/wp-content\/uploads\/2026\/03\/02172419\/BAGES.png","keywords":["assemblea de socis","\u00d2mnium Bages-Moian\u00e8s"],"articleSection":["Uncategorized @oc"],"inLanguage":"ca"},{"@type":"WebPage","@id":"https:\/\/www.omnium.cat\/ca\/us-esperem-a-lassemblea-anual-de-socis-3\/","url":"https:\/\/www.omnium.cat\/ca\/us-esperem-a-lassemblea-anual-de-socis-3\/","name":"Us esperem a l'assemblea anual de socis - \u00d2mnium Cultural","isPartOf":{"@id":"https:\/\/www.omnium.cat\/ca\/#website"},"primaryImageOfPage":{"@id":"https:\/\/www.omnium.cat\/ca\/us-esperem-a-lassemblea-anual-de-socis-3\/#primaryimage"},"image":{"@id":"https:\/\/www.omnium.cat\/ca\/us-esperem-a-lassemblea-anual-de-socis-3\/#primaryimage"},"thumbnailUrl":"https:\/\/cdn.omnium.cat\/wp-content\/uploads\/2026\/03\/02172419\/BAGES.png","datePublished":"2026-03-02T16:25:09+00:00","dateModified":"2026-03-02T16:25:13+00:00","breadcrumb":{"@id":"https:\/\/www.omnium.cat\/ca\/us-esperem-a-lassemblea-anual-de-socis-3\/#breadcrumb"},"inLanguage":"ca","potentialAction":[{"@type":"ReadAction","target":["https:\/\/www.omnium.cat\/ca\/us-esperem-a-lassemblea-anual-de-socis-3\/"]}]},{"@type":"ImageObject","inLanguage":"ca","@id":"https:\/\/www.omnium.cat\/ca\/us-esperem-a-lassemblea-anual-de-socis-3\/#primaryimage","url":"https:\/\/cdn.omnium.cat\/wp-content\/uploads\/2026\/03\/02172419\/BAGES.png","contentUrl":"https:\/\/cdn.omnium.cat\/wp-content\/uploads\/2026\/03\/02172419\/BAGES.png","width":1249,"height":624},{"@type":"BreadcrumbList","@id":"https:\/\/www.omnium.cat\/ca\/us-esperem-a-lassemblea-anual-de-socis-3\/#breadcrumb","itemListElement":[{"@type":"ListItem","position":1,"name":"Inici","item":"https:\/\/www.omnium.cat\/ca\/"},{"@type":"ListItem","position":2,"name":"Us esperem a l&#8217;assemblea anual de socis"}]},{"@type":"WebSite","@id":"https:\/\/www.omnium.cat\/ca\/#website","url":"https:\/\/www.omnium.cat\/ca\/","name":"\u00d2mnium Cultural","description":"Llengua Cultura Pa\u00eds","publisher":{"@id":"https:\/\/www.omnium.cat\/ca\/#organization"},"potentialAction":[{"@type":"SearchAction","target":{"@type":"EntryPoint","urlTemplate":"https:\/\/www.omnium.cat\/ca\/?s={search_term_string}"},"query-input":{"@type":"PropertyValueSpecification","valueRequired":true,"valueName":"search_term_string"}}],"inLanguage":"ca"},{"@type":"Organization","@id":"https:\/\/www.omnium.cat\/ca\/#organization","name":"\u00d2mnium Cultural","url":"https:\/\/www.omnium.cat\/ca\/","logo":{"@type":"ImageObject","inLanguage":"ca","@id":"https:\/\/www.omnium.cat\/ca\/#\/schema\/logo\/image\/","url":"https:\/\/cdn.omnium.cat\/wp-content\/uploads\/2019\/06\/01112517\/cropped-omnium_logo-1.png","contentUrl":"https:\/\/cdn.omnium.cat\/wp-content\/uploads\/2019\/06\/01112517\/cropped-omnium_logo-1.png","width":1213,"height":262,"caption":"\u00d2mnium Cultural"},"image":{"@id":"https:\/\/www.omnium.cat\/ca\/#\/schema\/logo\/image\/"},"sameAs":["https:\/\/www.facebook.com\/omniumcultural","https:\/\/x.com\/omnium","https:\/\/www.instagram.com\/omniumcultural\/","https:\/\/www.youtube.com\/user\/omniumcultural"]},{"@type":"Person","@id":"https:\/\/www.omnium.cat\/ca\/#\/schema\/person\/43a7fd06d4134d6062dc98d0b97ad68e","name":"Eva Forn","image":{"@type":"ImageObject","inLanguage":"ca","@id":"https:\/\/secure.gravatar.com\/avatar\/f9fa77e07eb85a341274edc960188678149417a39ebf9ec7fb35d3fc23ab6911?s=96&d=mm&r=g","url":"https:\/\/secure.gravatar.com\/avatar\/f9fa77e07eb85a341274edc960188678149417a39ebf9ec7fb35d3fc23ab6911?s=96&d=mm&r=g","contentUrl":"https:\/\/secure.gravatar.com\/avatar\/f9fa77e07eb85a341274edc960188678149417a39ebf9ec7fb35d3fc23ab6911?s=96&d=mm&r=g","caption":"Eva Forn"}}]}},"_links":{"self":[{"href":"https:\/\/www.omnium.cat\/ca\/wp-json\/wp\/v2\/posts\/451631","targetHints":{"allow":["GET"]}}],"collection":[{"href":"https:\/\/www.omnium.cat\/ca\/wp-json\/wp\/v2\/posts"}],"about":[{"href":"https:\/\/www.omnium.cat\/ca\/wp-json\/wp\/v2\/types\/post"}],"author":[{"embeddable":true,"href":"https:\/\/www.omnium.cat\/ca\/wp-json\/wp\/v2\/users\/151"}],"replies":[{"embeddable":true,"href":"https:\/\/www.omnium.cat\/ca\/wp-json\/wp\/v2\/comments?post=451631"}],"version-history":[{"count":1,"href":"https:\/\/www.omnium.cat\/ca\/wp-json\/wp\/v2\/posts\/451631\/revisions"}],"predecessor-version":[{"id":451636,"href":"https:\/\/www.omnium.cat\/ca\/wp-json\/wp\/v2\/posts\/451631\/revisions\/451636"}],"wp:featuredmedia":[{"embeddable":true,"href":"https:\/\/www.omnium.cat\/ca\/wp-json\/wp\/v2\/media\/451632"}],"wp:attachment":[{"href":"https:\/\/www.omnium.cat\/ca\/wp-json\/wp\/v2\/media?parent=451631"}],"wp:term":[{"taxonomy":"category","embeddable":true,"href":"https:\/\/www.omnium.cat\/ca\/wp-json\/wp\/v2\/categories?post=451631"},{"taxonomy":"post_tag","embeddable":true,"href":"https:\/\/www.omnium.cat\/ca\/wp-json\/wp\/v2\/tags?post=451631"},{"taxonomy":"post_headquarter","embeddable":true,"href":"https:\/\/www.omnium.cat\/ca\/wp-json\/wp\/v2\/post_headquarter?post=451631"},{"taxonomy":"post_project","embeddable":true,"href":"https:\/\/www.omnium.cat\/ca\/wp-json\/wp\/v2\/post_project?post=451631"}],"curies":[{"name":"wp","href":"https:\/\/api.w.org\/{rel}","templated":true}]}}