{"id":454215,"date":"2026-04-17T09:52:56","date_gmt":"2026-04-17T07:52:56","guid":{"rendered":"https:\/\/www.omnium.cat\/?p=454215"},"modified":"2026-04-17T09:53:37","modified_gmt":"2026-04-17T07:53:37","slug":"assemblea-general-ordinaria-2026-3","status":"publish","type":"post","link":"https:\/\/www.omnium.cat\/ca\/assemblea-general-ordinaria-2026-3\/","title":{"rendered":"Assemblea General Ordin\u00e0ria 2026"},"content":{"rendered":"\n\n\n\n\n<p><em><strong>Assemblea General Ordin\u00e0ria a Gr\u00e0cia: energia, llengua i cultura per al 2026<\/strong><\/em><\/p>\n<p>El passat 17 de mar\u00e7, la seu territorial de Gr\u00e0cia d\u2019\u00d2mnium Cultural va celebrar la seva Assemblea General Ordin\u00e0ria al bar del Teatre Lliure. En un ambient participatiu i proper, les s\u00f2cies i socis van aprovar un pla de treball ambici\u00f3s per al 2026, que mant\u00e9 el comprom\u00eds amb la difusi\u00f3 cultural i refor\u00e7a especialment les accions vinculades a la llengua catalana \u2014un eix que s\u2019ha evidenciat com el m\u00e9s viu i necessari.<\/p>\n<p><br \/>Al llarg de la trobada, es va fer un rep\u00e0s a la mem\u00f2ria d\u2019activitats del 2025. Diversos membres de la junta van presentar els projectes desenvolupats al llarg de l\u2019any, destacant-ne la col\u00b7laboraci\u00f3 amb el teixit associatiu gracienc. Entre les iniciatives, el FOC \u2013 Festival \u00d2mnium de Cinema, els cicles Quedem al Teatre, la tercera edici\u00f3 de La Poetada, la proposta Revoltes per con\u00e8ixer l\u2019estat de la llengua a Gr\u00e0cia, i la Trobada \u201cQu\u00e8 es pot fer a Gr\u00e0cia per la llengua\u201d, que va obrir reflexions i sinergies amb entitats del barri.<\/p>\n<p>Tamb\u00e9 van tenir protagonisme el projecte Vincles, amb grups de conversa en catal\u00e0, la xarxa amb la Festa Major de Gr\u00e0cia per promoure l\u2019\u00fas de la llengua, i el Festival de M\u00fasica Jove Desconnecta. De cara al 2026, \u00d2mnium Gr\u00e0cia continuar\u00e0 treballant per consolidar aquestes tasques de difusi\u00f3 cultural i enfortir les relacionades amb la llengua. \u201c\u00c9s el tema que ens interpel\u00b7la m\u00e9s i que ens uneix com a comunitat\u201d, va resumir la junta.<\/p>\n<p>L\u2019acte va comptar amb una bona participaci\u00f3 i va cloure amb un moment musical excepcional: el concert de Clar\u00f3, guanyadora de la menci\u00f3 \u00c7 del Festival Desconnecta, que va connectar, i de quina manera!, amb totes les persones assistents.<\/p>\n","protected":false},"excerpt":{"rendered":"<p>Assemblea General Ordin\u00e0ria a Gr\u00e0cia: energia, llengua i cultura per al 2026 El passat 17 de mar\u00e7, la seu territorial de Gr\u00e0cia d\u2019\u00d2mnium Cultural va celebrar la seva Assemblea General [&hellip;]<\/p>\n","protected":false},"author":292,"featured_media":454216,"comment_status":"closed","ping_status":"open","sticky":false,"template":"","format":"standard","meta":{"_acf_changed":false,"footnotes":""},"categories":[1],"tags":[],"post_headquarter":[1758],"post_project":[],"class_list":["post-454215","post","type-post","status-publish","format-standard","has-post-thumbnail","hentry","category-uncategorized-ca","post_headquarter-barcelona-gracia"],"acf":[],"yoast_head":"<!-- This site is optimized with the Yoast SEO plugin v27.2 - https:\/\/yoast.com\/product\/yoast-seo-wordpress\/ -->\n<title>Assemblea General Ordin\u00e0ria 2026 - \u00d2mnium Cultural<\/title>\n<meta name=\"robots\" content=\"index, follow, max-snippet:-1, max-image-preview:large, max-video-preview:-1\" \/>\n<link rel=\"canonical\" href=\"https:\/\/www.omnium.cat\/ca\/assemblea-general-ordinaria-2026-3\/\" \/>\n<meta name=\"twitter:label1\" content=\"Escrit per\" \/>\n\t<meta name=\"twitter:data1\" content=\"Sara Marin\" \/>\n\t<meta name=\"twitter:label2\" content=\"Temps estimat de lectura\" \/>\n\t<meta name=\"twitter:data2\" content=\"2 minuts\" \/>\n<script type=\"application\/ld+json\" class=\"yoast-schema-graph\">{\"@context\":\"https:\/\/schema.org\",\"@graph\":[{\"@type\":\"Article\",\"@id\":\"https:\/\/www.omnium.cat\/ca\/assemblea-general-ordinaria-2026-3\/#article\",\"isPartOf\":{\"@id\":\"https:\/\/www.omnium.cat\/ca\/assemblea-general-ordinaria-2026-3\/\"},\"author\":{\"name\":\"Sara Marin\",\"@id\":\"https:\/\/www.omnium.cat\/ca\/#\/schema\/person\/11269de2172bcd6100931e8123e71f59\"},\"headline\":\"Assemblea General Ordin\u00e0ria 2026\",\"datePublished\":\"2026-04-17T07:52:56+00:00\",\"dateModified\":\"2026-04-17T07:53:37+00:00\",\"mainEntityOfPage\":{\"@id\":\"https:\/\/www.omnium.cat\/ca\/assemblea-general-ordinaria-2026-3\/\"},\"wordCount\":314,\"publisher\":{\"@id\":\"https:\/\/www.omnium.cat\/ca\/#organization\"},\"image\":{\"@id\":\"https:\/\/www.omnium.cat\/ca\/assemblea-general-ordinaria-2026-3\/#primaryimage\"},\"thumbnailUrl\":\"https:\/\/cdn.omnium.cat\/wp-content\/uploads\/2026\/04\/16125318\/5893086101444955732.jpg\",\"articleSection\":[\"Uncategorized @oc\"],\"inLanguage\":\"ca\"},{\"@type\":\"WebPage\",\"@id\":\"https:\/\/www.omnium.cat\/ca\/assemblea-general-ordinaria-2026-3\/\",\"url\":\"https:\/\/www.omnium.cat\/ca\/assemblea-general-ordinaria-2026-3\/\",\"name\":\"Assemblea General Ordin\u00e0ria 2026 - \u00d2mnium Cultural\",\"isPartOf\":{\"@id\":\"https:\/\/www.omnium.cat\/ca\/#website\"},\"primaryImageOfPage\":{\"@id\":\"https:\/\/www.omnium.cat\/ca\/assemblea-general-ordinaria-2026-3\/#primaryimage\"},\"image\":{\"@id\":\"https:\/\/www.omnium.cat\/ca\/assemblea-general-ordinaria-2026-3\/#primaryimage\"},\"thumbnailUrl\":\"https:\/\/cdn.omnium.cat\/wp-content\/uploads\/2026\/04\/16125318\/5893086101444955732.jpg\",\"datePublished\":\"2026-04-17T07:52:56+00:00\",\"dateModified\":\"2026-04-17T07:53:37+00:00\",\"breadcrumb\":{\"@id\":\"https:\/\/www.omnium.cat\/ca\/assemblea-general-ordinaria-2026-3\/#breadcrumb\"},\"inLanguage\":\"ca\",\"potentialAction\":[{\"@type\":\"ReadAction\",\"target\":[\"https:\/\/www.omnium.cat\/ca\/assemblea-general-ordinaria-2026-3\/\"]}]},{\"@type\":\"ImageObject\",\"inLanguage\":\"ca\",\"@id\":\"https:\/\/www.omnium.cat\/ca\/assemblea-general-ordinaria-2026-3\/#primaryimage\",\"url\":\"https:\/\/cdn.omnium.cat\/wp-content\/uploads\/2026\/04\/16125318\/5893086101444955732.jpg\",\"contentUrl\":\"https:\/\/cdn.omnium.cat\/wp-content\/uploads\/2026\/04\/16125318\/5893086101444955732.jpg\",\"width\":1280,\"height\":960},{\"@type\":\"BreadcrumbList\",\"@id\":\"https:\/\/www.omnium.cat\/ca\/assemblea-general-ordinaria-2026-3\/#breadcrumb\",\"itemListElement\":[{\"@type\":\"ListItem\",\"position\":1,\"name\":\"Inici\",\"item\":\"https:\/\/www.omnium.cat\/ca\/\"},{\"@type\":\"ListItem\",\"position\":2,\"name\":\"Assemblea General Ordin\u00e0ria 2026\"}]},{\"@type\":\"WebSite\",\"@id\":\"https:\/\/www.omnium.cat\/ca\/#website\",\"url\":\"https:\/\/www.omnium.cat\/ca\/\",\"name\":\"\u00d2mnium Cultural\",\"description\":\"Llengua Cultura Pa\u00eds\",\"publisher\":{\"@id\":\"https:\/\/www.omnium.cat\/ca\/#organization\"},\"potentialAction\":[{\"@type\":\"SearchAction\",\"target\":{\"@type\":\"EntryPoint\",\"urlTemplate\":\"https:\/\/www.omnium.cat\/ca\/?s={search_term_string}\"},\"query-input\":{\"@type\":\"PropertyValueSpecification\",\"valueRequired\":true,\"valueName\":\"search_term_string\"}}],\"inLanguage\":\"ca\"},{\"@type\":\"Organization\",\"@id\":\"https:\/\/www.omnium.cat\/ca\/#organization\",\"name\":\"\u00d2mnium Cultural\",\"url\":\"https:\/\/www.omnium.cat\/ca\/\",\"logo\":{\"@type\":\"ImageObject\",\"inLanguage\":\"ca\",\"@id\":\"https:\/\/www.omnium.cat\/ca\/#\/schema\/logo\/image\/\",\"url\":\"https:\/\/cdn.omnium.cat\/wp-content\/uploads\/2019\/06\/01112517\/cropped-omnium_logo-1.png\",\"contentUrl\":\"https:\/\/cdn.omnium.cat\/wp-content\/uploads\/2019\/06\/01112517\/cropped-omnium_logo-1.png\",\"width\":1213,\"height\":262,\"caption\":\"\u00d2mnium Cultural\"},\"image\":{\"@id\":\"https:\/\/www.omnium.cat\/ca\/#\/schema\/logo\/image\/\"},\"sameAs\":[\"https:\/\/www.facebook.com\/omniumcultural\",\"https:\/\/x.com\/omnium\",\"https:\/\/www.instagram.com\/omniumcultural\/\",\"https:\/\/www.youtube.com\/user\/omniumcultural\"]},{\"@type\":\"Person\",\"@id\":\"https:\/\/www.omnium.cat\/ca\/#\/schema\/person\/11269de2172bcd6100931e8123e71f59\",\"name\":\"Sara Marin\",\"image\":{\"@type\":\"ImageObject\",\"inLanguage\":\"ca\",\"@id\":\"https:\/\/secure.gravatar.com\/avatar\/846082f5256cd4a9b8d9d679382a138e2d90cb82e9ddd78e5b8a647ce14dfd3d?s=96&d=mm&r=g\",\"url\":\"https:\/\/secure.gravatar.com\/avatar\/846082f5256cd4a9b8d9d679382a138e2d90cb82e9ddd78e5b8a647ce14dfd3d?s=96&d=mm&r=g\",\"contentUrl\":\"https:\/\/secure.gravatar.com\/avatar\/846082f5256cd4a9b8d9d679382a138e2d90cb82e9ddd78e5b8a647ce14dfd3d?s=96&d=mm&r=g\",\"caption\":\"Sara Marin\"}}]}<\/script>\n<!-- \/ Yoast SEO plugin. -->","yoast_head_json":{"title":"Assemblea General Ordin\u00e0ria 2026 - \u00d2mnium Cultural","robots":{"index":"index","follow":"follow","max-snippet":"max-snippet:-1","max-image-preview":"max-image-preview:large","max-video-preview":"max-video-preview:-1"},"canonical":"https:\/\/www.omnium.cat\/ca\/assemblea-general-ordinaria-2026-3\/","twitter_misc":{"Escrit per":"Sara Marin","Temps estimat de lectura":"2 minuts"},"schema":{"@context":"https:\/\/schema.org","@graph":[{"@type":"Article","@id":"https:\/\/www.omnium.cat\/ca\/assemblea-general-ordinaria-2026-3\/#article","isPartOf":{"@id":"https:\/\/www.omnium.cat\/ca\/assemblea-general-ordinaria-2026-3\/"},"author":{"name":"Sara Marin","@id":"https:\/\/www.omnium.cat\/ca\/#\/schema\/person\/11269de2172bcd6100931e8123e71f59"},"headline":"Assemblea General Ordin\u00e0ria 2026","datePublished":"2026-04-17T07:52:56+00:00","dateModified":"2026-04-17T07:53:37+00:00","mainEntityOfPage":{"@id":"https:\/\/www.omnium.cat\/ca\/assemblea-general-ordinaria-2026-3\/"},"wordCount":314,"publisher":{"@id":"https:\/\/www.omnium.cat\/ca\/#organization"},"image":{"@id":"https:\/\/www.omnium.cat\/ca\/assemblea-general-ordinaria-2026-3\/#primaryimage"},"thumbnailUrl":"https:\/\/cdn.omnium.cat\/wp-content\/uploads\/2026\/04\/16125318\/5893086101444955732.jpg","articleSection":["Uncategorized @oc"],"inLanguage":"ca"},{"@type":"WebPage","@id":"https:\/\/www.omnium.cat\/ca\/assemblea-general-ordinaria-2026-3\/","url":"https:\/\/www.omnium.cat\/ca\/assemblea-general-ordinaria-2026-3\/","name":"Assemblea General Ordin\u00e0ria 2026 - \u00d2mnium Cultural","isPartOf":{"@id":"https:\/\/www.omnium.cat\/ca\/#website"},"primaryImageOfPage":{"@id":"https:\/\/www.omnium.cat\/ca\/assemblea-general-ordinaria-2026-3\/#primaryimage"},"image":{"@id":"https:\/\/www.omnium.cat\/ca\/assemblea-general-ordinaria-2026-3\/#primaryimage"},"thumbnailUrl":"https:\/\/cdn.omnium.cat\/wp-content\/uploads\/2026\/04\/16125318\/5893086101444955732.jpg","datePublished":"2026-04-17T07:52:56+00:00","dateModified":"2026-04-17T07:53:37+00:00","breadcrumb":{"@id":"https:\/\/www.omnium.cat\/ca\/assemblea-general-ordinaria-2026-3\/#breadcrumb"},"inLanguage":"ca","potentialAction":[{"@type":"ReadAction","target":["https:\/\/www.omnium.cat\/ca\/assemblea-general-ordinaria-2026-3\/"]}]},{"@type":"ImageObject","inLanguage":"ca","@id":"https:\/\/www.omnium.cat\/ca\/assemblea-general-ordinaria-2026-3\/#primaryimage","url":"https:\/\/cdn.omnium.cat\/wp-content\/uploads\/2026\/04\/16125318\/5893086101444955732.jpg","contentUrl":"https:\/\/cdn.omnium.cat\/wp-content\/uploads\/2026\/04\/16125318\/5893086101444955732.jpg","width":1280,"height":960},{"@type":"BreadcrumbList","@id":"https:\/\/www.omnium.cat\/ca\/assemblea-general-ordinaria-2026-3\/#breadcrumb","itemListElement":[{"@type":"ListItem","position":1,"name":"Inici","item":"https:\/\/www.omnium.cat\/ca\/"},{"@type":"ListItem","position":2,"name":"Assemblea General Ordin\u00e0ria 2026"}]},{"@type":"WebSite","@id":"https:\/\/www.omnium.cat\/ca\/#website","url":"https:\/\/www.omnium.cat\/ca\/","name":"\u00d2mnium Cultural","description":"Llengua Cultura Pa\u00eds","publisher":{"@id":"https:\/\/www.omnium.cat\/ca\/#organization"},"potentialAction":[{"@type":"SearchAction","target":{"@type":"EntryPoint","urlTemplate":"https:\/\/www.omnium.cat\/ca\/?s={search_term_string}"},"query-input":{"@type":"PropertyValueSpecification","valueRequired":true,"valueName":"search_term_string"}}],"inLanguage":"ca"},{"@type":"Organization","@id":"https:\/\/www.omnium.cat\/ca\/#organization","name":"\u00d2mnium Cultural","url":"https:\/\/www.omnium.cat\/ca\/","logo":{"@type":"ImageObject","inLanguage":"ca","@id":"https:\/\/www.omnium.cat\/ca\/#\/schema\/logo\/image\/","url":"https:\/\/cdn.omnium.cat\/wp-content\/uploads\/2019\/06\/01112517\/cropped-omnium_logo-1.png","contentUrl":"https:\/\/cdn.omnium.cat\/wp-content\/uploads\/2019\/06\/01112517\/cropped-omnium_logo-1.png","width":1213,"height":262,"caption":"\u00d2mnium Cultural"},"image":{"@id":"https:\/\/www.omnium.cat\/ca\/#\/schema\/logo\/image\/"},"sameAs":["https:\/\/www.facebook.com\/omniumcultural","https:\/\/x.com\/omnium","https:\/\/www.instagram.com\/omniumcultural\/","https:\/\/www.youtube.com\/user\/omniumcultural"]},{"@type":"Person","@id":"https:\/\/www.omnium.cat\/ca\/#\/schema\/person\/11269de2172bcd6100931e8123e71f59","name":"Sara Marin","image":{"@type":"ImageObject","inLanguage":"ca","@id":"https:\/\/secure.gravatar.com\/avatar\/846082f5256cd4a9b8d9d679382a138e2d90cb82e9ddd78e5b8a647ce14dfd3d?s=96&d=mm&r=g","url":"https:\/\/secure.gravatar.com\/avatar\/846082f5256cd4a9b8d9d679382a138e2d90cb82e9ddd78e5b8a647ce14dfd3d?s=96&d=mm&r=g","contentUrl":"https:\/\/secure.gravatar.com\/avatar\/846082f5256cd4a9b8d9d679382a138e2d90cb82e9ddd78e5b8a647ce14dfd3d?s=96&d=mm&r=g","caption":"Sara Marin"}}]}},"_links":{"self":[{"href":"https:\/\/www.omnium.cat\/ca\/wp-json\/wp\/v2\/posts\/454215","targetHints":{"allow":["GET"]}}],"collection":[{"href":"https:\/\/www.omnium.cat\/ca\/wp-json\/wp\/v2\/posts"}],"about":[{"href":"https:\/\/www.omnium.cat\/ca\/wp-json\/wp\/v2\/types\/post"}],"author":[{"embeddable":true,"href":"https:\/\/www.omnium.cat\/ca\/wp-json\/wp\/v2\/users\/292"}],"replies":[{"embeddable":true,"href":"https:\/\/www.omnium.cat\/ca\/wp-json\/wp\/v2\/comments?post=454215"}],"version-history":[{"count":2,"href":"https:\/\/www.omnium.cat\/ca\/wp-json\/wp\/v2\/posts\/454215\/revisions"}],"predecessor-version":[{"id":454235,"href":"https:\/\/www.omnium.cat\/ca\/wp-json\/wp\/v2\/posts\/454215\/revisions\/454235"}],"wp:featuredmedia":[{"embeddable":true,"href":"https:\/\/www.omnium.cat\/ca\/wp-json\/wp\/v2\/media\/454216"}],"wp:attachment":[{"href":"https:\/\/www.omnium.cat\/ca\/wp-json\/wp\/v2\/media?parent=454215"}],"wp:term":[{"taxonomy":"category","embeddable":true,"href":"https:\/\/www.omnium.cat\/ca\/wp-json\/wp\/v2\/categories?post=454215"},{"taxonomy":"post_tag","embeddable":true,"href":"https:\/\/www.omnium.cat\/ca\/wp-json\/wp\/v2\/tags?post=454215"},{"taxonomy":"post_headquarter","embeddable":true,"href":"https:\/\/www.omnium.cat\/ca\/wp-json\/wp\/v2\/post_headquarter?post=454215"},{"taxonomy":"post_project","embeddable":true,"href":"https:\/\/www.omnium.cat\/ca\/wp-json\/wp\/v2\/post_project?post=454215"}],"curies":[{"name":"wp","href":"https:\/\/api.w.org\/{rel}","templated":true}]}}