{"id":454310,"date":"2026-04-21T10:28:34","date_gmt":"2026-04-21T08:28:34","guid":{"rendered":"https:\/\/www.omnium.cat\/?p=454310"},"modified":"2026-04-21T10:28:41","modified_gmt":"2026-04-21T08:28:41","slug":"el-barca-i-omnium-cultural-reivindiquen-la-llengua-i-el-catalanisme-amb-una-nova-samarreta-per-sant-jordi","status":"publish","type":"post","link":"https:\/\/www.omnium.cat\/ca\/el-barca-i-omnium-cultural-reivindiquen-la-llengua-i-el-catalanisme-amb-una-nova-samarreta-per-sant-jordi\/","title":{"rendered":"El Bar\u00e7a i \u00d2mnium Cultural reivindiquen la llengua i el catalanisme amb una nova samarreta per Sant Jordi"},"content":{"rendered":"\n<p style=\"text-align: center;\"><em>Yuste: \u201cDes del FC Barcelona i la nostra Fundaci\u00f3 continuem impulsant i normalitzant l\u2019\u00fas del catal\u00e0 en tots els \u00e0mbits d\u2019actuaci\u00f3 del Club, situant la llengua com a eina de cohesi\u00f3, identitat i transformaci\u00f3 social, i projectant-la al m\u00f3n a trav\u00e9s de la for\u00e7a global del FC Barcelona&#8221;<\/em><\/p>\n<p style=\"text-align: center;\"><em>Antich: \u201cEl lema \u2018Una llengua ens agermana\u2019 \u00e9s un missatge positiu, integrador, valent, que fomenta l&#8217;orgull de pa\u00eds i el paper cohesionador de la llengua catalana\u00a0 en un moment en qu\u00e8 el catal\u00e0 viu un context d&#8217;emerg\u00e8ncia&#8221;<\/em><\/p>\n<p>El Futbol Club Barcelona i \u00d2mnium Cultural han reivindicat el seu comprom\u00eds amb la llengua catalana i els valors del catalanisme, aquesta vegada amb el llan\u00e7ament d\u2019una nova samarreta solid\u00e0ria impulsada per les dues entitats que sortir\u00e0 a la llum aquest proper dijous 23 d\u2019abril, coincidint amb la diada de Sant Jordi. Amb lema <em>Una llengua ens agermana<\/em>, el FC Barcelona i \u00d2mnium Cultural alimenten<a href=\"_wp_link_placeholder\" data-wplink-edit=\"true\"> l\u2019alian\u00e7a per la llengua subscrita fa justament un any,<\/a> aix\u00ed com l\u2019adhesi\u00f3 del Club al moviment <em>Catal\u00e0 per a tothom: a cada barri, a cada escola, a cada feina<\/em>, que fomenta la defensa de la universalitzaci\u00f3 de l\u2019acc\u00e9s a l\u2019aprenentatge i l\u2019\u00fas de la llengua catalana, en un moment de retroc\u00e9s de l\u2019\u00fas social. Els beneficis de la venda de la samarreta es destinaran a projectes per a l\u2019augment de l\u2019\u00fas del catal\u00e0.<\/p>\n<p>Segons el president inter\u00ed del FC Barcelona, Rafael Yuste, \u201caquesta col\u00b7laboraci\u00f3 amb \u00d2mnium Cultural s\u2019emmarca dins de la nostra voluntat de continuar impulsant i normalitzant l\u2019\u00fas del catal\u00e0 en tots els \u00e0mbits d\u2019actuaci\u00f3 del Club i de la Fundaci\u00f3 Bar\u00e7a, situant la llengua com a eina de cohesi\u00f3, identitat i transformaci\u00f3 social, i projectant-la al m\u00f3n a trav\u00e9s de la for\u00e7a global del FC Barcelona\u201d.\u00a0<\/p>\n<p>El president d\u2019\u00d2mnium Cultural, Xavier Antich, ha remarcat que \u201cl\u2019alian\u00e7a amb el Bar\u00e7a \u00e9s estrat\u00e8gica per universalitzar el catal\u00e0, i per estendre i fer d&#8217;altaveu dels valors de la catalanitat inclusiva\u201d. En aquest sentit, Antich ha posat en valor el lema de la samarreta Una llengua ens agermana com un missatge \u201cpositiu, integrador, valent, que fomenta l&#8217;orgull de pa\u00eds i el paper cohesionador de la llengua catalana\u00a0 en un moment en qu\u00e8 el catal\u00e0 viu un context d&#8217;emerg\u00e8ncia al carrer i ha de fer front als atacs continus del poder judicial al model d&#8217;escola catalana\u201d. El president d&#8217;\u00d2mnium, doncs, fa una crida a reivindicar \u201cel catal\u00e0 com a columna vertebral del pa\u00eds i com a principal eina de cohesi\u00f3 social, d&#8217;integraci\u00f3 i de foment del sentit de pertinen\u00e7a\u201d.<\/p>\n<p>La samarreta estar\u00e0 disponible amb diferents talles a partir del dia de Sant Jordi a les parades i botigues de les dues entitats, i tamb\u00e9 online, a la Botiga del Bar\u00e7a i la d\u2019\u00d2mnium Cultural. Es tracta d\u2019un producte emmarcat en l\u2019alian\u00e7a entre el FC Barcelona i \u00d2mnium Cultural, per tal de promoure i defensar el catal\u00e0, i que complementa altres accions portades a terme en el si de l\u2019entitat, com ara promoure que els nous fitxatges i incorporacions a la Masia aprenguin catal\u00e0 a trav\u00e9s de cursos, que tinguin acompanyants que els puguin ajudar a que facin seva la llengua i la cultura del Club, o sent un espai on el catal\u00e0 \u00e9s accessibles i es viu amb normalitat.<\/p>\n","protected":false},"excerpt":{"rendered":"<p>Yuste: \u201cDes del FC Barcelona i la nostra Fundaci\u00f3 continuem impulsant i normalitzant l\u2019\u00fas del catal\u00e0 en tots els \u00e0mbits d\u2019actuaci\u00f3 del Club, situant la llengua com a eina de [&hellip;]<\/p>\n","protected":false},"author":182,"featured_media":454312,"comment_status":"closed","ping_status":"open","sticky":false,"template":"","format":"standard","meta":{"_acf_changed":false,"footnotes":""},"categories":[1],"tags":[],"post_headquarter":[],"post_project":[],"class_list":["post-454310","post","type-post","status-publish","format-standard","has-post-thumbnail","hentry","category-uncategorized-ca"],"acf":[],"yoast_head":"<!-- This site is optimized with the Yoast SEO plugin v27.2 - https:\/\/yoast.com\/product\/yoast-seo-wordpress\/ -->\n<title>El Bar\u00e7a i \u00d2mnium Cultural reivindiquen la llengua i el catalanisme amb una nova samarreta per Sant Jordi - \u00d2mnium Cultural<\/title>\n<meta name=\"robots\" content=\"index, follow, max-snippet:-1, max-image-preview:large, max-video-preview:-1\" \/>\n<link rel=\"canonical\" href=\"https:\/\/www.omnium.cat\/ca\/el-barca-i-omnium-cultural-reivindiquen-la-llengua-i-el-catalanisme-amb-una-nova-samarreta-per-sant-jordi\/\" \/>\n<meta name=\"twitter:label1\" content=\"Escrit per\" \/>\n\t<meta name=\"twitter:data1\" content=\"Aida Morales\" \/>\n\t<meta name=\"twitter:label2\" content=\"Temps estimat de lectura\" \/>\n\t<meta name=\"twitter:data2\" content=\"4 minuts\" \/>\n<script type=\"application\/ld+json\" class=\"yoast-schema-graph\">{\"@context\":\"https:\/\/schema.org\",\"@graph\":[{\"@type\":\"Article\",\"@id\":\"https:\/\/www.omnium.cat\/ca\/el-barca-i-omnium-cultural-reivindiquen-la-llengua-i-el-catalanisme-amb-una-nova-samarreta-per-sant-jordi\/#article\",\"isPartOf\":{\"@id\":\"https:\/\/www.omnium.cat\/ca\/el-barca-i-omnium-cultural-reivindiquen-la-llengua-i-el-catalanisme-amb-una-nova-samarreta-per-sant-jordi\/\"},\"author\":{\"name\":\"Aida Morales\",\"@id\":\"https:\/\/www.omnium.cat\/ca\/#\/schema\/person\/858757a3dcdf3cd6598d0db932c42b05\"},\"headline\":\"El Bar\u00e7a i \u00d2mnium Cultural reivindiquen la llengua i el catalanisme amb una nova samarreta per Sant Jordi\",\"datePublished\":\"2026-04-21T08:28:34+00:00\",\"dateModified\":\"2026-04-21T08:28:41+00:00\",\"mainEntityOfPage\":{\"@id\":\"https:\/\/www.omnium.cat\/ca\/el-barca-i-omnium-cultural-reivindiquen-la-llengua-i-el-catalanisme-amb-una-nova-samarreta-per-sant-jordi\/\"},\"wordCount\":609,\"publisher\":{\"@id\":\"https:\/\/www.omnium.cat\/ca\/#organization\"},\"image\":{\"@id\":\"https:\/\/www.omnium.cat\/ca\/el-barca-i-omnium-cultural-reivindiquen-la-llengua-i-el-catalanisme-amb-una-nova-samarreta-per-sant-jordi\/#primaryimage\"},\"thumbnailUrl\":\"https:\/\/cdn.omnium.cat\/wp-content\/uploads\/2026\/04\/21102818\/photo_5996566092832246895_w.jpg\",\"articleSection\":[\"Uncategorized @oc\"],\"inLanguage\":\"ca\"},{\"@type\":\"WebPage\",\"@id\":\"https:\/\/www.omnium.cat\/ca\/el-barca-i-omnium-cultural-reivindiquen-la-llengua-i-el-catalanisme-amb-una-nova-samarreta-per-sant-jordi\/\",\"url\":\"https:\/\/www.omnium.cat\/ca\/el-barca-i-omnium-cultural-reivindiquen-la-llengua-i-el-catalanisme-amb-una-nova-samarreta-per-sant-jordi\/\",\"name\":\"El Bar\u00e7a i \u00d2mnium Cultural reivindiquen la llengua i el catalanisme amb una nova samarreta per Sant Jordi - \u00d2mnium Cultural\",\"isPartOf\":{\"@id\":\"https:\/\/www.omnium.cat\/ca\/#website\"},\"primaryImageOfPage\":{\"@id\":\"https:\/\/www.omnium.cat\/ca\/el-barca-i-omnium-cultural-reivindiquen-la-llengua-i-el-catalanisme-amb-una-nova-samarreta-per-sant-jordi\/#primaryimage\"},\"image\":{\"@id\":\"https:\/\/www.omnium.cat\/ca\/el-barca-i-omnium-cultural-reivindiquen-la-llengua-i-el-catalanisme-amb-una-nova-samarreta-per-sant-jordi\/#primaryimage\"},\"thumbnailUrl\":\"https:\/\/cdn.omnium.cat\/wp-content\/uploads\/2026\/04\/21102818\/photo_5996566092832246895_w.jpg\",\"datePublished\":\"2026-04-21T08:28:34+00:00\",\"dateModified\":\"2026-04-21T08:28:41+00:00\",\"breadcrumb\":{\"@id\":\"https:\/\/www.omnium.cat\/ca\/el-barca-i-omnium-cultural-reivindiquen-la-llengua-i-el-catalanisme-amb-una-nova-samarreta-per-sant-jordi\/#breadcrumb\"},\"inLanguage\":\"ca\",\"potentialAction\":[{\"@type\":\"ReadAction\",\"target\":[\"https:\/\/www.omnium.cat\/ca\/el-barca-i-omnium-cultural-reivindiquen-la-llengua-i-el-catalanisme-amb-una-nova-samarreta-per-sant-jordi\/\"]}]},{\"@type\":\"ImageObject\",\"inLanguage\":\"ca\",\"@id\":\"https:\/\/www.omnium.cat\/ca\/el-barca-i-omnium-cultural-reivindiquen-la-llengua-i-el-catalanisme-amb-una-nova-samarreta-per-sant-jordi\/#primaryimage\",\"url\":\"https:\/\/cdn.omnium.cat\/wp-content\/uploads\/2026\/04\/21102818\/photo_5996566092832246895_w.jpg\",\"contentUrl\":\"https:\/\/cdn.omnium.cat\/wp-content\/uploads\/2026\/04\/21102818\/photo_5996566092832246895_w.jpg\",\"width\":2560,\"height\":1706},{\"@type\":\"BreadcrumbList\",\"@id\":\"https:\/\/www.omnium.cat\/ca\/el-barca-i-omnium-cultural-reivindiquen-la-llengua-i-el-catalanisme-amb-una-nova-samarreta-per-sant-jordi\/#breadcrumb\",\"itemListElement\":[{\"@type\":\"ListItem\",\"position\":1,\"name\":\"Inici\",\"item\":\"https:\/\/www.omnium.cat\/ca\/\"},{\"@type\":\"ListItem\",\"position\":2,\"name\":\"El Bar\u00e7a i \u00d2mnium Cultural reivindiquen la llengua i el catalanisme amb una nova samarreta per Sant Jordi\"}]},{\"@type\":\"WebSite\",\"@id\":\"https:\/\/www.omnium.cat\/ca\/#website\",\"url\":\"https:\/\/www.omnium.cat\/ca\/\",\"name\":\"\u00d2mnium Cultural\",\"description\":\"Llengua Cultura Pa\u00eds\",\"publisher\":{\"@id\":\"https:\/\/www.omnium.cat\/ca\/#organization\"},\"potentialAction\":[{\"@type\":\"SearchAction\",\"target\":{\"@type\":\"EntryPoint\",\"urlTemplate\":\"https:\/\/www.omnium.cat\/ca\/?s={search_term_string}\"},\"query-input\":{\"@type\":\"PropertyValueSpecification\",\"valueRequired\":true,\"valueName\":\"search_term_string\"}}],\"inLanguage\":\"ca\"},{\"@type\":\"Organization\",\"@id\":\"https:\/\/www.omnium.cat\/ca\/#organization\",\"name\":\"\u00d2mnium Cultural\",\"url\":\"https:\/\/www.omnium.cat\/ca\/\",\"logo\":{\"@type\":\"ImageObject\",\"inLanguage\":\"ca\",\"@id\":\"https:\/\/www.omnium.cat\/ca\/#\/schema\/logo\/image\/\",\"url\":\"https:\/\/cdn.omnium.cat\/wp-content\/uploads\/2019\/06\/01112517\/cropped-omnium_logo-1.png\",\"contentUrl\":\"https:\/\/cdn.omnium.cat\/wp-content\/uploads\/2019\/06\/01112517\/cropped-omnium_logo-1.png\",\"width\":1213,\"height\":262,\"caption\":\"\u00d2mnium Cultural\"},\"image\":{\"@id\":\"https:\/\/www.omnium.cat\/ca\/#\/schema\/logo\/image\/\"},\"sameAs\":[\"https:\/\/www.facebook.com\/omniumcultural\",\"https:\/\/x.com\/omnium\",\"https:\/\/www.instagram.com\/omniumcultural\/\",\"https:\/\/www.youtube.com\/user\/omniumcultural\"]},{\"@type\":\"Person\",\"@id\":\"https:\/\/www.omnium.cat\/ca\/#\/schema\/person\/858757a3dcdf3cd6598d0db932c42b05\",\"name\":\"Aida Morales\",\"image\":{\"@type\":\"ImageObject\",\"inLanguage\":\"ca\",\"@id\":\"https:\/\/secure.gravatar.com\/avatar\/d31eddf3eb503b2da10671c829ecb9f8b407291532ee79052b9691be16224b84?s=96&d=mm&r=g\",\"url\":\"https:\/\/secure.gravatar.com\/avatar\/d31eddf3eb503b2da10671c829ecb9f8b407291532ee79052b9691be16224b84?s=96&d=mm&r=g\",\"contentUrl\":\"https:\/\/secure.gravatar.com\/avatar\/d31eddf3eb503b2da10671c829ecb9f8b407291532ee79052b9691be16224b84?s=96&d=mm&r=g\",\"caption\":\"Aida Morales\"}}]}<\/script>\n<!-- \/ Yoast SEO plugin. -->","yoast_head_json":{"title":"El Bar\u00e7a i \u00d2mnium Cultural reivindiquen la llengua i el catalanisme amb una nova samarreta per Sant Jordi - \u00d2mnium Cultural","robots":{"index":"index","follow":"follow","max-snippet":"max-snippet:-1","max-image-preview":"max-image-preview:large","max-video-preview":"max-video-preview:-1"},"canonical":"https:\/\/www.omnium.cat\/ca\/el-barca-i-omnium-cultural-reivindiquen-la-llengua-i-el-catalanisme-amb-una-nova-samarreta-per-sant-jordi\/","twitter_misc":{"Escrit per":"Aida Morales","Temps estimat de lectura":"4 minuts"},"schema":{"@context":"https:\/\/schema.org","@graph":[{"@type":"Article","@id":"https:\/\/www.omnium.cat\/ca\/el-barca-i-omnium-cultural-reivindiquen-la-llengua-i-el-catalanisme-amb-una-nova-samarreta-per-sant-jordi\/#article","isPartOf":{"@id":"https:\/\/www.omnium.cat\/ca\/el-barca-i-omnium-cultural-reivindiquen-la-llengua-i-el-catalanisme-amb-una-nova-samarreta-per-sant-jordi\/"},"author":{"name":"Aida Morales","@id":"https:\/\/www.omnium.cat\/ca\/#\/schema\/person\/858757a3dcdf3cd6598d0db932c42b05"},"headline":"El Bar\u00e7a i \u00d2mnium Cultural reivindiquen la llengua i el catalanisme amb una nova samarreta per Sant Jordi","datePublished":"2026-04-21T08:28:34+00:00","dateModified":"2026-04-21T08:28:41+00:00","mainEntityOfPage":{"@id":"https:\/\/www.omnium.cat\/ca\/el-barca-i-omnium-cultural-reivindiquen-la-llengua-i-el-catalanisme-amb-una-nova-samarreta-per-sant-jordi\/"},"wordCount":609,"publisher":{"@id":"https:\/\/www.omnium.cat\/ca\/#organization"},"image":{"@id":"https:\/\/www.omnium.cat\/ca\/el-barca-i-omnium-cultural-reivindiquen-la-llengua-i-el-catalanisme-amb-una-nova-samarreta-per-sant-jordi\/#primaryimage"},"thumbnailUrl":"https:\/\/cdn.omnium.cat\/wp-content\/uploads\/2026\/04\/21102818\/photo_5996566092832246895_w.jpg","articleSection":["Uncategorized @oc"],"inLanguage":"ca"},{"@type":"WebPage","@id":"https:\/\/www.omnium.cat\/ca\/el-barca-i-omnium-cultural-reivindiquen-la-llengua-i-el-catalanisme-amb-una-nova-samarreta-per-sant-jordi\/","url":"https:\/\/www.omnium.cat\/ca\/el-barca-i-omnium-cultural-reivindiquen-la-llengua-i-el-catalanisme-amb-una-nova-samarreta-per-sant-jordi\/","name":"El Bar\u00e7a i \u00d2mnium Cultural reivindiquen la llengua i el catalanisme amb una nova samarreta per Sant Jordi - \u00d2mnium Cultural","isPartOf":{"@id":"https:\/\/www.omnium.cat\/ca\/#website"},"primaryImageOfPage":{"@id":"https:\/\/www.omnium.cat\/ca\/el-barca-i-omnium-cultural-reivindiquen-la-llengua-i-el-catalanisme-amb-una-nova-samarreta-per-sant-jordi\/#primaryimage"},"image":{"@id":"https:\/\/www.omnium.cat\/ca\/el-barca-i-omnium-cultural-reivindiquen-la-llengua-i-el-catalanisme-amb-una-nova-samarreta-per-sant-jordi\/#primaryimage"},"thumbnailUrl":"https:\/\/cdn.omnium.cat\/wp-content\/uploads\/2026\/04\/21102818\/photo_5996566092832246895_w.jpg","datePublished":"2026-04-21T08:28:34+00:00","dateModified":"2026-04-21T08:28:41+00:00","breadcrumb":{"@id":"https:\/\/www.omnium.cat\/ca\/el-barca-i-omnium-cultural-reivindiquen-la-llengua-i-el-catalanisme-amb-una-nova-samarreta-per-sant-jordi\/#breadcrumb"},"inLanguage":"ca","potentialAction":[{"@type":"ReadAction","target":["https:\/\/www.omnium.cat\/ca\/el-barca-i-omnium-cultural-reivindiquen-la-llengua-i-el-catalanisme-amb-una-nova-samarreta-per-sant-jordi\/"]}]},{"@type":"ImageObject","inLanguage":"ca","@id":"https:\/\/www.omnium.cat\/ca\/el-barca-i-omnium-cultural-reivindiquen-la-llengua-i-el-catalanisme-amb-una-nova-samarreta-per-sant-jordi\/#primaryimage","url":"https:\/\/cdn.omnium.cat\/wp-content\/uploads\/2026\/04\/21102818\/photo_5996566092832246895_w.jpg","contentUrl":"https:\/\/cdn.omnium.cat\/wp-content\/uploads\/2026\/04\/21102818\/photo_5996566092832246895_w.jpg","width":2560,"height":1706},{"@type":"BreadcrumbList","@id":"https:\/\/www.omnium.cat\/ca\/el-barca-i-omnium-cultural-reivindiquen-la-llengua-i-el-catalanisme-amb-una-nova-samarreta-per-sant-jordi\/#breadcrumb","itemListElement":[{"@type":"ListItem","position":1,"name":"Inici","item":"https:\/\/www.omnium.cat\/ca\/"},{"@type":"ListItem","position":2,"name":"El Bar\u00e7a i \u00d2mnium Cultural reivindiquen la llengua i el catalanisme amb una nova samarreta per Sant Jordi"}]},{"@type":"WebSite","@id":"https:\/\/www.omnium.cat\/ca\/#website","url":"https:\/\/www.omnium.cat\/ca\/","name":"\u00d2mnium Cultural","description":"Llengua Cultura Pa\u00eds","publisher":{"@id":"https:\/\/www.omnium.cat\/ca\/#organization"},"potentialAction":[{"@type":"SearchAction","target":{"@type":"EntryPoint","urlTemplate":"https:\/\/www.omnium.cat\/ca\/?s={search_term_string}"},"query-input":{"@type":"PropertyValueSpecification","valueRequired":true,"valueName":"search_term_string"}}],"inLanguage":"ca"},{"@type":"Organization","@id":"https:\/\/www.omnium.cat\/ca\/#organization","name":"\u00d2mnium Cultural","url":"https:\/\/www.omnium.cat\/ca\/","logo":{"@type":"ImageObject","inLanguage":"ca","@id":"https:\/\/www.omnium.cat\/ca\/#\/schema\/logo\/image\/","url":"https:\/\/cdn.omnium.cat\/wp-content\/uploads\/2019\/06\/01112517\/cropped-omnium_logo-1.png","contentUrl":"https:\/\/cdn.omnium.cat\/wp-content\/uploads\/2019\/06\/01112517\/cropped-omnium_logo-1.png","width":1213,"height":262,"caption":"\u00d2mnium Cultural"},"image":{"@id":"https:\/\/www.omnium.cat\/ca\/#\/schema\/logo\/image\/"},"sameAs":["https:\/\/www.facebook.com\/omniumcultural","https:\/\/x.com\/omnium","https:\/\/www.instagram.com\/omniumcultural\/","https:\/\/www.youtube.com\/user\/omniumcultural"]},{"@type":"Person","@id":"https:\/\/www.omnium.cat\/ca\/#\/schema\/person\/858757a3dcdf3cd6598d0db932c42b05","name":"Aida Morales","image":{"@type":"ImageObject","inLanguage":"ca","@id":"https:\/\/secure.gravatar.com\/avatar\/d31eddf3eb503b2da10671c829ecb9f8b407291532ee79052b9691be16224b84?s=96&d=mm&r=g","url":"https:\/\/secure.gravatar.com\/avatar\/d31eddf3eb503b2da10671c829ecb9f8b407291532ee79052b9691be16224b84?s=96&d=mm&r=g","contentUrl":"https:\/\/secure.gravatar.com\/avatar\/d31eddf3eb503b2da10671c829ecb9f8b407291532ee79052b9691be16224b84?s=96&d=mm&r=g","caption":"Aida Morales"}}]}},"_links":{"self":[{"href":"https:\/\/www.omnium.cat\/ca\/wp-json\/wp\/v2\/posts\/454310","targetHints":{"allow":["GET"]}}],"collection":[{"href":"https:\/\/www.omnium.cat\/ca\/wp-json\/wp\/v2\/posts"}],"about":[{"href":"https:\/\/www.omnium.cat\/ca\/wp-json\/wp\/v2\/types\/post"}],"author":[{"embeddable":true,"href":"https:\/\/www.omnium.cat\/ca\/wp-json\/wp\/v2\/users\/182"}],"replies":[{"embeddable":true,"href":"https:\/\/www.omnium.cat\/ca\/wp-json\/wp\/v2\/comments?post=454310"}],"version-history":[{"count":1,"href":"https:\/\/www.omnium.cat\/ca\/wp-json\/wp\/v2\/posts\/454310\/revisions"}],"predecessor-version":[{"id":454314,"href":"https:\/\/www.omnium.cat\/ca\/wp-json\/wp\/v2\/posts\/454310\/revisions\/454314"}],"wp:featuredmedia":[{"embeddable":true,"href":"https:\/\/www.omnium.cat\/ca\/wp-json\/wp\/v2\/media\/454312"}],"wp:attachment":[{"href":"https:\/\/www.omnium.cat\/ca\/wp-json\/wp\/v2\/media?parent=454310"}],"wp:term":[{"taxonomy":"category","embeddable":true,"href":"https:\/\/www.omnium.cat\/ca\/wp-json\/wp\/v2\/categories?post=454310"},{"taxonomy":"post_tag","embeddable":true,"href":"https:\/\/www.omnium.cat\/ca\/wp-json\/wp\/v2\/tags?post=454310"},{"taxonomy":"post_headquarter","embeddable":true,"href":"https:\/\/www.omnium.cat\/ca\/wp-json\/wp\/v2\/post_headquarter?post=454310"},{"taxonomy":"post_project","embeddable":true,"href":"https:\/\/www.omnium.cat\/ca\/wp-json\/wp\/v2\/post_project?post=454310"}],"curies":[{"name":"wp","href":"https:\/\/api.w.org\/{rel}","templated":true}]}}