{"id":454370,"date":"2026-04-21T13:39:44","date_gmt":"2026-04-21T11:39:44","guid":{"rendered":"https:\/\/www.omnium.cat\/?p=454370"},"modified":"2026-04-21T13:40:20","modified_gmt":"2026-04-21T11:40:20","slug":"omnium-terres-de-lebre-guardona-angels-perez-tarrago-amb-el-premi-neus-gracia-2026","status":"publish","type":"post","link":"https:\/\/www.omnium.cat\/ca\/omnium-terres-de-lebre-guardona-angels-perez-tarrago-amb-el-premi-neus-gracia-2026\/","title":{"rendered":"\u00d2mnium Terres de l\u2019Ebre guardona \u00c0ngels P\u00e9rez Tarrag\u00f3 amb el Premi Neus Gr\u00e0cia 2026"},"content":{"rendered":"\n<h2 class=\"wp-block-heading\">Se li va fer entrega del premi en el marc de la festa dels Tastets, el certamen de narrativa escolar que organitza \u00d2mnium Terres de l\u2019Ebre<\/h2>\n\n\n\n<p>El passat dissabte, \u00d2mnium Terres de l\u2019Ebre, va celebrar la festa dels Premis Tastets i Premis Especials 2026 a Tivissa. Com a cloenda de la jornada, es va lliurar el guard\u00f3 honor\u00edfic Neus Gr\u00e0cia Fortea a la docent jubilada \u00c0ngels P\u00e9rez Tarrag\u00f3.\u00a0<\/p>\n<p><br \/>L\u2019acte va comptar amb la pres\u00e8ncia de l\u2019alcalde de Tivissa, Joan Ced\u00f3, la regidora de cultura de Tivissa, Montse Perell\u00f3, el president del Consell Comarcal de la Ribera d&#8217;Ebre, Francesc Barbero, i d\u2019una bona colla d\u2019amics i familiars de l\u2019homenatjada, la qual va rebre una placa commemorativa de mans de Dolors Ro\u00f3, presidenta territorial d\u2019\u00d2mnium. La seua companya, Raquel Urgell, va ser l\u2019encarregada de glossar la traject\u00f2ria d&#8217;\u00c0ngels P\u00e9rez Tarrag\u00f3, demostrant la gran estima que t\u00e9 pel territori, la llengua i la literatura catalana.<\/p>\n<p>El premi va suposar el reconeixement pel seu paper i per la seua traject\u00f2ria docent a favor de la llengua catalana durant els anys de doc\u00e8ncia. El Premi Neus Gr\u00e0cia reconeix, segons va explicar Urgell \u201cuna vida dedicada a l\u2019educaci\u00f3, a la llengua i a la literatura catalana i, sobretot, a les persones\u201d.\u00a0<\/p>\n<p>Durant tot el mat\u00ed de dissabte, el Casal Cultural va ser l\u2019escenari de lliurament dels premis Tastets i Especials \u00d2mnium. Hi van assistir els estudiants del territori ebrenc guanyadors de les diferents categories del concurs literari que \u00d2mnium Cultural a les Terres de l\u2019Ebre organitza anualment per a fomentar la creaci\u00f3 liter\u00e0ria en catal\u00e0 als centres escolars i d\u2019educaci\u00f3 especial ebrencs.\u00a0<\/p>\n<p><br \/>L\u2019organitzaci\u00f3 va lliurar a tots els assistents un exemplar de la publicaci\u00f3 \u2018Tastets\u2019, un recull de les obres guanyadores. El llibre ha sigut editat conjuntament amb el Centre de Normalitzaci\u00f3 Ling\u00fc\u00edstica de les Terres de l\u2019Ebre, entitat que col\u00b7labora cada any amb el certamen.<\/p>\n<div id='gallery-1' class='gallery galleryid-454370 gallery-columns-3 gallery-size-thumbnail'><figure class='gallery-item'>\n\t\t\t<div class='gallery-icon landscape'>\n\t\t\t\t<a href='https:\/\/www.omnium.cat\/ca\/omnium-terres-de-lebre-guardona-angels-perez-tarrago-amb-el-premi-neus-gracia-2026\/whatsapp-image-2026-04-18-at-12-31-21-4\/'><img decoding=\"async\" width=\"150\" height=\"150\" src=\"https:\/\/cdn.omnium.cat\/wp-content\/uploads\/2026\/04\/21133714\/WhatsApp-Image-2026-04-18-at-12.31.21-4-150x150.jpeg\" class=\"attachment-thumbnail size-thumbnail\" alt=\"\" srcset=\"https:\/\/cdn.omnium.cat\/wp-content\/uploads\/2026\/04\/21133714\/WhatsApp-Image-2026-04-18-at-12.31.21-4-150x150.jpeg 150w, https:\/\/cdn.omnium.cat\/wp-content\/uploads\/2026\/04\/21133714\/WhatsApp-Image-2026-04-18-at-12.31.21-4-371x371.jpeg 371w, https:\/\/cdn.omnium.cat\/wp-content\/uploads\/2026\/04\/21133714\/WhatsApp-Image-2026-04-18-at-12.31.21-4-300x300.jpeg 300w\" sizes=\"(max-width: 150px) 100vw, 150px\" \/><\/a>\n\t\t\t<\/div><\/figure><figure class='gallery-item'>\n\t\t\t<div class='gallery-icon landscape'>\n\t\t\t\t<a href='https:\/\/www.omnium.cat\/ca\/omnium-terres-de-lebre-guardona-angels-perez-tarrago-amb-el-premi-neus-gracia-2026\/whatsapp-image-2026-04-18-at-12-31-21-3\/'><img decoding=\"async\" width=\"150\" height=\"150\" src=\"https:\/\/cdn.omnium.cat\/wp-content\/uploads\/2026\/04\/21133717\/WhatsApp-Image-2026-04-18-at-12.31.21-3-150x150.jpeg\" class=\"attachment-thumbnail size-thumbnail\" alt=\"\" srcset=\"https:\/\/cdn.omnium.cat\/wp-content\/uploads\/2026\/04\/21133717\/WhatsApp-Image-2026-04-18-at-12.31.21-3-150x150.jpeg 150w, https:\/\/cdn.omnium.cat\/wp-content\/uploads\/2026\/04\/21133717\/WhatsApp-Image-2026-04-18-at-12.31.21-3-371x371.jpeg 371w, https:\/\/cdn.omnium.cat\/wp-content\/uploads\/2026\/04\/21133717\/WhatsApp-Image-2026-04-18-at-12.31.21-3-300x300.jpeg 300w\" sizes=\"(max-width: 150px) 100vw, 150px\" \/><\/a>\n\t\t\t<\/div><\/figure><figure class='gallery-item'>\n\t\t\t<div class='gallery-icon landscape'>\n\t\t\t\t<a href='https:\/\/www.omnium.cat\/ca\/omnium-terres-de-lebre-guardona-angels-perez-tarrago-amb-el-premi-neus-gracia-2026\/whatsapp-image-2026-04-18-at-12-31-21-2\/'><img decoding=\"async\" width=\"150\" height=\"150\" src=\"https:\/\/cdn.omnium.cat\/wp-content\/uploads\/2026\/04\/21133720\/WhatsApp-Image-2026-04-18-at-12.31.21-2-150x150.jpeg\" class=\"attachment-thumbnail size-thumbnail\" alt=\"\" srcset=\"https:\/\/cdn.omnium.cat\/wp-content\/uploads\/2026\/04\/21133720\/WhatsApp-Image-2026-04-18-at-12.31.21-2-150x150.jpeg 150w, https:\/\/cdn.omnium.cat\/wp-content\/uploads\/2026\/04\/21133720\/WhatsApp-Image-2026-04-18-at-12.31.21-2-371x371.jpeg 371w, https:\/\/cdn.omnium.cat\/wp-content\/uploads\/2026\/04\/21133720\/WhatsApp-Image-2026-04-18-at-12.31.21-2-300x300.jpeg 300w\" sizes=\"(max-width: 150px) 100vw, 150px\" \/><\/a>\n\t\t\t<\/div><\/figure><figure class='gallery-item'>\n\t\t\t<div class='gallery-icon landscape'>\n\t\t\t\t<a href='https:\/\/www.omnium.cat\/ca\/omnium-terres-de-lebre-guardona-angels-perez-tarrago-amb-el-premi-neus-gracia-2026\/whatsapp-image-2026-04-18-at-12-31-21-1\/'><img loading=\"lazy\" decoding=\"async\" width=\"150\" height=\"150\" src=\"https:\/\/cdn.omnium.cat\/wp-content\/uploads\/2026\/04\/21133725\/WhatsApp-Image-2026-04-18-at-12.31.21-1-150x150.jpeg\" class=\"attachment-thumbnail size-thumbnail\" alt=\"\" srcset=\"https:\/\/cdn.omnium.cat\/wp-content\/uploads\/2026\/04\/21133725\/WhatsApp-Image-2026-04-18-at-12.31.21-1-150x150.jpeg 150w, https:\/\/cdn.omnium.cat\/wp-content\/uploads\/2026\/04\/21133725\/WhatsApp-Image-2026-04-18-at-12.31.21-1-371x371.jpeg 371w, https:\/\/cdn.omnium.cat\/wp-content\/uploads\/2026\/04\/21133725\/WhatsApp-Image-2026-04-18-at-12.31.21-1-300x300.jpeg 300w\" sizes=\"(max-width: 150px) 100vw, 150px\" \/><\/a>\n\t\t\t<\/div><\/figure><figure class='gallery-item'>\n\t\t\t<div class='gallery-icon landscape'>\n\t\t\t\t<a href='https:\/\/www.omnium.cat\/ca\/omnium-terres-de-lebre-guardona-angels-perez-tarrago-amb-el-premi-neus-gracia-2026\/whatsapp-image-2026-04-18-at-12-31-21\/'><img loading=\"lazy\" decoding=\"async\" width=\"150\" height=\"150\" src=\"https:\/\/cdn.omnium.cat\/wp-content\/uploads\/2026\/04\/21133729\/WhatsApp-Image-2026-04-18-at-12.31.21-150x150.jpeg\" class=\"attachment-thumbnail size-thumbnail\" alt=\"\" srcset=\"https:\/\/cdn.omnium.cat\/wp-content\/uploads\/2026\/04\/21133729\/WhatsApp-Image-2026-04-18-at-12.31.21-150x150.jpeg 150w, https:\/\/cdn.omnium.cat\/wp-content\/uploads\/2026\/04\/21133729\/WhatsApp-Image-2026-04-18-at-12.31.21-371x371.jpeg 371w, https:\/\/cdn.omnium.cat\/wp-content\/uploads\/2026\/04\/21133729\/WhatsApp-Image-2026-04-18-at-12.31.21-300x300.jpeg 300w\" sizes=\"(max-width: 150px) 100vw, 150px\" \/><\/a>\n\t\t\t<\/div><\/figure><figure class='gallery-item'>\n\t\t\t<div class='gallery-icon landscape'>\n\t\t\t\t<a href='https:\/\/www.omnium.cat\/ca\/omnium-terres-de-lebre-guardona-angels-perez-tarrago-amb-el-premi-neus-gracia-2026\/whatsapp-image-2026-04-18-at-12-31-20-4\/'><img loading=\"lazy\" decoding=\"async\" width=\"150\" height=\"150\" src=\"https:\/\/cdn.omnium.cat\/wp-content\/uploads\/2026\/04\/21133733\/WhatsApp-Image-2026-04-18-at-12.31.20-4-150x150.jpeg\" class=\"attachment-thumbnail size-thumbnail\" alt=\"\" srcset=\"https:\/\/cdn.omnium.cat\/wp-content\/uploads\/2026\/04\/21133733\/WhatsApp-Image-2026-04-18-at-12.31.20-4-150x150.jpeg 150w, https:\/\/cdn.omnium.cat\/wp-content\/uploads\/2026\/04\/21133733\/WhatsApp-Image-2026-04-18-at-12.31.20-4-371x371.jpeg 371w, https:\/\/cdn.omnium.cat\/wp-content\/uploads\/2026\/04\/21133733\/WhatsApp-Image-2026-04-18-at-12.31.20-4-300x300.jpeg 300w\" sizes=\"(max-width: 150px) 100vw, 150px\" \/><\/a>\n\t\t\t<\/div><\/figure><figure class='gallery-item'>\n\t\t\t<div class='gallery-icon landscape'>\n\t\t\t\t<a href='https:\/\/www.omnium.cat\/ca\/omnium-terres-de-lebre-guardona-angels-perez-tarrago-amb-el-premi-neus-gracia-2026\/whatsapp-image-2026-04-18-at-12-31-20-3\/'><img loading=\"lazy\" decoding=\"async\" width=\"150\" height=\"150\" src=\"https:\/\/cdn.omnium.cat\/wp-content\/uploads\/2026\/04\/21133736\/WhatsApp-Image-2026-04-18-at-12.31.20-3-150x150.jpeg\" class=\"attachment-thumbnail size-thumbnail\" alt=\"\" srcset=\"https:\/\/cdn.omnium.cat\/wp-content\/uploads\/2026\/04\/21133736\/WhatsApp-Image-2026-04-18-at-12.31.20-3-150x150.jpeg 150w, https:\/\/cdn.omnium.cat\/wp-content\/uploads\/2026\/04\/21133736\/WhatsApp-Image-2026-04-18-at-12.31.20-3-371x371.jpeg 371w, https:\/\/cdn.omnium.cat\/wp-content\/uploads\/2026\/04\/21133736\/WhatsApp-Image-2026-04-18-at-12.31.20-3-300x300.jpeg 300w\" sizes=\"(max-width: 150px) 100vw, 150px\" \/><\/a>\n\t\t\t<\/div><\/figure><figure class='gallery-item'>\n\t\t\t<div class='gallery-icon landscape'>\n\t\t\t\t<a href='https:\/\/www.omnium.cat\/ca\/omnium-terres-de-lebre-guardona-angels-perez-tarrago-amb-el-premi-neus-gracia-2026\/whatsapp-image-2026-04-18-at-12-31-20-2\/'><img loading=\"lazy\" decoding=\"async\" width=\"150\" height=\"150\" src=\"https:\/\/cdn.omnium.cat\/wp-content\/uploads\/2026\/04\/21133740\/WhatsApp-Image-2026-04-18-at-12.31.20-2-150x150.jpeg\" class=\"attachment-thumbnail size-thumbnail\" alt=\"\" srcset=\"https:\/\/cdn.omnium.cat\/wp-content\/uploads\/2026\/04\/21133740\/WhatsApp-Image-2026-04-18-at-12.31.20-2-150x150.jpeg 150w, https:\/\/cdn.omnium.cat\/wp-content\/uploads\/2026\/04\/21133740\/WhatsApp-Image-2026-04-18-at-12.31.20-2-371x371.jpeg 371w, https:\/\/cdn.omnium.cat\/wp-content\/uploads\/2026\/04\/21133740\/WhatsApp-Image-2026-04-18-at-12.31.20-2-300x300.jpeg 300w\" sizes=\"(max-width: 150px) 100vw, 150px\" \/><\/a>\n\t\t\t<\/div><\/figure><figure class='gallery-item'>\n\t\t\t<div class='gallery-icon landscape'>\n\t\t\t\t<a href='https:\/\/www.omnium.cat\/ca\/omnium-terres-de-lebre-guardona-angels-perez-tarrago-amb-el-premi-neus-gracia-2026\/whatsapp-image-2026-04-18-at-12-31-20-1\/'><img loading=\"lazy\" decoding=\"async\" width=\"150\" height=\"150\" src=\"https:\/\/cdn.omnium.cat\/wp-content\/uploads\/2026\/04\/21133743\/WhatsApp-Image-2026-04-18-at-12.31.20-1-150x150.jpeg\" class=\"attachment-thumbnail size-thumbnail\" alt=\"\" srcset=\"https:\/\/cdn.omnium.cat\/wp-content\/uploads\/2026\/04\/21133743\/WhatsApp-Image-2026-04-18-at-12.31.20-1-150x150.jpeg 150w, https:\/\/cdn.omnium.cat\/wp-content\/uploads\/2026\/04\/21133743\/WhatsApp-Image-2026-04-18-at-12.31.20-1-371x371.jpeg 371w, https:\/\/cdn.omnium.cat\/wp-content\/uploads\/2026\/04\/21133743\/WhatsApp-Image-2026-04-18-at-12.31.20-1-300x300.jpeg 300w\" sizes=\"(max-width: 150px) 100vw, 150px\" \/><\/a>\n\t\t\t<\/div><\/figure><figure class='gallery-item'>\n\t\t\t<div class='gallery-icon landscape'>\n\t\t\t\t<a href='https:\/\/www.omnium.cat\/ca\/omnium-terres-de-lebre-guardona-angels-perez-tarrago-amb-el-premi-neus-gracia-2026\/whatsapp-image-2026-04-18-at-12-31-20\/'><img loading=\"lazy\" decoding=\"async\" width=\"150\" height=\"150\" src=\"https:\/\/cdn.omnium.cat\/wp-content\/uploads\/2026\/04\/21133748\/WhatsApp-Image-2026-04-18-at-12.31.20-150x150.jpeg\" class=\"attachment-thumbnail size-thumbnail\" alt=\"\" srcset=\"https:\/\/cdn.omnium.cat\/wp-content\/uploads\/2026\/04\/21133748\/WhatsApp-Image-2026-04-18-at-12.31.20-150x150.jpeg 150w, https:\/\/cdn.omnium.cat\/wp-content\/uploads\/2026\/04\/21133748\/WhatsApp-Image-2026-04-18-at-12.31.20-371x371.jpeg 371w, https:\/\/cdn.omnium.cat\/wp-content\/uploads\/2026\/04\/21133748\/WhatsApp-Image-2026-04-18-at-12.31.20-300x300.jpeg 300w\" sizes=\"(max-width: 150px) 100vw, 150px\" \/><\/a>\n\t\t\t<\/div><\/figure><figure class='gallery-item'>\n\t\t\t<div class='gallery-icon landscape'>\n\t\t\t\t<a href='https:\/\/www.omnium.cat\/ca\/omnium-terres-de-lebre-guardona-angels-perez-tarrago-amb-el-premi-neus-gracia-2026\/whatsapp-image-2026-04-18-at-12-31-19-1\/'><img loading=\"lazy\" decoding=\"async\" width=\"150\" height=\"150\" src=\"https:\/\/cdn.omnium.cat\/wp-content\/uploads\/2026\/04\/21133751\/WhatsApp-Image-2026-04-18-at-12.31.19-1-150x150.jpeg\" class=\"attachment-thumbnail size-thumbnail\" alt=\"\" srcset=\"https:\/\/cdn.omnium.cat\/wp-content\/uploads\/2026\/04\/21133751\/WhatsApp-Image-2026-04-18-at-12.31.19-1-150x150.jpeg 150w, https:\/\/cdn.omnium.cat\/wp-content\/uploads\/2026\/04\/21133751\/WhatsApp-Image-2026-04-18-at-12.31.19-1-371x371.jpeg 371w, https:\/\/cdn.omnium.cat\/wp-content\/uploads\/2026\/04\/21133751\/WhatsApp-Image-2026-04-18-at-12.31.19-1-300x300.jpeg 300w\" sizes=\"(max-width: 150px) 100vw, 150px\" \/><\/a>\n\t\t\t<\/div><\/figure><figure class='gallery-item'>\n\t\t\t<div class='gallery-icon landscape'>\n\t\t\t\t<a href='https:\/\/www.omnium.cat\/ca\/omnium-terres-de-lebre-guardona-angels-perez-tarrago-amb-el-premi-neus-gracia-2026\/whatsapp-image-2026-04-18-at-12-31-18-2\/'><img loading=\"lazy\" decoding=\"async\" width=\"150\" height=\"150\" src=\"https:\/\/cdn.omnium.cat\/wp-content\/uploads\/2026\/04\/21133754\/WhatsApp-Image-2026-04-18-at-12.31.18-2-150x150.jpeg\" class=\"attachment-thumbnail size-thumbnail\" alt=\"\" srcset=\"https:\/\/cdn.omnium.cat\/wp-content\/uploads\/2026\/04\/21133754\/WhatsApp-Image-2026-04-18-at-12.31.18-2-150x150.jpeg 150w, https:\/\/cdn.omnium.cat\/wp-content\/uploads\/2026\/04\/21133754\/WhatsApp-Image-2026-04-18-at-12.31.18-2-371x371.jpeg 371w, https:\/\/cdn.omnium.cat\/wp-content\/uploads\/2026\/04\/21133754\/WhatsApp-Image-2026-04-18-at-12.31.18-2-300x300.jpeg 300w\" sizes=\"(max-width: 150px) 100vw, 150px\" \/><\/a>\n\t\t\t<\/div><\/figure><figure class='gallery-item'>\n\t\t\t<div class='gallery-icon landscape'>\n\t\t\t\t<a href='https:\/\/www.omnium.cat\/ca\/omnium-terres-de-lebre-guardona-angels-perez-tarrago-amb-el-premi-neus-gracia-2026\/whatsapp-image-2026-04-18-at-12-31-18-1\/'><img loading=\"lazy\" decoding=\"async\" width=\"150\" height=\"150\" src=\"https:\/\/cdn.omnium.cat\/wp-content\/uploads\/2026\/04\/21133757\/WhatsApp-Image-2026-04-18-at-12.31.18-1-150x150.jpeg\" class=\"attachment-thumbnail size-thumbnail\" alt=\"\" srcset=\"https:\/\/cdn.omnium.cat\/wp-content\/uploads\/2026\/04\/21133757\/WhatsApp-Image-2026-04-18-at-12.31.18-1-150x150.jpeg 150w, https:\/\/cdn.omnium.cat\/wp-content\/uploads\/2026\/04\/21133757\/WhatsApp-Image-2026-04-18-at-12.31.18-1-371x371.jpeg 371w, https:\/\/cdn.omnium.cat\/wp-content\/uploads\/2026\/04\/21133757\/WhatsApp-Image-2026-04-18-at-12.31.18-1-300x300.jpeg 300w\" sizes=\"(max-width: 150px) 100vw, 150px\" \/><\/a>\n\t\t\t<\/div><\/figure><figure class='gallery-item'>\n\t\t\t<div class='gallery-icon landscape'>\n\t\t\t\t<a href='https:\/\/www.omnium.cat\/ca\/omnium-terres-de-lebre-guardona-angels-perez-tarrago-amb-el-premi-neus-gracia-2026\/whatsapp-image-2026-04-18-at-12-31-18\/'><img loading=\"lazy\" decoding=\"async\" width=\"150\" height=\"150\" src=\"https:\/\/cdn.omnium.cat\/wp-content\/uploads\/2026\/04\/21133759\/WhatsApp-Image-2026-04-18-at-12.31.18-150x150.jpeg\" class=\"attachment-thumbnail size-thumbnail\" alt=\"\" srcset=\"https:\/\/cdn.omnium.cat\/wp-content\/uploads\/2026\/04\/21133759\/WhatsApp-Image-2026-04-18-at-12.31.18-150x150.jpeg 150w, https:\/\/cdn.omnium.cat\/wp-content\/uploads\/2026\/04\/21133759\/WhatsApp-Image-2026-04-18-at-12.31.18-371x371.jpeg 371w, https:\/\/cdn.omnium.cat\/wp-content\/uploads\/2026\/04\/21133759\/WhatsApp-Image-2026-04-18-at-12.31.18-300x300.jpeg 300w\" sizes=\"(max-width: 150px) 100vw, 150px\" \/><\/a>\n\t\t\t<\/div><\/figure><figure class='gallery-item'>\n\t\t\t<div class='gallery-icon landscape'>\n\t\t\t\t<a href='https:\/\/www.omnium.cat\/ca\/omnium-terres-de-lebre-guardona-angels-perez-tarrago-amb-el-premi-neus-gracia-2026\/whatsapp-image-2026-04-18-at-12-31-17\/'><img loading=\"lazy\" decoding=\"async\" width=\"150\" height=\"150\" src=\"https:\/\/cdn.omnium.cat\/wp-content\/uploads\/2026\/04\/21133803\/WhatsApp-Image-2026-04-18-at-12.31.17-150x150.jpeg\" class=\"attachment-thumbnail size-thumbnail\" alt=\"\" srcset=\"https:\/\/cdn.omnium.cat\/wp-content\/uploads\/2026\/04\/21133803\/WhatsApp-Image-2026-04-18-at-12.31.17-150x150.jpeg 150w, https:\/\/cdn.omnium.cat\/wp-content\/uploads\/2026\/04\/21133803\/WhatsApp-Image-2026-04-18-at-12.31.17-371x371.jpeg 371w, https:\/\/cdn.omnium.cat\/wp-content\/uploads\/2026\/04\/21133803\/WhatsApp-Image-2026-04-18-at-12.31.17-300x300.jpeg 300w\" sizes=\"(max-width: 150px) 100vw, 150px\" \/><\/a>\n\t\t\t<\/div><\/figure><figure class='gallery-item'>\n\t\t\t<div class='gallery-icon landscape'>\n\t\t\t\t<a href='https:\/\/www.omnium.cat\/ca\/omnium-terres-de-lebre-guardona-angels-perez-tarrago-amb-el-premi-neus-gracia-2026\/whatsapp-image-2026-04-18-at-12-31-19\/'><img loading=\"lazy\" decoding=\"async\" width=\"150\" height=\"150\" src=\"https:\/\/cdn.omnium.cat\/wp-content\/uploads\/2026\/04\/21133807\/WhatsApp-Image-2026-04-18-at-12.31.19-150x150.jpeg\" class=\"attachment-thumbnail size-thumbnail\" alt=\"\" srcset=\"https:\/\/cdn.omnium.cat\/wp-content\/uploads\/2026\/04\/21133807\/WhatsApp-Image-2026-04-18-at-12.31.19-150x150.jpeg 150w, https:\/\/cdn.omnium.cat\/wp-content\/uploads\/2026\/04\/21133807\/WhatsApp-Image-2026-04-18-at-12.31.19-371x371.jpeg 371w, https:\/\/cdn.omnium.cat\/wp-content\/uploads\/2026\/04\/21133807\/WhatsApp-Image-2026-04-18-at-12.31.19-300x300.jpeg 300w\" sizes=\"(max-width: 150px) 100vw, 150px\" \/><\/a>\n\t\t\t<\/div><\/figure>\n\t\t<\/div>\n\n<p><strong>Nota biogr\u00e0fica<\/strong><\/p>\n<p>L\u2019\u00c0ngels P\u00e9rez Tarrag\u00f3 va n\u00e0ixer a Flix el 20 de juliol de 1964.Va anar a escola a Flix i va estudiar a Tarragona Filologia Catalana, on es va llicenciar l\u2019any 1987. Anys m\u00e9s tard, va culminar el seu recorregut acad\u00e8mic esdevenint catedr\u00e0tica d\u2019institut, l\u2019any 2009. A partir d\u2019aquell moment, va iniciar un cam\u00ed professional que la portaria a rec\u00f3rrer diversos instituts d\u2019arreu de Catalunya, com Tremp o Sant Fruit\u00f3s de Bages, impartint classes de llengua catalana i literatura durant m\u00e9s de quinze anys.<\/p>\n<p>M\u00e9s endavant, va entrar a formar part del SEDEC, el Servei d\u2019Ensenyament del Catal\u00e0, als Serveis Territorials de les Terres de l\u2019Ebre, i va continuar ampliant la seva mirada educativa com a assessora LIC a la Terra Alta i la Ribera d\u2019Ebre. Tamb\u00e9 va formar part de l\u2019equip directiu de l\u2019Institut Escola 3 d\u2019Abril de M\u00f3ra la Nova, on va exercir com a coordinadora pedag\u00f2gica, contribuint a impulsar projectes i a donar coher\u00e8ncia al treball educatiu del centre. Paral\u00b7lelament, va compartir el seu coneixement com a formadora d\u2019educaci\u00f3 socioemocional a l\u2019ICE de la URV Terres de l\u2019Ebre durant quatre cursos, incidint en un aspecte fonamental de l\u2019educaci\u00f3: el benestar i el creixement personal de l\u2019alumnat. I, finalment, va esdevenir t\u00e8cnica del Centre de Recursos Pedag\u00f2gics de la Terra Alta, del qual en va ser directora des del 2018 fins a la seva jubilaci\u00f3, l\u2019agost del 2024.<\/p>\n","protected":false},"excerpt":{"rendered":"<p>Se li va fer entrega del premi en el marc de la festa dels Tastets, el certamen de narrativa escolar que organitza \u00d2mnium Terres de l\u2019Ebre El passat dissabte, \u00d2mnium [&hellip;]<\/p>\n","protected":false},"author":291,"featured_media":454403,"comment_status":"closed","ping_status":"open","sticky":false,"template":"","format":"standard","meta":{"_acf_changed":false,"footnotes":""},"categories":[1],"tags":[5749,5779,5780,41],"post_headquarter":[1749],"post_project":[],"class_list":["post-454370","post","type-post","status-publish","format-standard","has-post-thumbnail","hentry","category-uncategorized-ca","tag-especials","tag-premi-neus-gracia","tag-tastets","tag-terres-de-lebre","post_headquarter-terres-de-lebre"],"acf":[],"yoast_head":"<!-- This site is optimized with the Yoast SEO plugin v27.2 - https:\/\/yoast.com\/product\/yoast-seo-wordpress\/ -->\n<title>\u00d2mnium Terres de l\u2019Ebre guardona \u00c0ngels P\u00e9rez Tarrag\u00f3 amb el Premi Neus Gr\u00e0cia 2026 - \u00d2mnium Cultural<\/title>\n<meta name=\"robots\" content=\"index, follow, max-snippet:-1, max-image-preview:large, max-video-preview:-1\" \/>\n<link rel=\"canonical\" href=\"https:\/\/www.omnium.cat\/ca\/omnium-terres-de-lebre-guardona-angels-perez-tarrago-amb-el-premi-neus-gracia-2026\/\" \/>\n<meta name=\"twitter:label1\" content=\"Escrit per\" \/>\n\t<meta name=\"twitter:data1\" content=\"Judit Camacho\" \/>\n\t<meta name=\"twitter:label2\" content=\"Temps estimat de lectura\" \/>\n\t<meta name=\"twitter:data2\" content=\"4 minuts\" \/>\n<script type=\"application\/ld+json\" class=\"yoast-schema-graph\">{\"@context\":\"https:\/\/schema.org\",\"@graph\":[{\"@type\":\"Article\",\"@id\":\"https:\/\/www.omnium.cat\/ca\/omnium-terres-de-lebre-guardona-angels-perez-tarrago-amb-el-premi-neus-gracia-2026\/#article\",\"isPartOf\":{\"@id\":\"https:\/\/www.omnium.cat\/ca\/omnium-terres-de-lebre-guardona-angels-perez-tarrago-amb-el-premi-neus-gracia-2026\/\"},\"author\":{\"name\":\"Judit Camacho\",\"@id\":\"https:\/\/www.omnium.cat\/ca\/#\/schema\/person\/156d3b6e35962d40a154d86d445b975b\"},\"headline\":\"\u00d2mnium Terres de l\u2019Ebre guardona \u00c0ngels P\u00e9rez Tarrag\u00f3 amb el Premi Neus Gr\u00e0cia 2026\",\"datePublished\":\"2026-04-21T11:39:44+00:00\",\"dateModified\":\"2026-04-21T11:40:20+00:00\",\"mainEntityOfPage\":{\"@id\":\"https:\/\/www.omnium.cat\/ca\/omnium-terres-de-lebre-guardona-angels-perez-tarrago-amb-el-premi-neus-gracia-2026\/\"},\"wordCount\":615,\"publisher\":{\"@id\":\"https:\/\/www.omnium.cat\/ca\/#organization\"},\"image\":{\"@id\":\"https:\/\/www.omnium.cat\/ca\/omnium-terres-de-lebre-guardona-angels-perez-tarrago-amb-el-premi-neus-gracia-2026\/#primaryimage\"},\"thumbnailUrl\":\"https:\/\/cdn.omnium.cat\/wp-content\/uploads\/2026\/04\/21133849\/DSC09574-scaled.jpg\",\"keywords\":[\"especials\",\"premi neus gr\u00e0cia\",\"tastets\",\"Terres de l'Ebre\"],\"articleSection\":[\"Uncategorized @oc\"],\"inLanguage\":\"ca\"},{\"@type\":\"WebPage\",\"@id\":\"https:\/\/www.omnium.cat\/ca\/omnium-terres-de-lebre-guardona-angels-perez-tarrago-amb-el-premi-neus-gracia-2026\/\",\"url\":\"https:\/\/www.omnium.cat\/ca\/omnium-terres-de-lebre-guardona-angels-perez-tarrago-amb-el-premi-neus-gracia-2026\/\",\"name\":\"\u00d2mnium Terres de l\u2019Ebre guardona \u00c0ngels P\u00e9rez Tarrag\u00f3 amb el Premi Neus Gr\u00e0cia 2026 - \u00d2mnium Cultural\",\"isPartOf\":{\"@id\":\"https:\/\/www.omnium.cat\/ca\/#website\"},\"primaryImageOfPage\":{\"@id\":\"https:\/\/www.omnium.cat\/ca\/omnium-terres-de-lebre-guardona-angels-perez-tarrago-amb-el-premi-neus-gracia-2026\/#primaryimage\"},\"image\":{\"@id\":\"https:\/\/www.omnium.cat\/ca\/omnium-terres-de-lebre-guardona-angels-perez-tarrago-amb-el-premi-neus-gracia-2026\/#primaryimage\"},\"thumbnailUrl\":\"https:\/\/cdn.omnium.cat\/wp-content\/uploads\/2026\/04\/21133849\/DSC09574-scaled.jpg\",\"datePublished\":\"2026-04-21T11:39:44+00:00\",\"dateModified\":\"2026-04-21T11:40:20+00:00\",\"breadcrumb\":{\"@id\":\"https:\/\/www.omnium.cat\/ca\/omnium-terres-de-lebre-guardona-angels-perez-tarrago-amb-el-premi-neus-gracia-2026\/#breadcrumb\"},\"inLanguage\":\"ca\",\"potentialAction\":[{\"@type\":\"ReadAction\",\"target\":[\"https:\/\/www.omnium.cat\/ca\/omnium-terres-de-lebre-guardona-angels-perez-tarrago-amb-el-premi-neus-gracia-2026\/\"]}]},{\"@type\":\"ImageObject\",\"inLanguage\":\"ca\",\"@id\":\"https:\/\/www.omnium.cat\/ca\/omnium-terres-de-lebre-guardona-angels-perez-tarrago-amb-el-premi-neus-gracia-2026\/#primaryimage\",\"url\":\"https:\/\/cdn.omnium.cat\/wp-content\/uploads\/2026\/04\/21133849\/DSC09574-scaled.jpg\",\"contentUrl\":\"https:\/\/cdn.omnium.cat\/wp-content\/uploads\/2026\/04\/21133849\/DSC09574-scaled.jpg\",\"width\":2560,\"height\":1707},{\"@type\":\"BreadcrumbList\",\"@id\":\"https:\/\/www.omnium.cat\/ca\/omnium-terres-de-lebre-guardona-angels-perez-tarrago-amb-el-premi-neus-gracia-2026\/#breadcrumb\",\"itemListElement\":[{\"@type\":\"ListItem\",\"position\":1,\"name\":\"Inici\",\"item\":\"https:\/\/www.omnium.cat\/ca\/\"},{\"@type\":\"ListItem\",\"position\":2,\"name\":\"\u00d2mnium Terres de l\u2019Ebre guardona \u00c0ngels P\u00e9rez Tarrag\u00f3 amb el Premi Neus Gr\u00e0cia 2026\"}]},{\"@type\":\"WebSite\",\"@id\":\"https:\/\/www.omnium.cat\/ca\/#website\",\"url\":\"https:\/\/www.omnium.cat\/ca\/\",\"name\":\"\u00d2mnium Cultural\",\"description\":\"Llengua Cultura Pa\u00eds\",\"publisher\":{\"@id\":\"https:\/\/www.omnium.cat\/ca\/#organization\"},\"potentialAction\":[{\"@type\":\"SearchAction\",\"target\":{\"@type\":\"EntryPoint\",\"urlTemplate\":\"https:\/\/www.omnium.cat\/ca\/?s={search_term_string}\"},\"query-input\":{\"@type\":\"PropertyValueSpecification\",\"valueRequired\":true,\"valueName\":\"search_term_string\"}}],\"inLanguage\":\"ca\"},{\"@type\":\"Organization\",\"@id\":\"https:\/\/www.omnium.cat\/ca\/#organization\",\"name\":\"\u00d2mnium Cultural\",\"url\":\"https:\/\/www.omnium.cat\/ca\/\",\"logo\":{\"@type\":\"ImageObject\",\"inLanguage\":\"ca\",\"@id\":\"https:\/\/www.omnium.cat\/ca\/#\/schema\/logo\/image\/\",\"url\":\"https:\/\/cdn.omnium.cat\/wp-content\/uploads\/2019\/06\/01112517\/cropped-omnium_logo-1.png\",\"contentUrl\":\"https:\/\/cdn.omnium.cat\/wp-content\/uploads\/2019\/06\/01112517\/cropped-omnium_logo-1.png\",\"width\":1213,\"height\":262,\"caption\":\"\u00d2mnium Cultural\"},\"image\":{\"@id\":\"https:\/\/www.omnium.cat\/ca\/#\/schema\/logo\/image\/\"},\"sameAs\":[\"https:\/\/www.facebook.com\/omniumcultural\",\"https:\/\/x.com\/omnium\",\"https:\/\/www.instagram.com\/omniumcultural\/\",\"https:\/\/www.youtube.com\/user\/omniumcultural\"]},{\"@type\":\"Person\",\"@id\":\"https:\/\/www.omnium.cat\/ca\/#\/schema\/person\/156d3b6e35962d40a154d86d445b975b\",\"name\":\"Judit Camacho\",\"image\":{\"@type\":\"ImageObject\",\"inLanguage\":\"ca\",\"@id\":\"https:\/\/secure.gravatar.com\/avatar\/62920777ea74275202de6736c422efbc91fd01521d4b295156b8e454bbf254de?s=96&d=mm&r=g\",\"url\":\"https:\/\/secure.gravatar.com\/avatar\/62920777ea74275202de6736c422efbc91fd01521d4b295156b8e454bbf254de?s=96&d=mm&r=g\",\"contentUrl\":\"https:\/\/secure.gravatar.com\/avatar\/62920777ea74275202de6736c422efbc91fd01521d4b295156b8e454bbf254de?s=96&d=mm&r=g\",\"caption\":\"Judit Camacho\"}}]}<\/script>\n<!-- \/ Yoast SEO plugin. -->","yoast_head_json":{"title":"\u00d2mnium Terres de l\u2019Ebre guardona \u00c0ngels P\u00e9rez Tarrag\u00f3 amb el Premi Neus Gr\u00e0cia 2026 - \u00d2mnium Cultural","robots":{"index":"index","follow":"follow","max-snippet":"max-snippet:-1","max-image-preview":"max-image-preview:large","max-video-preview":"max-video-preview:-1"},"canonical":"https:\/\/www.omnium.cat\/ca\/omnium-terres-de-lebre-guardona-angels-perez-tarrago-amb-el-premi-neus-gracia-2026\/","twitter_misc":{"Escrit per":"Judit Camacho","Temps estimat de lectura":"4 minuts"},"schema":{"@context":"https:\/\/schema.org","@graph":[{"@type":"Article","@id":"https:\/\/www.omnium.cat\/ca\/omnium-terres-de-lebre-guardona-angels-perez-tarrago-amb-el-premi-neus-gracia-2026\/#article","isPartOf":{"@id":"https:\/\/www.omnium.cat\/ca\/omnium-terres-de-lebre-guardona-angels-perez-tarrago-amb-el-premi-neus-gracia-2026\/"},"author":{"name":"Judit Camacho","@id":"https:\/\/www.omnium.cat\/ca\/#\/schema\/person\/156d3b6e35962d40a154d86d445b975b"},"headline":"\u00d2mnium Terres de l\u2019Ebre guardona \u00c0ngels P\u00e9rez Tarrag\u00f3 amb el Premi Neus Gr\u00e0cia 2026","datePublished":"2026-04-21T11:39:44+00:00","dateModified":"2026-04-21T11:40:20+00:00","mainEntityOfPage":{"@id":"https:\/\/www.omnium.cat\/ca\/omnium-terres-de-lebre-guardona-angels-perez-tarrago-amb-el-premi-neus-gracia-2026\/"},"wordCount":615,"publisher":{"@id":"https:\/\/www.omnium.cat\/ca\/#organization"},"image":{"@id":"https:\/\/www.omnium.cat\/ca\/omnium-terres-de-lebre-guardona-angels-perez-tarrago-amb-el-premi-neus-gracia-2026\/#primaryimage"},"thumbnailUrl":"https:\/\/cdn.omnium.cat\/wp-content\/uploads\/2026\/04\/21133849\/DSC09574-scaled.jpg","keywords":["especials","premi neus gr\u00e0cia","tastets","Terres de l'Ebre"],"articleSection":["Uncategorized @oc"],"inLanguage":"ca"},{"@type":"WebPage","@id":"https:\/\/www.omnium.cat\/ca\/omnium-terres-de-lebre-guardona-angels-perez-tarrago-amb-el-premi-neus-gracia-2026\/","url":"https:\/\/www.omnium.cat\/ca\/omnium-terres-de-lebre-guardona-angels-perez-tarrago-amb-el-premi-neus-gracia-2026\/","name":"\u00d2mnium Terres de l\u2019Ebre guardona \u00c0ngels P\u00e9rez Tarrag\u00f3 amb el Premi Neus Gr\u00e0cia 2026 - \u00d2mnium Cultural","isPartOf":{"@id":"https:\/\/www.omnium.cat\/ca\/#website"},"primaryImageOfPage":{"@id":"https:\/\/www.omnium.cat\/ca\/omnium-terres-de-lebre-guardona-angels-perez-tarrago-amb-el-premi-neus-gracia-2026\/#primaryimage"},"image":{"@id":"https:\/\/www.omnium.cat\/ca\/omnium-terres-de-lebre-guardona-angels-perez-tarrago-amb-el-premi-neus-gracia-2026\/#primaryimage"},"thumbnailUrl":"https:\/\/cdn.omnium.cat\/wp-content\/uploads\/2026\/04\/21133849\/DSC09574-scaled.jpg","datePublished":"2026-04-21T11:39:44+00:00","dateModified":"2026-04-21T11:40:20+00:00","breadcrumb":{"@id":"https:\/\/www.omnium.cat\/ca\/omnium-terres-de-lebre-guardona-angels-perez-tarrago-amb-el-premi-neus-gracia-2026\/#breadcrumb"},"inLanguage":"ca","potentialAction":[{"@type":"ReadAction","target":["https:\/\/www.omnium.cat\/ca\/omnium-terres-de-lebre-guardona-angels-perez-tarrago-amb-el-premi-neus-gracia-2026\/"]}]},{"@type":"ImageObject","inLanguage":"ca","@id":"https:\/\/www.omnium.cat\/ca\/omnium-terres-de-lebre-guardona-angels-perez-tarrago-amb-el-premi-neus-gracia-2026\/#primaryimage","url":"https:\/\/cdn.omnium.cat\/wp-content\/uploads\/2026\/04\/21133849\/DSC09574-scaled.jpg","contentUrl":"https:\/\/cdn.omnium.cat\/wp-content\/uploads\/2026\/04\/21133849\/DSC09574-scaled.jpg","width":2560,"height":1707},{"@type":"BreadcrumbList","@id":"https:\/\/www.omnium.cat\/ca\/omnium-terres-de-lebre-guardona-angels-perez-tarrago-amb-el-premi-neus-gracia-2026\/#breadcrumb","itemListElement":[{"@type":"ListItem","position":1,"name":"Inici","item":"https:\/\/www.omnium.cat\/ca\/"},{"@type":"ListItem","position":2,"name":"\u00d2mnium Terres de l\u2019Ebre guardona \u00c0ngels P\u00e9rez Tarrag\u00f3 amb el Premi Neus Gr\u00e0cia 2026"}]},{"@type":"WebSite","@id":"https:\/\/www.omnium.cat\/ca\/#website","url":"https:\/\/www.omnium.cat\/ca\/","name":"\u00d2mnium Cultural","description":"Llengua Cultura Pa\u00eds","publisher":{"@id":"https:\/\/www.omnium.cat\/ca\/#organization"},"potentialAction":[{"@type":"SearchAction","target":{"@type":"EntryPoint","urlTemplate":"https:\/\/www.omnium.cat\/ca\/?s={search_term_string}"},"query-input":{"@type":"PropertyValueSpecification","valueRequired":true,"valueName":"search_term_string"}}],"inLanguage":"ca"},{"@type":"Organization","@id":"https:\/\/www.omnium.cat\/ca\/#organization","name":"\u00d2mnium Cultural","url":"https:\/\/www.omnium.cat\/ca\/","logo":{"@type":"ImageObject","inLanguage":"ca","@id":"https:\/\/www.omnium.cat\/ca\/#\/schema\/logo\/image\/","url":"https:\/\/cdn.omnium.cat\/wp-content\/uploads\/2019\/06\/01112517\/cropped-omnium_logo-1.png","contentUrl":"https:\/\/cdn.omnium.cat\/wp-content\/uploads\/2019\/06\/01112517\/cropped-omnium_logo-1.png","width":1213,"height":262,"caption":"\u00d2mnium Cultural"},"image":{"@id":"https:\/\/www.omnium.cat\/ca\/#\/schema\/logo\/image\/"},"sameAs":["https:\/\/www.facebook.com\/omniumcultural","https:\/\/x.com\/omnium","https:\/\/www.instagram.com\/omniumcultural\/","https:\/\/www.youtube.com\/user\/omniumcultural"]},{"@type":"Person","@id":"https:\/\/www.omnium.cat\/ca\/#\/schema\/person\/156d3b6e35962d40a154d86d445b975b","name":"Judit Camacho","image":{"@type":"ImageObject","inLanguage":"ca","@id":"https:\/\/secure.gravatar.com\/avatar\/62920777ea74275202de6736c422efbc91fd01521d4b295156b8e454bbf254de?s=96&d=mm&r=g","url":"https:\/\/secure.gravatar.com\/avatar\/62920777ea74275202de6736c422efbc91fd01521d4b295156b8e454bbf254de?s=96&d=mm&r=g","contentUrl":"https:\/\/secure.gravatar.com\/avatar\/62920777ea74275202de6736c422efbc91fd01521d4b295156b8e454bbf254de?s=96&d=mm&r=g","caption":"Judit Camacho"}}]}},"_links":{"self":[{"href":"https:\/\/www.omnium.cat\/ca\/wp-json\/wp\/v2\/posts\/454370","targetHints":{"allow":["GET"]}}],"collection":[{"href":"https:\/\/www.omnium.cat\/ca\/wp-json\/wp\/v2\/posts"}],"about":[{"href":"https:\/\/www.omnium.cat\/ca\/wp-json\/wp\/v2\/types\/post"}],"author":[{"embeddable":true,"href":"https:\/\/www.omnium.cat\/ca\/wp-json\/wp\/v2\/users\/291"}],"replies":[{"embeddable":true,"href":"https:\/\/www.omnium.cat\/ca\/wp-json\/wp\/v2\/comments?post=454370"}],"version-history":[{"count":1,"href":"https:\/\/www.omnium.cat\/ca\/wp-json\/wp\/v2\/posts\/454370\/revisions"}],"predecessor-version":[{"id":454405,"href":"https:\/\/www.omnium.cat\/ca\/wp-json\/wp\/v2\/posts\/454370\/revisions\/454405"}],"wp:featuredmedia":[{"embeddable":true,"href":"https:\/\/www.omnium.cat\/ca\/wp-json\/wp\/v2\/media\/454403"}],"wp:attachment":[{"href":"https:\/\/www.omnium.cat\/ca\/wp-json\/wp\/v2\/media?parent=454370"}],"wp:term":[{"taxonomy":"category","embeddable":true,"href":"https:\/\/www.omnium.cat\/ca\/wp-json\/wp\/v2\/categories?post=454370"},{"taxonomy":"post_tag","embeddable":true,"href":"https:\/\/www.omnium.cat\/ca\/wp-json\/wp\/v2\/tags?post=454370"},{"taxonomy":"post_headquarter","embeddable":true,"href":"https:\/\/www.omnium.cat\/ca\/wp-json\/wp\/v2\/post_headquarter?post=454370"},{"taxonomy":"post_project","embeddable":true,"href":"https:\/\/www.omnium.cat\/ca\/wp-json\/wp\/v2\/post_project?post=454370"}],"curies":[{"name":"wp","href":"https:\/\/api.w.org\/{rel}","templated":true}]}}