{"id":454414,"date":"2026-04-23T12:01:58","date_gmt":"2026-04-23T10:01:58","guid":{"rendered":"https:\/\/www.omnium.cat\/?p=454414"},"modified":"2026-04-23T12:02:03","modified_gmt":"2026-04-23T10:02:03","slug":"antich-aquest-sant-jordi-tenim-un-repte-pel-que-fa-a-la-llengua-que-es-activar-nos-per-defensar-el-catala-a-lescola","status":"publish","type":"post","link":"https:\/\/www.omnium.cat\/ca\/antich-aquest-sant-jordi-tenim-un-repte-pel-que-fa-a-la-llengua-que-es-activar-nos-per-defensar-el-catala-a-lescola\/","title":{"rendered":"Antich: \u201cAquest Sant Jordi tenim un repte pel que fa a la llengua, que \u00e9s activar-nos per defensar el catal\u00e0 a l\u2019escola\u201d"},"content":{"rendered":"\n<p style=\"text-align: center;\"><strong>\u00d2mnium Cultural fa una crida a les institucions perqu\u00e8 el catal\u00e0 segueixi sent la llengua vehicular de totes les activitats de l\u2019escola<\/strong><\/p>\n<p>Aquest Sant Jordi, el president d\u2019\u00d2mnium Cultural, Xavier Antich, ha posat de rellev\u00e0ncia el repte que t\u00e9 el pa\u00eds de defensar el model d\u2019escola catalana davant de les recents ofensives del poder judicial i una previsible sent\u00e8ncia hostil del Tribunal Constitucional (TC): \u201cAquest Sant Jordi tenim un repte pel que fa a la llengua, que \u00e9s activar-nos per defensar l\u2019escola en catal\u00e0\u201d. Antich ha remarcat que defensar el model d\u2019escola \u00e9s \u201cuna obligaci\u00f3 de pa\u00eds\u201d, i ha fet una crida a les institucions demanant que \u201ces garanteixi l\u2019aprenentatge i l\u2019\u00fas del catal\u00e0 a tot l\u2019alumnat, per assegurar que el catal\u00e0 sigui la llengua vehicular a totes les activitats de l\u2019escola\u201d. El president de l\u2019entitat ha assegurat que \u00d2mnium Cultural s\u2019activa \u201cper defensar el model d\u2019escola catalana\u201d davant de la sent\u00e8ncia del Tribunal Superior de Just\u00edcia de Catalunya (TSJC), i aix\u00ed \u201cpreservar un model d\u2019escola cohesionador i integrador, que t\u00e9 el suport de la ciutadania, del Parlament de Catalunya i de tota la comunitat educativa\u201d.\u00a0<\/p>\n<p><br \/>En declaracions als mitjans, el president d\u2019\u00d2mnium tamb\u00e9 ha reivindicat la Diada de Sant Jordi pel que significa, tan nacionalment com culturalment. &#8220;No \u00e9s una celebraci\u00f3 qualsevol i hem de recordar que des de fa m\u00e9s de 500 anys \u00e9s el dia del patr\u00f3 de Catalunya&#8221;, ha recordat. Per altra banda, Antich tamb\u00e9 ha afirmat que Sant Jordi \u00e9s &#8220;el gran moment de l&#8217;any del m\u00f3n del llibre&#8221; i, pocs mesos despr\u00e9s de la Nit de les Lletres Catalanes, \u00e9s tamb\u00e9 un dia en el qual el prestigi de la literatura pot contribuir a que es venguin m\u00e9s llibres en catal\u00e0: &#8220;Recordem que nom\u00e9s el 23% dels llibres venuts a Catalunya s\u00f3n en catal\u00e0, i nom\u00e9s el 32% de la poblaci\u00f3 llegeix habitualment en catal\u00e0. Treballem perqu\u00e8 Sant Jordi contribueixi a revertir aquestes dades&#8221;.<\/p>\n<p>Durant tot el dia, l\u2019entitat recull signatures a les parades d\u2019arreu del pa\u00eds a favor d\u2019un manifest en defensa del model d\u2019escola catalana. El manifest, que dona resposta als atacs rebuts per part del TSJC, demana blindar el model d\u2019escola catalana davant la judicialitzaci\u00f3, garantir l\u2019aprenentatge del catal\u00e0 a tot l\u2019alumnat i fer que aquest vagi m\u00e9s enll\u00e0 de les aules. Aix\u00ed mateix, vol fomentar grups o cursos de catal\u00e0 per a les fam\u00edlies i demana que s\u2019adjudiqui un responsable d\u2019implementaci\u00f3 del projecte ling\u00fc\u00edstic a cada centre. Les signatures estaran destinades a pressionar el Govern de la Generalitat perqu\u00e8 adopti mesures per garantir els punts del manifest.\u00a0<\/p>\n<p>Signatures dels premis \u00d2mnium<\/p>\n<p>Enguany els autors guardonats amb els premis literaris de l\u2019entitat tamb\u00e9 han tingut un espai de signatures de llibres. Carles Rebassa, guanyador del premi Sant Jordi amb la novel\u00b7la Prometeu de mil maneres; Biel Mesquida, guardonat amb el Premi d\u2019Honor de les Lletres Catalanes 2026; Ant\u00f2nia Carr\u00e9-Pons, Premi \u00d2mnium a Millor Novel\u00b7la de l\u2019Any; Berta Cus\u00f3, Premi Vinyeta Fic\u00f2mic; V\u00edctor Borr\u00e0s, Premi Folch i Torres; Alejandro Palomas, Premi Joaquim Ruyra; Jaume Coll Marin\u00e9, Premi Carles Riba i Marc Artigau, Premi Merc\u00e8 Rodoreda, s\u00f3n els autors que aquest Sant Jordi han passat al llarg del dia pel Punt \u00d2mnium de la Rambla de Catalunya de Barcelona.\u00a0<\/p>\n<p>Bar\u00e7a i \u00d2mnium treuen nova samarreta per Sant Jordi<\/p>\n<p>La samarreta solid\u00e0ria impulsada per el FC Barcelona i \u00d2mnium Cultural ha sortit a la venda aquest dijous 23 d\u2019abril, dia de Sant Jordi. Tal i com van manifestar el president d\u2019\u00d2mnium Cultural, Xavier Antich, i el president inter\u00ed del FC Barcelona, Rafael Yuste, la samarreta t\u00e9 l\u2019objectiu de reivindicar la llengua catalana i els valors del catalanisme com a eines de cohesi\u00f3 i transformaci\u00f3 social. En aquest sentit, el president d\u2019\u00d2mnium ha afirmat per Sant Jordi que l\u2019alian\u00e7a entre les dues entitats recorda \u201cque la catalanitat \u00e9s un projecte de futur compartit\u201d i que \u201cpromoure el catal\u00e0 \u00e9s una cosa de tots i totes\u201d.<\/p>\n<p>Sota el lema Una llengua ens agermana, les dues entitats impulsen l\u2019alian\u00e7a per la llengua subscrita fa un any, aix\u00ed com l&#8217;adhesi\u00f3 del Club al moviment Catal\u00e0 per a tothom: a cada barri, a cada escola, a cada feina, moviment que vetlla per la universalitzaci\u00f3 de l\u2019acc\u00e9s a l&#8217;aprenentatge i l\u2019\u00fas del catal\u00e0.<\/p>\n<p>La samarreta est\u00e0 disponible a les parades de Sant Jordi i botigues de les dues entitats, i tamb\u00e9 les botigues online tant del FC Barcelona com d\u2019\u00d2mnium Cultural. Se\u2019n destinaran tots els beneficis a iniciatives per fomentar l\u2019\u00fas del catal\u00e0.<\/p>\n","protected":false},"excerpt":{"rendered":"<p>\u00d2mnium Cultural fa una crida a les institucions perqu\u00e8 el catal\u00e0 segueixi sent la llengua vehicular de totes les activitats de l\u2019escola Aquest Sant Jordi, el president d\u2019\u00d2mnium Cultural, Xavier [&hellip;]<\/p>\n","protected":false},"author":182,"featured_media":454415,"comment_status":"closed","ping_status":"open","sticky":false,"template":"","format":"standard","meta":{"_acf_changed":false,"footnotes":""},"categories":[1],"tags":[],"post_headquarter":[],"post_project":[],"class_list":["post-454414","post","type-post","status-publish","format-standard","has-post-thumbnail","hentry","category-uncategorized-ca"],"acf":[],"yoast_head":"<!-- This site is optimized with the Yoast SEO plugin v27.2 - https:\/\/yoast.com\/product\/yoast-seo-wordpress\/ -->\n<title>Antich: \u201cAquest Sant Jordi tenim un repte pel que fa a la llengua, que \u00e9s activar-nos per defensar el catal\u00e0 a l\u2019escola\u201d - \u00d2mnium Cultural<\/title>\n<meta name=\"robots\" content=\"index, follow, max-snippet:-1, max-image-preview:large, max-video-preview:-1\" \/>\n<link rel=\"canonical\" href=\"https:\/\/www.omnium.cat\/ca\/antich-aquest-sant-jordi-tenim-un-repte-pel-que-fa-a-la-llengua-que-es-activar-nos-per-defensar-el-catala-a-lescola\/\" \/>\n<meta name=\"twitter:label1\" content=\"Escrit per\" \/>\n\t<meta name=\"twitter:data1\" content=\"Aida Morales\" \/>\n\t<meta name=\"twitter:label2\" content=\"Temps estimat de lectura\" \/>\n\t<meta name=\"twitter:data2\" content=\"5 minuts\" \/>\n<script type=\"application\/ld+json\" class=\"yoast-schema-graph\">{\"@context\":\"https:\/\/schema.org\",\"@graph\":[{\"@type\":\"Article\",\"@id\":\"https:\/\/www.omnium.cat\/ca\/antich-aquest-sant-jordi-tenim-un-repte-pel-que-fa-a-la-llengua-que-es-activar-nos-per-defensar-el-catala-a-lescola\/#article\",\"isPartOf\":{\"@id\":\"https:\/\/www.omnium.cat\/ca\/antich-aquest-sant-jordi-tenim-un-repte-pel-que-fa-a-la-llengua-que-es-activar-nos-per-defensar-el-catala-a-lescola\/\"},\"author\":{\"name\":\"Aida Morales\",\"@id\":\"https:\/\/www.omnium.cat\/ca\/#\/schema\/person\/858757a3dcdf3cd6598d0db932c42b05\"},\"headline\":\"Antich: \u201cAquest Sant Jordi tenim un repte pel que fa a la llengua, que \u00e9s activar-nos per defensar el catal\u00e0 a l\u2019escola\u201d\",\"datePublished\":\"2026-04-23T10:01:58+00:00\",\"dateModified\":\"2026-04-23T10:02:03+00:00\",\"mainEntityOfPage\":{\"@id\":\"https:\/\/www.omnium.cat\/ca\/antich-aquest-sant-jordi-tenim-un-repte-pel-que-fa-a-la-llengua-que-es-activar-nos-per-defensar-el-catala-a-lescola\/\"},\"wordCount\":831,\"publisher\":{\"@id\":\"https:\/\/www.omnium.cat\/ca\/#organization\"},\"image\":{\"@id\":\"https:\/\/www.omnium.cat\/ca\/antich-aquest-sant-jordi-tenim-un-repte-pel-que-fa-a-la-llengua-que-es-activar-nos-per-defensar-el-catala-a-lescola\/#primaryimage\"},\"thumbnailUrl\":\"https:\/\/cdn.omnium.cat\/wp-content\/uploads\/2026\/04\/23120142\/photo_6003808219442121736_y.jpg\",\"articleSection\":[\"Uncategorized @oc\"],\"inLanguage\":\"ca\"},{\"@type\":\"WebPage\",\"@id\":\"https:\/\/www.omnium.cat\/ca\/antich-aquest-sant-jordi-tenim-un-repte-pel-que-fa-a-la-llengua-que-es-activar-nos-per-defensar-el-catala-a-lescola\/\",\"url\":\"https:\/\/www.omnium.cat\/ca\/antich-aquest-sant-jordi-tenim-un-repte-pel-que-fa-a-la-llengua-que-es-activar-nos-per-defensar-el-catala-a-lescola\/\",\"name\":\"Antich: \u201cAquest Sant Jordi tenim un repte pel que fa a la llengua, que \u00e9s activar-nos per defensar el catal\u00e0 a l\u2019escola\u201d - \u00d2mnium Cultural\",\"isPartOf\":{\"@id\":\"https:\/\/www.omnium.cat\/ca\/#website\"},\"primaryImageOfPage\":{\"@id\":\"https:\/\/www.omnium.cat\/ca\/antich-aquest-sant-jordi-tenim-un-repte-pel-que-fa-a-la-llengua-que-es-activar-nos-per-defensar-el-catala-a-lescola\/#primaryimage\"},\"image\":{\"@id\":\"https:\/\/www.omnium.cat\/ca\/antich-aquest-sant-jordi-tenim-un-repte-pel-que-fa-a-la-llengua-que-es-activar-nos-per-defensar-el-catala-a-lescola\/#primaryimage\"},\"thumbnailUrl\":\"https:\/\/cdn.omnium.cat\/wp-content\/uploads\/2026\/04\/23120142\/photo_6003808219442121736_y.jpg\",\"datePublished\":\"2026-04-23T10:01:58+00:00\",\"dateModified\":\"2026-04-23T10:02:03+00:00\",\"breadcrumb\":{\"@id\":\"https:\/\/www.omnium.cat\/ca\/antich-aquest-sant-jordi-tenim-un-repte-pel-que-fa-a-la-llengua-que-es-activar-nos-per-defensar-el-catala-a-lescola\/#breadcrumb\"},\"inLanguage\":\"ca\",\"potentialAction\":[{\"@type\":\"ReadAction\",\"target\":[\"https:\/\/www.omnium.cat\/ca\/antich-aquest-sant-jordi-tenim-un-repte-pel-que-fa-a-la-llengua-que-es-activar-nos-per-defensar-el-catala-a-lescola\/\"]}]},{\"@type\":\"ImageObject\",\"inLanguage\":\"ca\",\"@id\":\"https:\/\/www.omnium.cat\/ca\/antich-aquest-sant-jordi-tenim-un-repte-pel-que-fa-a-la-llengua-que-es-activar-nos-per-defensar-el-catala-a-lescola\/#primaryimage\",\"url\":\"https:\/\/cdn.omnium.cat\/wp-content\/uploads\/2026\/04\/23120142\/photo_6003808219442121736_y.jpg\",\"contentUrl\":\"https:\/\/cdn.omnium.cat\/wp-content\/uploads\/2026\/04\/23120142\/photo_6003808219442121736_y.jpg\",\"width\":1280,\"height\":856},{\"@type\":\"BreadcrumbList\",\"@id\":\"https:\/\/www.omnium.cat\/ca\/antich-aquest-sant-jordi-tenim-un-repte-pel-que-fa-a-la-llengua-que-es-activar-nos-per-defensar-el-catala-a-lescola\/#breadcrumb\",\"itemListElement\":[{\"@type\":\"ListItem\",\"position\":1,\"name\":\"Inici\",\"item\":\"https:\/\/www.omnium.cat\/ca\/\"},{\"@type\":\"ListItem\",\"position\":2,\"name\":\"Antich: \u201cAquest Sant Jordi tenim un repte pel que fa a la llengua, que \u00e9s activar-nos per defensar el catal\u00e0 a l\u2019escola\u201d\"}]},{\"@type\":\"WebSite\",\"@id\":\"https:\/\/www.omnium.cat\/ca\/#website\",\"url\":\"https:\/\/www.omnium.cat\/ca\/\",\"name\":\"\u00d2mnium Cultural\",\"description\":\"Llengua Cultura Pa\u00eds\",\"publisher\":{\"@id\":\"https:\/\/www.omnium.cat\/ca\/#organization\"},\"potentialAction\":[{\"@type\":\"SearchAction\",\"target\":{\"@type\":\"EntryPoint\",\"urlTemplate\":\"https:\/\/www.omnium.cat\/ca\/?s={search_term_string}\"},\"query-input\":{\"@type\":\"PropertyValueSpecification\",\"valueRequired\":true,\"valueName\":\"search_term_string\"}}],\"inLanguage\":\"ca\"},{\"@type\":\"Organization\",\"@id\":\"https:\/\/www.omnium.cat\/ca\/#organization\",\"name\":\"\u00d2mnium Cultural\",\"url\":\"https:\/\/www.omnium.cat\/ca\/\",\"logo\":{\"@type\":\"ImageObject\",\"inLanguage\":\"ca\",\"@id\":\"https:\/\/www.omnium.cat\/ca\/#\/schema\/logo\/image\/\",\"url\":\"https:\/\/cdn.omnium.cat\/wp-content\/uploads\/2019\/06\/01112517\/cropped-omnium_logo-1.png\",\"contentUrl\":\"https:\/\/cdn.omnium.cat\/wp-content\/uploads\/2019\/06\/01112517\/cropped-omnium_logo-1.png\",\"width\":1213,\"height\":262,\"caption\":\"\u00d2mnium Cultural\"},\"image\":{\"@id\":\"https:\/\/www.omnium.cat\/ca\/#\/schema\/logo\/image\/\"},\"sameAs\":[\"https:\/\/www.facebook.com\/omniumcultural\",\"https:\/\/x.com\/omnium\",\"https:\/\/www.instagram.com\/omniumcultural\/\",\"https:\/\/www.youtube.com\/user\/omniumcultural\"]},{\"@type\":\"Person\",\"@id\":\"https:\/\/www.omnium.cat\/ca\/#\/schema\/person\/858757a3dcdf3cd6598d0db932c42b05\",\"name\":\"Aida Morales\",\"image\":{\"@type\":\"ImageObject\",\"inLanguage\":\"ca\",\"@id\":\"https:\/\/secure.gravatar.com\/avatar\/d31eddf3eb503b2da10671c829ecb9f8b407291532ee79052b9691be16224b84?s=96&d=mm&r=g\",\"url\":\"https:\/\/secure.gravatar.com\/avatar\/d31eddf3eb503b2da10671c829ecb9f8b407291532ee79052b9691be16224b84?s=96&d=mm&r=g\",\"contentUrl\":\"https:\/\/secure.gravatar.com\/avatar\/d31eddf3eb503b2da10671c829ecb9f8b407291532ee79052b9691be16224b84?s=96&d=mm&r=g\",\"caption\":\"Aida Morales\"}}]}<\/script>\n<!-- \/ Yoast SEO plugin. -->","yoast_head_json":{"title":"Antich: \u201cAquest Sant Jordi tenim un repte pel que fa a la llengua, que \u00e9s activar-nos per defensar el catal\u00e0 a l\u2019escola\u201d - \u00d2mnium Cultural","robots":{"index":"index","follow":"follow","max-snippet":"max-snippet:-1","max-image-preview":"max-image-preview:large","max-video-preview":"max-video-preview:-1"},"canonical":"https:\/\/www.omnium.cat\/ca\/antich-aquest-sant-jordi-tenim-un-repte-pel-que-fa-a-la-llengua-que-es-activar-nos-per-defensar-el-catala-a-lescola\/","twitter_misc":{"Escrit per":"Aida Morales","Temps estimat de lectura":"5 minuts"},"schema":{"@context":"https:\/\/schema.org","@graph":[{"@type":"Article","@id":"https:\/\/www.omnium.cat\/ca\/antich-aquest-sant-jordi-tenim-un-repte-pel-que-fa-a-la-llengua-que-es-activar-nos-per-defensar-el-catala-a-lescola\/#article","isPartOf":{"@id":"https:\/\/www.omnium.cat\/ca\/antich-aquest-sant-jordi-tenim-un-repte-pel-que-fa-a-la-llengua-que-es-activar-nos-per-defensar-el-catala-a-lescola\/"},"author":{"name":"Aida Morales","@id":"https:\/\/www.omnium.cat\/ca\/#\/schema\/person\/858757a3dcdf3cd6598d0db932c42b05"},"headline":"Antich: \u201cAquest Sant Jordi tenim un repte pel que fa a la llengua, que \u00e9s activar-nos per defensar el catal\u00e0 a l\u2019escola\u201d","datePublished":"2026-04-23T10:01:58+00:00","dateModified":"2026-04-23T10:02:03+00:00","mainEntityOfPage":{"@id":"https:\/\/www.omnium.cat\/ca\/antich-aquest-sant-jordi-tenim-un-repte-pel-que-fa-a-la-llengua-que-es-activar-nos-per-defensar-el-catala-a-lescola\/"},"wordCount":831,"publisher":{"@id":"https:\/\/www.omnium.cat\/ca\/#organization"},"image":{"@id":"https:\/\/www.omnium.cat\/ca\/antich-aquest-sant-jordi-tenim-un-repte-pel-que-fa-a-la-llengua-que-es-activar-nos-per-defensar-el-catala-a-lescola\/#primaryimage"},"thumbnailUrl":"https:\/\/cdn.omnium.cat\/wp-content\/uploads\/2026\/04\/23120142\/photo_6003808219442121736_y.jpg","articleSection":["Uncategorized @oc"],"inLanguage":"ca"},{"@type":"WebPage","@id":"https:\/\/www.omnium.cat\/ca\/antich-aquest-sant-jordi-tenim-un-repte-pel-que-fa-a-la-llengua-que-es-activar-nos-per-defensar-el-catala-a-lescola\/","url":"https:\/\/www.omnium.cat\/ca\/antich-aquest-sant-jordi-tenim-un-repte-pel-que-fa-a-la-llengua-que-es-activar-nos-per-defensar-el-catala-a-lescola\/","name":"Antich: \u201cAquest Sant Jordi tenim un repte pel que fa a la llengua, que \u00e9s activar-nos per defensar el catal\u00e0 a l\u2019escola\u201d - \u00d2mnium Cultural","isPartOf":{"@id":"https:\/\/www.omnium.cat\/ca\/#website"},"primaryImageOfPage":{"@id":"https:\/\/www.omnium.cat\/ca\/antich-aquest-sant-jordi-tenim-un-repte-pel-que-fa-a-la-llengua-que-es-activar-nos-per-defensar-el-catala-a-lescola\/#primaryimage"},"image":{"@id":"https:\/\/www.omnium.cat\/ca\/antich-aquest-sant-jordi-tenim-un-repte-pel-que-fa-a-la-llengua-que-es-activar-nos-per-defensar-el-catala-a-lescola\/#primaryimage"},"thumbnailUrl":"https:\/\/cdn.omnium.cat\/wp-content\/uploads\/2026\/04\/23120142\/photo_6003808219442121736_y.jpg","datePublished":"2026-04-23T10:01:58+00:00","dateModified":"2026-04-23T10:02:03+00:00","breadcrumb":{"@id":"https:\/\/www.omnium.cat\/ca\/antich-aquest-sant-jordi-tenim-un-repte-pel-que-fa-a-la-llengua-que-es-activar-nos-per-defensar-el-catala-a-lescola\/#breadcrumb"},"inLanguage":"ca","potentialAction":[{"@type":"ReadAction","target":["https:\/\/www.omnium.cat\/ca\/antich-aquest-sant-jordi-tenim-un-repte-pel-que-fa-a-la-llengua-que-es-activar-nos-per-defensar-el-catala-a-lescola\/"]}]},{"@type":"ImageObject","inLanguage":"ca","@id":"https:\/\/www.omnium.cat\/ca\/antich-aquest-sant-jordi-tenim-un-repte-pel-que-fa-a-la-llengua-que-es-activar-nos-per-defensar-el-catala-a-lescola\/#primaryimage","url":"https:\/\/cdn.omnium.cat\/wp-content\/uploads\/2026\/04\/23120142\/photo_6003808219442121736_y.jpg","contentUrl":"https:\/\/cdn.omnium.cat\/wp-content\/uploads\/2026\/04\/23120142\/photo_6003808219442121736_y.jpg","width":1280,"height":856},{"@type":"BreadcrumbList","@id":"https:\/\/www.omnium.cat\/ca\/antich-aquest-sant-jordi-tenim-un-repte-pel-que-fa-a-la-llengua-que-es-activar-nos-per-defensar-el-catala-a-lescola\/#breadcrumb","itemListElement":[{"@type":"ListItem","position":1,"name":"Inici","item":"https:\/\/www.omnium.cat\/ca\/"},{"@type":"ListItem","position":2,"name":"Antich: \u201cAquest Sant Jordi tenim un repte pel que fa a la llengua, que \u00e9s activar-nos per defensar el catal\u00e0 a l\u2019escola\u201d"}]},{"@type":"WebSite","@id":"https:\/\/www.omnium.cat\/ca\/#website","url":"https:\/\/www.omnium.cat\/ca\/","name":"\u00d2mnium Cultural","description":"Llengua Cultura Pa\u00eds","publisher":{"@id":"https:\/\/www.omnium.cat\/ca\/#organization"},"potentialAction":[{"@type":"SearchAction","target":{"@type":"EntryPoint","urlTemplate":"https:\/\/www.omnium.cat\/ca\/?s={search_term_string}"},"query-input":{"@type":"PropertyValueSpecification","valueRequired":true,"valueName":"search_term_string"}}],"inLanguage":"ca"},{"@type":"Organization","@id":"https:\/\/www.omnium.cat\/ca\/#organization","name":"\u00d2mnium Cultural","url":"https:\/\/www.omnium.cat\/ca\/","logo":{"@type":"ImageObject","inLanguage":"ca","@id":"https:\/\/www.omnium.cat\/ca\/#\/schema\/logo\/image\/","url":"https:\/\/cdn.omnium.cat\/wp-content\/uploads\/2019\/06\/01112517\/cropped-omnium_logo-1.png","contentUrl":"https:\/\/cdn.omnium.cat\/wp-content\/uploads\/2019\/06\/01112517\/cropped-omnium_logo-1.png","width":1213,"height":262,"caption":"\u00d2mnium Cultural"},"image":{"@id":"https:\/\/www.omnium.cat\/ca\/#\/schema\/logo\/image\/"},"sameAs":["https:\/\/www.facebook.com\/omniumcultural","https:\/\/x.com\/omnium","https:\/\/www.instagram.com\/omniumcultural\/","https:\/\/www.youtube.com\/user\/omniumcultural"]},{"@type":"Person","@id":"https:\/\/www.omnium.cat\/ca\/#\/schema\/person\/858757a3dcdf3cd6598d0db932c42b05","name":"Aida Morales","image":{"@type":"ImageObject","inLanguage":"ca","@id":"https:\/\/secure.gravatar.com\/avatar\/d31eddf3eb503b2da10671c829ecb9f8b407291532ee79052b9691be16224b84?s=96&d=mm&r=g","url":"https:\/\/secure.gravatar.com\/avatar\/d31eddf3eb503b2da10671c829ecb9f8b407291532ee79052b9691be16224b84?s=96&d=mm&r=g","contentUrl":"https:\/\/secure.gravatar.com\/avatar\/d31eddf3eb503b2da10671c829ecb9f8b407291532ee79052b9691be16224b84?s=96&d=mm&r=g","caption":"Aida Morales"}}]}},"_links":{"self":[{"href":"https:\/\/www.omnium.cat\/ca\/wp-json\/wp\/v2\/posts\/454414","targetHints":{"allow":["GET"]}}],"collection":[{"href":"https:\/\/www.omnium.cat\/ca\/wp-json\/wp\/v2\/posts"}],"about":[{"href":"https:\/\/www.omnium.cat\/ca\/wp-json\/wp\/v2\/types\/post"}],"author":[{"embeddable":true,"href":"https:\/\/www.omnium.cat\/ca\/wp-json\/wp\/v2\/users\/182"}],"replies":[{"embeddable":true,"href":"https:\/\/www.omnium.cat\/ca\/wp-json\/wp\/v2\/comments?post=454414"}],"version-history":[{"count":1,"href":"https:\/\/www.omnium.cat\/ca\/wp-json\/wp\/v2\/posts\/454414\/revisions"}],"predecessor-version":[{"id":454417,"href":"https:\/\/www.omnium.cat\/ca\/wp-json\/wp\/v2\/posts\/454414\/revisions\/454417"}],"wp:featuredmedia":[{"embeddable":true,"href":"https:\/\/www.omnium.cat\/ca\/wp-json\/wp\/v2\/media\/454415"}],"wp:attachment":[{"href":"https:\/\/www.omnium.cat\/ca\/wp-json\/wp\/v2\/media?parent=454414"}],"wp:term":[{"taxonomy":"category","embeddable":true,"href":"https:\/\/www.omnium.cat\/ca\/wp-json\/wp\/v2\/categories?post=454414"},{"taxonomy":"post_tag","embeddable":true,"href":"https:\/\/www.omnium.cat\/ca\/wp-json\/wp\/v2\/tags?post=454414"},{"taxonomy":"post_headquarter","embeddable":true,"href":"https:\/\/www.omnium.cat\/ca\/wp-json\/wp\/v2\/post_headquarter?post=454414"},{"taxonomy":"post_project","embeddable":true,"href":"https:\/\/www.omnium.cat\/ca\/wp-json\/wp\/v2\/post_project?post=454414"}],"curies":[{"name":"wp","href":"https:\/\/api.w.org\/{rel}","templated":true}]}}