{"id":454429,"date":"2026-04-24T10:30:22","date_gmt":"2026-04-24T08:30:22","guid":{"rendered":"https:\/\/www.omnium.cat\/?p=454429"},"modified":"2026-04-24T10:30:29","modified_gmt":"2026-04-24T08:30:29","slug":"la-tota-veu-torna-per-sant-jordi-a-valls-com-una-celebracio-de-la-diversitat-linguistica-i-la-cohesio","status":"publish","type":"post","link":"https:\/\/www.omnium.cat\/ca\/la-tota-veu-torna-per-sant-jordi-a-valls-com-una-celebracio-de-la-diversitat-linguistica-i-la-cohesio\/","title":{"rendered":"L\u2019A tota veu torna per Sant Jordi a Valls com una celebraci\u00f3 de la diversitat ling\u00fc\u00edstica i la cohesi\u00f3\u00a0"},"content":{"rendered":"\n<p>\u00d2mnium Alt Camp ha celebrat un any m\u00e9s l\u2019acte \u201cA tota veu\u201d, una proposta cultural consolidada al voltant de la diada de Sant Jordi que posa en valor la riquesa ling\u00fc\u00edstica i cultural del territori a trav\u00e9s de la paraula i la m\u00fasica.<\/p>\n<p>L\u2019acte, que enguany s\u2019ha traslladat a l\u2019espai de Ca Xapes davant el creixement de p\u00fablic, ha reunit participants de diversos or\u00edgens que han compartit lectures en les seves lleng\u00fces maternes com l\u2019\u00e0rab, l\u2019urd\u00fa, el basc, el castell\u00e0 o l\u2019ucra\u00efn\u00e8s i les seves corresponents traduccions al catal\u00e0. Aquest format de t\u00e0ndems ling\u00fc\u00edstics ha tornat a evidenciar el paper del catal\u00e0 com a llengua de cohesi\u00f3 i punt de trobada entre cultures.<\/p>\n<p>El president d\u2019\u00d2mnium Alt Camp, Jordi Murtr\u00f3, ha destacat durant la seva intervenci\u00f3 que \u201caquest acte posa la llengua al centre, no com una frontera, sin\u00f3 com un pont entre persones, or\u00edgens i generacions\u201d. Murtr\u00f3 tamb\u00e9 ha remarcat la import\u00e0ncia del projecte Vincles, impulsat per l\u2019entitat, que facilita l\u2019aprenentatge del catal\u00e0 a trav\u00e9s de converses informals entre voluntaris i nous parlants.<\/p>\n<p>La major part dels participants han format del projecte Vincles o del Centre de Formaci\u00f3 d\u2019Adults de Valls, que enguany tamb\u00e9 ha col\u00b7laborat activament en l\u2019esdeveniment. Els textos escollits han abastat des de relats populars i fragments literaris fins a poemes contemporanis.<\/p>\n<p>Un dels moments destacats ha estat la participaci\u00f3 de la Coral Infantil Cors Alegres, dirigida per Imma Pi\u00f1as, que ha intercalat diverses actuacions musicals al llarg de l\u2019acte, aportant dinamisme i sensibilitat art\u00edstica a la proposta.<\/p>\n<p>Com a novetat, aquesta edici\u00f3 ha incorporat mesures d\u2019accessibilitat amb servei de traducci\u00f3 en llengua de signes, gr\u00e0cies a la col\u00b7laboraci\u00f3 del Pla d\u2019Acci\u00f3 Comunit\u00e0ria de l\u2019Ajuntament de Valls, refor\u00e7ant aix\u00ed el car\u00e0cter inclusiu de l\u2019acte.<\/p>\n<p>A m\u00e9s, l\u2019\u201dA tota veu\u201d ha coincidit enguany amb l\u2019arribada de la flama del Correllengua Agermanat a la ciutat, refor\u00e7ant el missatge de promoci\u00f3 i estima per la llengua catalana arreu dels Pa\u00efsos Catalans.<\/p>\n<p>L\u2019acte s\u2019ha clos amb el lliurament de roses als assistents, en un ambient festiu i comunitari que reafirma l\u2019A tota veu com una cita imprescindible del Sant Jordi vallenc.<\/p>\n\n\n\n<div id='gallery-1' class='gallery galleryid-454429 gallery-columns-3 gallery-size-thumbnail'><figure class='gallery-item'>\n\t\t\t<div class='gallery-icon landscape'>\n\t\t\t\t<a href='https:\/\/www.omnium.cat\/ca\/la-tota-veu-torna-per-sant-jordi-a-valls-com-una-celebracio-de-la-diversitat-linguistica-i-la-cohesio\/a-tota-veu-horitz-2\/'><img decoding=\"async\" width=\"150\" height=\"150\" src=\"https:\/\/cdn.omnium.cat\/wp-content\/uploads\/2026\/04\/24102937\/a-tota-veu-horitz-1-150x150.jpeg\" class=\"attachment-thumbnail size-thumbnail\" alt=\"\" srcset=\"https:\/\/cdn.omnium.cat\/wp-content\/uploads\/2026\/04\/24102937\/a-tota-veu-horitz-1-150x150.jpeg 150w, https:\/\/cdn.omnium.cat\/wp-content\/uploads\/2026\/04\/24102937\/a-tota-veu-horitz-1-371x371.jpeg 371w, https:\/\/cdn.omnium.cat\/wp-content\/uploads\/2026\/04\/24102937\/a-tota-veu-horitz-1-300x300.jpeg 300w\" sizes=\"(max-width: 150px) 100vw, 150px\" \/><\/a>\n\t\t\t<\/div><\/figure><figure class='gallery-item'>\n\t\t\t<div class='gallery-icon landscape'>\n\t\t\t\t<a href='https:\/\/www.omnium.cat\/ca\/la-tota-veu-torna-per-sant-jordi-a-valls-com-una-celebracio-de-la-diversitat-linguistica-i-la-cohesio\/a-tota-veu-lectures\/'><img decoding=\"async\" width=\"150\" height=\"150\" src=\"https:\/\/cdn.omnium.cat\/wp-content\/uploads\/2026\/04\/24102939\/a-tota-veu-lectures-150x150.jpg\" class=\"attachment-thumbnail size-thumbnail\" alt=\"\" srcset=\"https:\/\/cdn.omnium.cat\/wp-content\/uploads\/2026\/04\/24102939\/a-tota-veu-lectures-150x150.jpg 150w, https:\/\/cdn.omnium.cat\/wp-content\/uploads\/2026\/04\/24102939\/a-tota-veu-lectures-371x371.jpg 371w, https:\/\/cdn.omnium.cat\/wp-content\/uploads\/2026\/04\/24102939\/a-tota-veu-lectures-300x300.jpg 300w\" sizes=\"(max-width: 150px) 100vw, 150px\" \/><\/a>\n\t\t\t<\/div><\/figure><figure class='gallery-item'>\n\t\t\t<div class='gallery-icon portrait'>\n\t\t\t\t<a href='https:\/\/www.omnium.cat\/ca\/la-tota-veu-torna-per-sant-jordi-a-valls-com-una-celebracio-de-la-diversitat-linguistica-i-la-cohesio\/a-tota-veu-panoramica\/'><img decoding=\"async\" width=\"150\" height=\"150\" src=\"https:\/\/cdn.omnium.cat\/wp-content\/uploads\/2026\/04\/24102943\/a-tota-veu-panoramica-150x150.jpg\" class=\"attachment-thumbnail size-thumbnail\" alt=\"\" srcset=\"https:\/\/cdn.omnium.cat\/wp-content\/uploads\/2026\/04\/24102943\/a-tota-veu-panoramica-150x150.jpg 150w, https:\/\/cdn.omnium.cat\/wp-content\/uploads\/2026\/04\/24102943\/a-tota-veu-panoramica-371x371.jpg 371w, https:\/\/cdn.omnium.cat\/wp-content\/uploads\/2026\/04\/24102943\/a-tota-veu-panoramica-300x300.jpg 300w\" sizes=\"(max-width: 150px) 100vw, 150px\" \/><\/a>\n\t\t\t<\/div><\/figure><figure class='gallery-item'>\n\t\t\t<div class='gallery-icon landscape'>\n\t\t\t\t<a href='https:\/\/www.omnium.cat\/ca\/la-tota-veu-torna-per-sant-jordi-a-valls-com-una-celebracio-de-la-diversitat-linguistica-i-la-cohesio\/a-tota-veu-grup-2\/'><img loading=\"lazy\" decoding=\"async\" width=\"150\" height=\"150\" src=\"https:\/\/cdn.omnium.cat\/wp-content\/uploads\/2026\/04\/24102945\/a-tota-veu-grup-2-150x150.jpg\" class=\"attachment-thumbnail size-thumbnail\" alt=\"\" srcset=\"https:\/\/cdn.omnium.cat\/wp-content\/uploads\/2026\/04\/24102945\/a-tota-veu-grup-2-150x150.jpg 150w, https:\/\/cdn.omnium.cat\/wp-content\/uploads\/2026\/04\/24102945\/a-tota-veu-grup-2-371x371.jpg 371w, https:\/\/cdn.omnium.cat\/wp-content\/uploads\/2026\/04\/24102945\/a-tota-veu-grup-2-300x300.jpg 300w\" sizes=\"(max-width: 150px) 100vw, 150px\" \/><\/a>\n\t\t\t<\/div><\/figure><figure class='gallery-item'>\n\t\t\t<div class='gallery-icon landscape'>\n\t\t\t\t<a href='https:\/\/www.omnium.cat\/ca\/la-tota-veu-torna-per-sant-jordi-a-valls-com-una-celebracio-de-la-diversitat-linguistica-i-la-cohesio\/a-tota-veu-jordi-murtro\/'><img loading=\"lazy\" decoding=\"async\" width=\"150\" height=\"150\" src=\"https:\/\/cdn.omnium.cat\/wp-content\/uploads\/2026\/04\/24102947\/a-tota-veu-jordi-murtro-150x150.jpeg\" class=\"attachment-thumbnail size-thumbnail\" alt=\"\" srcset=\"https:\/\/cdn.omnium.cat\/wp-content\/uploads\/2026\/04\/24102947\/a-tota-veu-jordi-murtro-150x150.jpeg 150w, https:\/\/cdn.omnium.cat\/wp-content\/uploads\/2026\/04\/24102947\/a-tota-veu-jordi-murtro-371x371.jpeg 371w, https:\/\/cdn.omnium.cat\/wp-content\/uploads\/2026\/04\/24102947\/a-tota-veu-jordi-murtro-300x300.jpeg 300w\" sizes=\"(max-width: 150px) 100vw, 150px\" \/><\/a>\n\t\t\t<\/div><\/figure><figure class='gallery-item'>\n\t\t\t<div class='gallery-icon landscape'>\n\t\t\t\t<a href='https:\/\/www.omnium.cat\/ca\/la-tota-veu-torna-per-sant-jordi-a-valls-com-una-celebracio-de-la-diversitat-linguistica-i-la-cohesio\/a-tota-veu-grup\/'><img loading=\"lazy\" decoding=\"async\" width=\"150\" height=\"150\" src=\"https:\/\/cdn.omnium.cat\/wp-content\/uploads\/2026\/04\/24102951\/a-tota-veu-grup-150x150.jpeg\" class=\"attachment-thumbnail size-thumbnail\" alt=\"\" srcset=\"https:\/\/cdn.omnium.cat\/wp-content\/uploads\/2026\/04\/24102951\/a-tota-veu-grup-150x150.jpeg 150w, https:\/\/cdn.omnium.cat\/wp-content\/uploads\/2026\/04\/24102951\/a-tota-veu-grup-371x371.jpeg 371w, https:\/\/cdn.omnium.cat\/wp-content\/uploads\/2026\/04\/24102951\/a-tota-veu-grup-300x300.jpeg 300w\" sizes=\"(max-width: 150px) 100vw, 150px\" \/><\/a>\n\t\t\t<\/div><\/figure>\n\t\t<\/div>\n\n","protected":false},"excerpt":{"rendered":"<p>\u00d2mnium Alt Camp ha celebrat un any m\u00e9s l\u2019acte \u201cA tota veu\u201d, una proposta cultural consolidada al voltant de la diada de Sant Jordi que posa en valor la riquesa [&hellip;]<\/p>\n","protected":false},"author":178,"featured_media":454430,"comment_status":"closed","ping_status":"open","sticky":false,"template":"","format":"standard","meta":{"_acf_changed":false,"footnotes":""},"categories":[1],"tags":[],"post_headquarter":[1777],"post_project":[],"class_list":["post-454429","post","type-post","status-publish","format-standard","has-post-thumbnail","hentry","category-uncategorized-ca","post_headquarter-alt-camp"],"acf":[],"yoast_head":"<!-- This site is optimized with the Yoast SEO plugin v27.2 - https:\/\/yoast.com\/product\/yoast-seo-wordpress\/ -->\n<title>L\u2019A tota veu torna per Sant Jordi a Valls com una celebraci\u00f3 de la diversitat ling\u00fc\u00edstica i la cohesi\u00f3\u00a0 - \u00d2mnium Cultural<\/title>\n<meta name=\"robots\" content=\"index, follow, max-snippet:-1, max-image-preview:large, max-video-preview:-1\" \/>\n<link rel=\"canonical\" href=\"https:\/\/www.omnium.cat\/ca\/la-tota-veu-torna-per-sant-jordi-a-valls-com-una-celebracio-de-la-diversitat-linguistica-i-la-cohesio\/\" \/>\n<meta name=\"twitter:label1\" content=\"Escrit per\" \/>\n\t<meta name=\"twitter:data1\" content=\"J\u00falia Urgell\" \/>\n\t<meta name=\"twitter:label2\" content=\"Temps estimat de lectura\" \/>\n\t<meta name=\"twitter:data2\" content=\"3 minuts\" \/>\n<script type=\"application\/ld+json\" class=\"yoast-schema-graph\">{\"@context\":\"https:\/\/schema.org\",\"@graph\":[{\"@type\":\"Article\",\"@id\":\"https:\/\/www.omnium.cat\/ca\/la-tota-veu-torna-per-sant-jordi-a-valls-com-una-celebracio-de-la-diversitat-linguistica-i-la-cohesio\/#article\",\"isPartOf\":{\"@id\":\"https:\/\/www.omnium.cat\/ca\/la-tota-veu-torna-per-sant-jordi-a-valls-com-una-celebracio-de-la-diversitat-linguistica-i-la-cohesio\/\"},\"author\":{\"name\":\"J\u00falia Urgell\",\"@id\":\"https:\/\/www.omnium.cat\/ca\/#\/schema\/person\/1b8c611ce3acfe1e0a9a6251626b9397\"},\"headline\":\"L\u2019A tota veu torna per Sant Jordi a Valls com una celebraci\u00f3 de la diversitat ling\u00fc\u00edstica i la cohesi\u00f3\u00a0\",\"datePublished\":\"2026-04-24T08:30:22+00:00\",\"dateModified\":\"2026-04-24T08:30:29+00:00\",\"mainEntityOfPage\":{\"@id\":\"https:\/\/www.omnium.cat\/ca\/la-tota-veu-torna-per-sant-jordi-a-valls-com-una-celebracio-de-la-diversitat-linguistica-i-la-cohesio\/\"},\"wordCount\":421,\"publisher\":{\"@id\":\"https:\/\/www.omnium.cat\/ca\/#organization\"},\"image\":{\"@id\":\"https:\/\/www.omnium.cat\/ca\/la-tota-veu-torna-per-sant-jordi-a-valls-com-una-celebracio-de-la-diversitat-linguistica-i-la-cohesio\/#primaryimage\"},\"thumbnailUrl\":\"https:\/\/cdn.omnium.cat\/wp-content\/uploads\/2026\/04\/24102854\/a-tota-veu-horitz.jpeg\",\"articleSection\":[\"Uncategorized @oc\"],\"inLanguage\":\"ca\"},{\"@type\":\"WebPage\",\"@id\":\"https:\/\/www.omnium.cat\/ca\/la-tota-veu-torna-per-sant-jordi-a-valls-com-una-celebracio-de-la-diversitat-linguistica-i-la-cohesio\/\",\"url\":\"https:\/\/www.omnium.cat\/ca\/la-tota-veu-torna-per-sant-jordi-a-valls-com-una-celebracio-de-la-diversitat-linguistica-i-la-cohesio\/\",\"name\":\"L\u2019A tota veu torna per Sant Jordi a Valls com una celebraci\u00f3 de la diversitat ling\u00fc\u00edstica i la cohesi\u00f3\u00a0 - \u00d2mnium Cultural\",\"isPartOf\":{\"@id\":\"https:\/\/www.omnium.cat\/ca\/#website\"},\"primaryImageOfPage\":{\"@id\":\"https:\/\/www.omnium.cat\/ca\/la-tota-veu-torna-per-sant-jordi-a-valls-com-una-celebracio-de-la-diversitat-linguistica-i-la-cohesio\/#primaryimage\"},\"image\":{\"@id\":\"https:\/\/www.omnium.cat\/ca\/la-tota-veu-torna-per-sant-jordi-a-valls-com-una-celebracio-de-la-diversitat-linguistica-i-la-cohesio\/#primaryimage\"},\"thumbnailUrl\":\"https:\/\/cdn.omnium.cat\/wp-content\/uploads\/2026\/04\/24102854\/a-tota-veu-horitz.jpeg\",\"datePublished\":\"2026-04-24T08:30:22+00:00\",\"dateModified\":\"2026-04-24T08:30:29+00:00\",\"breadcrumb\":{\"@id\":\"https:\/\/www.omnium.cat\/ca\/la-tota-veu-torna-per-sant-jordi-a-valls-com-una-celebracio-de-la-diversitat-linguistica-i-la-cohesio\/#breadcrumb\"},\"inLanguage\":\"ca\",\"potentialAction\":[{\"@type\":\"ReadAction\",\"target\":[\"https:\/\/www.omnium.cat\/ca\/la-tota-veu-torna-per-sant-jordi-a-valls-com-una-celebracio-de-la-diversitat-linguistica-i-la-cohesio\/\"]}]},{\"@type\":\"ImageObject\",\"inLanguage\":\"ca\",\"@id\":\"https:\/\/www.omnium.cat\/ca\/la-tota-veu-torna-per-sant-jordi-a-valls-com-una-celebracio-de-la-diversitat-linguistica-i-la-cohesio\/#primaryimage\",\"url\":\"https:\/\/cdn.omnium.cat\/wp-content\/uploads\/2026\/04\/24102854\/a-tota-veu-horitz.jpeg\",\"contentUrl\":\"https:\/\/cdn.omnium.cat\/wp-content\/uploads\/2026\/04\/24102854\/a-tota-veu-horitz.jpeg\",\"width\":1600,\"height\":1200},{\"@type\":\"BreadcrumbList\",\"@id\":\"https:\/\/www.omnium.cat\/ca\/la-tota-veu-torna-per-sant-jordi-a-valls-com-una-celebracio-de-la-diversitat-linguistica-i-la-cohesio\/#breadcrumb\",\"itemListElement\":[{\"@type\":\"ListItem\",\"position\":1,\"name\":\"Inici\",\"item\":\"https:\/\/www.omnium.cat\/ca\/\"},{\"@type\":\"ListItem\",\"position\":2,\"name\":\"L\u2019A tota veu torna per Sant Jordi a Valls com una celebraci\u00f3 de la diversitat ling\u00fc\u00edstica i la cohesi\u00f3\u00a0\"}]},{\"@type\":\"WebSite\",\"@id\":\"https:\/\/www.omnium.cat\/ca\/#website\",\"url\":\"https:\/\/www.omnium.cat\/ca\/\",\"name\":\"\u00d2mnium Cultural\",\"description\":\"Llengua Cultura Pa\u00eds\",\"publisher\":{\"@id\":\"https:\/\/www.omnium.cat\/ca\/#organization\"},\"potentialAction\":[{\"@type\":\"SearchAction\",\"target\":{\"@type\":\"EntryPoint\",\"urlTemplate\":\"https:\/\/www.omnium.cat\/ca\/?s={search_term_string}\"},\"query-input\":{\"@type\":\"PropertyValueSpecification\",\"valueRequired\":true,\"valueName\":\"search_term_string\"}}],\"inLanguage\":\"ca\"},{\"@type\":\"Organization\",\"@id\":\"https:\/\/www.omnium.cat\/ca\/#organization\",\"name\":\"\u00d2mnium Cultural\",\"url\":\"https:\/\/www.omnium.cat\/ca\/\",\"logo\":{\"@type\":\"ImageObject\",\"inLanguage\":\"ca\",\"@id\":\"https:\/\/www.omnium.cat\/ca\/#\/schema\/logo\/image\/\",\"url\":\"https:\/\/cdn.omnium.cat\/wp-content\/uploads\/2019\/06\/01112517\/cropped-omnium_logo-1.png\",\"contentUrl\":\"https:\/\/cdn.omnium.cat\/wp-content\/uploads\/2019\/06\/01112517\/cropped-omnium_logo-1.png\",\"width\":1213,\"height\":262,\"caption\":\"\u00d2mnium Cultural\"},\"image\":{\"@id\":\"https:\/\/www.omnium.cat\/ca\/#\/schema\/logo\/image\/\"},\"sameAs\":[\"https:\/\/www.facebook.com\/omniumcultural\",\"https:\/\/x.com\/omnium\",\"https:\/\/www.instagram.com\/omniumcultural\/\",\"https:\/\/www.youtube.com\/user\/omniumcultural\"]},{\"@type\":\"Person\",\"@id\":\"https:\/\/www.omnium.cat\/ca\/#\/schema\/person\/1b8c611ce3acfe1e0a9a6251626b9397\",\"name\":\"J\u00falia Urgell\",\"image\":{\"@type\":\"ImageObject\",\"inLanguage\":\"ca\",\"@id\":\"https:\/\/secure.gravatar.com\/avatar\/1dadc661bc944aefeda22eafdb7ff111268f3ff21efcaaff4cb0263f128d33c2?s=96&d=mm&r=g\",\"url\":\"https:\/\/secure.gravatar.com\/avatar\/1dadc661bc944aefeda22eafdb7ff111268f3ff21efcaaff4cb0263f128d33c2?s=96&d=mm&r=g\",\"contentUrl\":\"https:\/\/secure.gravatar.com\/avatar\/1dadc661bc944aefeda22eafdb7ff111268f3ff21efcaaff4cb0263f128d33c2?s=96&d=mm&r=g\",\"caption\":\"J\u00falia Urgell\"}}]}<\/script>\n<!-- \/ Yoast SEO plugin. -->","yoast_head_json":{"title":"L\u2019A tota veu torna per Sant Jordi a Valls com una celebraci\u00f3 de la diversitat ling\u00fc\u00edstica i la cohesi\u00f3\u00a0 - \u00d2mnium Cultural","robots":{"index":"index","follow":"follow","max-snippet":"max-snippet:-1","max-image-preview":"max-image-preview:large","max-video-preview":"max-video-preview:-1"},"canonical":"https:\/\/www.omnium.cat\/ca\/la-tota-veu-torna-per-sant-jordi-a-valls-com-una-celebracio-de-la-diversitat-linguistica-i-la-cohesio\/","twitter_misc":{"Escrit per":"J\u00falia Urgell","Temps estimat de lectura":"3 minuts"},"schema":{"@context":"https:\/\/schema.org","@graph":[{"@type":"Article","@id":"https:\/\/www.omnium.cat\/ca\/la-tota-veu-torna-per-sant-jordi-a-valls-com-una-celebracio-de-la-diversitat-linguistica-i-la-cohesio\/#article","isPartOf":{"@id":"https:\/\/www.omnium.cat\/ca\/la-tota-veu-torna-per-sant-jordi-a-valls-com-una-celebracio-de-la-diversitat-linguistica-i-la-cohesio\/"},"author":{"name":"J\u00falia Urgell","@id":"https:\/\/www.omnium.cat\/ca\/#\/schema\/person\/1b8c611ce3acfe1e0a9a6251626b9397"},"headline":"L\u2019A tota veu torna per Sant Jordi a Valls com una celebraci\u00f3 de la diversitat ling\u00fc\u00edstica i la cohesi\u00f3\u00a0","datePublished":"2026-04-24T08:30:22+00:00","dateModified":"2026-04-24T08:30:29+00:00","mainEntityOfPage":{"@id":"https:\/\/www.omnium.cat\/ca\/la-tota-veu-torna-per-sant-jordi-a-valls-com-una-celebracio-de-la-diversitat-linguistica-i-la-cohesio\/"},"wordCount":421,"publisher":{"@id":"https:\/\/www.omnium.cat\/ca\/#organization"},"image":{"@id":"https:\/\/www.omnium.cat\/ca\/la-tota-veu-torna-per-sant-jordi-a-valls-com-una-celebracio-de-la-diversitat-linguistica-i-la-cohesio\/#primaryimage"},"thumbnailUrl":"https:\/\/cdn.omnium.cat\/wp-content\/uploads\/2026\/04\/24102854\/a-tota-veu-horitz.jpeg","articleSection":["Uncategorized @oc"],"inLanguage":"ca"},{"@type":"WebPage","@id":"https:\/\/www.omnium.cat\/ca\/la-tota-veu-torna-per-sant-jordi-a-valls-com-una-celebracio-de-la-diversitat-linguistica-i-la-cohesio\/","url":"https:\/\/www.omnium.cat\/ca\/la-tota-veu-torna-per-sant-jordi-a-valls-com-una-celebracio-de-la-diversitat-linguistica-i-la-cohesio\/","name":"L\u2019A tota veu torna per Sant Jordi a Valls com una celebraci\u00f3 de la diversitat ling\u00fc\u00edstica i la cohesi\u00f3\u00a0 - \u00d2mnium Cultural","isPartOf":{"@id":"https:\/\/www.omnium.cat\/ca\/#website"},"primaryImageOfPage":{"@id":"https:\/\/www.omnium.cat\/ca\/la-tota-veu-torna-per-sant-jordi-a-valls-com-una-celebracio-de-la-diversitat-linguistica-i-la-cohesio\/#primaryimage"},"image":{"@id":"https:\/\/www.omnium.cat\/ca\/la-tota-veu-torna-per-sant-jordi-a-valls-com-una-celebracio-de-la-diversitat-linguistica-i-la-cohesio\/#primaryimage"},"thumbnailUrl":"https:\/\/cdn.omnium.cat\/wp-content\/uploads\/2026\/04\/24102854\/a-tota-veu-horitz.jpeg","datePublished":"2026-04-24T08:30:22+00:00","dateModified":"2026-04-24T08:30:29+00:00","breadcrumb":{"@id":"https:\/\/www.omnium.cat\/ca\/la-tota-veu-torna-per-sant-jordi-a-valls-com-una-celebracio-de-la-diversitat-linguistica-i-la-cohesio\/#breadcrumb"},"inLanguage":"ca","potentialAction":[{"@type":"ReadAction","target":["https:\/\/www.omnium.cat\/ca\/la-tota-veu-torna-per-sant-jordi-a-valls-com-una-celebracio-de-la-diversitat-linguistica-i-la-cohesio\/"]}]},{"@type":"ImageObject","inLanguage":"ca","@id":"https:\/\/www.omnium.cat\/ca\/la-tota-veu-torna-per-sant-jordi-a-valls-com-una-celebracio-de-la-diversitat-linguistica-i-la-cohesio\/#primaryimage","url":"https:\/\/cdn.omnium.cat\/wp-content\/uploads\/2026\/04\/24102854\/a-tota-veu-horitz.jpeg","contentUrl":"https:\/\/cdn.omnium.cat\/wp-content\/uploads\/2026\/04\/24102854\/a-tota-veu-horitz.jpeg","width":1600,"height":1200},{"@type":"BreadcrumbList","@id":"https:\/\/www.omnium.cat\/ca\/la-tota-veu-torna-per-sant-jordi-a-valls-com-una-celebracio-de-la-diversitat-linguistica-i-la-cohesio\/#breadcrumb","itemListElement":[{"@type":"ListItem","position":1,"name":"Inici","item":"https:\/\/www.omnium.cat\/ca\/"},{"@type":"ListItem","position":2,"name":"L\u2019A tota veu torna per Sant Jordi a Valls com una celebraci\u00f3 de la diversitat ling\u00fc\u00edstica i la cohesi\u00f3\u00a0"}]},{"@type":"WebSite","@id":"https:\/\/www.omnium.cat\/ca\/#website","url":"https:\/\/www.omnium.cat\/ca\/","name":"\u00d2mnium Cultural","description":"Llengua Cultura Pa\u00eds","publisher":{"@id":"https:\/\/www.omnium.cat\/ca\/#organization"},"potentialAction":[{"@type":"SearchAction","target":{"@type":"EntryPoint","urlTemplate":"https:\/\/www.omnium.cat\/ca\/?s={search_term_string}"},"query-input":{"@type":"PropertyValueSpecification","valueRequired":true,"valueName":"search_term_string"}}],"inLanguage":"ca"},{"@type":"Organization","@id":"https:\/\/www.omnium.cat\/ca\/#organization","name":"\u00d2mnium Cultural","url":"https:\/\/www.omnium.cat\/ca\/","logo":{"@type":"ImageObject","inLanguage":"ca","@id":"https:\/\/www.omnium.cat\/ca\/#\/schema\/logo\/image\/","url":"https:\/\/cdn.omnium.cat\/wp-content\/uploads\/2019\/06\/01112517\/cropped-omnium_logo-1.png","contentUrl":"https:\/\/cdn.omnium.cat\/wp-content\/uploads\/2019\/06\/01112517\/cropped-omnium_logo-1.png","width":1213,"height":262,"caption":"\u00d2mnium Cultural"},"image":{"@id":"https:\/\/www.omnium.cat\/ca\/#\/schema\/logo\/image\/"},"sameAs":["https:\/\/www.facebook.com\/omniumcultural","https:\/\/x.com\/omnium","https:\/\/www.instagram.com\/omniumcultural\/","https:\/\/www.youtube.com\/user\/omniumcultural"]},{"@type":"Person","@id":"https:\/\/www.omnium.cat\/ca\/#\/schema\/person\/1b8c611ce3acfe1e0a9a6251626b9397","name":"J\u00falia Urgell","image":{"@type":"ImageObject","inLanguage":"ca","@id":"https:\/\/secure.gravatar.com\/avatar\/1dadc661bc944aefeda22eafdb7ff111268f3ff21efcaaff4cb0263f128d33c2?s=96&d=mm&r=g","url":"https:\/\/secure.gravatar.com\/avatar\/1dadc661bc944aefeda22eafdb7ff111268f3ff21efcaaff4cb0263f128d33c2?s=96&d=mm&r=g","contentUrl":"https:\/\/secure.gravatar.com\/avatar\/1dadc661bc944aefeda22eafdb7ff111268f3ff21efcaaff4cb0263f128d33c2?s=96&d=mm&r=g","caption":"J\u00falia Urgell"}}]}},"_links":{"self":[{"href":"https:\/\/www.omnium.cat\/ca\/wp-json\/wp\/v2\/posts\/454429","targetHints":{"allow":["GET"]}}],"collection":[{"href":"https:\/\/www.omnium.cat\/ca\/wp-json\/wp\/v2\/posts"}],"about":[{"href":"https:\/\/www.omnium.cat\/ca\/wp-json\/wp\/v2\/types\/post"}],"author":[{"embeddable":true,"href":"https:\/\/www.omnium.cat\/ca\/wp-json\/wp\/v2\/users\/178"}],"replies":[{"embeddable":true,"href":"https:\/\/www.omnium.cat\/ca\/wp-json\/wp\/v2\/comments?post=454429"}],"version-history":[{"count":1,"href":"https:\/\/www.omnium.cat\/ca\/wp-json\/wp\/v2\/posts\/454429\/revisions"}],"predecessor-version":[{"id":454444,"href":"https:\/\/www.omnium.cat\/ca\/wp-json\/wp\/v2\/posts\/454429\/revisions\/454444"}],"wp:featuredmedia":[{"embeddable":true,"href":"https:\/\/www.omnium.cat\/ca\/wp-json\/wp\/v2\/media\/454430"}],"wp:attachment":[{"href":"https:\/\/www.omnium.cat\/ca\/wp-json\/wp\/v2\/media?parent=454429"}],"wp:term":[{"taxonomy":"category","embeddable":true,"href":"https:\/\/www.omnium.cat\/ca\/wp-json\/wp\/v2\/categories?post=454429"},{"taxonomy":"post_tag","embeddable":true,"href":"https:\/\/www.omnium.cat\/ca\/wp-json\/wp\/v2\/tags?post=454429"},{"taxonomy":"post_headquarter","embeddable":true,"href":"https:\/\/www.omnium.cat\/ca\/wp-json\/wp\/v2\/post_headquarter?post=454429"},{"taxonomy":"post_project","embeddable":true,"href":"https:\/\/www.omnium.cat\/ca\/wp-json\/wp\/v2\/post_project?post=454429"}],"curies":[{"name":"wp","href":"https:\/\/api.w.org\/{rel}","templated":true}]}}