{"id":56217,"date":"2018-06-27T21:28:33","date_gmt":"2018-06-27T19:28:33","guid":{"rendered":"https:\/\/web.omnium.cat\/?p=56217"},"modified":"2018-06-27T21:29:00","modified_gmt":"2018-06-27T19:29:00","slug":"marcel-mauri-de-los-rios-lunica-alternativa-que-ha-sabut-donar-lestat-espanyol-es-la-fractura","status":"publish","type":"post","link":"https:\/\/www.omnium.cat\/ca\/marcel-mauri-de-los-rios-lunica-alternativa-que-ha-sabut-donar-lestat-espanyol-es-la-fractura\/","title":{"rendered":"Marcel Mauri de los R\u00edos: \u201cL\u2019\u00fanica alternativa que ha sabut donar l\u2019Estat espanyol \u00e9s la fractura\u201d"},"content":{"rendered":"<p>Barcelona, 27 de juny de 2018 &#8211; El vicepresident d\u2019\u00d2mnium Cultural, Marcel Mauri de los R\u00edos, ha assegurat des de Sant Boi de Llobregat que <strong>\u201cl\u2019\u00fanica alternativa que ha sabut donar l\u2019Estat espanyol [al conflicte pol\u00edtic amb Catalunya] \u00e9s la fractura\u201d<\/strong> i ha recordat les paraules de l\u2019expresident del govern espanyol Jos\u00e9 Maria Aznar que abans es trencar\u00e0 Catalunya que la unitat d\u2019Espanya. En aquest sentit, Mauri de los R\u00edos s\u2019ha mostrat conven\u00e7ut que <strong>\u201cno \u00e9s casualitat que amb el 155 la persecuci\u00f3 de periodistes i docents hagi estat una obsessi\u00f3 de l\u2019Estat\u201d<\/strong> i ha mostrat total suport a aquest col\u00b7lectius i a tots aquells que pateixen la repressi\u00f3: <strong>\u201cm\u00e0xima solidaritat i protecci\u00f3 als nostres mestres que fomenten l\u2019esperit cr\u00edtic\u201d<\/strong>. <strong>\u201cLa repressi\u00f3 que fa mal de veritat \u00e9s la que es pateix de forma invisible\u201d<\/strong>, ha dit Mauri de los R\u00edos, i ha instat a fer pinya per\u00b4tal que <strong>\u201ctotes les v\u00edctimes de la repressi\u00f3 se sentin acompanyades\u201d<\/strong>.<\/p>\n<p>Mauri de los R\u00edos ha fet aquestes reflexions en el marc del debat \u2018Estan en perill drets com la llibertat d\u2019expressi\u00f3?\u2019 celebrat aquest dimecres a la pla\u00e7a Catalunya de Sant Boi de Llobregat. Al debat, en el marc de la campanya \u2018Dem\u00e0 pots ser tu\u2019, tamb\u00e9 hi ha participat Jaume Roures, de Mediapro; Karlos Castilla, de l\u2019Institut de Drets Humans de Catalunya; \u00c0ngels Mart\u00ednez Castells, economista i activista; Elgio, raper condemnat a dos anys i un dia de pres\u00f3 per les lletres de les seves can\u00e7ons; i Albert Dom\u00e8nech, professor de l\u2019IES El Palau de Sant Andreu de la Barca.<\/p>\n<p>El president d\u2019\u00d2mnium Cultural, Jordi Cuixart, empresonat sense judici a la pres\u00f3 de Soto del Real des del 16 d\u2019octubre, ha assegurat que <strong>\u201cataquen els mestres i el model d\u2019escola catalana perqu\u00e8 demostra l\u2019\u00e8xit col\u00b7lectiu d\u2019educar en llibertat\u201d<\/strong>. En una carta llegida per Marcel Mauri de los R\u00edos, Cuixart ha tornat a denunciar que <strong>\u201ctots podem ser v\u00edctimes de la repressi\u00f3\u201d<\/strong>: <strong>\u201cens volen callats i reprimits perqu\u00e8 estan plens de por\u201d<\/strong>.<\/p>\n<p><strong>Un debat amb Jaume Roures, Elgio, i mestres de l&#8217;IES Palau, entre d&#8217;altres<\/strong><\/p>\n<p>De Jordi Cuixart tamb\u00e9 n\u2019ha parlat Jaume Roures, de Mediapro, qui ha assegurat que el 20 de setembre, a la concentraci\u00f3 davant la conselleria d\u2019Economia, <strong>\u201csi no hi va haver problemes va ser precisament per l\u2019actitud de Cuixart i S\u00e0nchez\u201d<\/strong> i ha lamentat que la just\u00edcia hagi tergiversat el relat. Precisament dem\u00e0 Mediapro estrena a TV3 el documental \u201820-S\u2019. <strong>\u201cLas cloacas de interior relatava com l\u2019Estat creava estructures paral\u00b7leles d\u2019amagat\u201d<\/strong>, ha diu Roures en refer\u00e8ncia a l\u2019anterior documental de Mediapro, <strong>\u201cabans feien llista i atacaven per sota; ara fan la llista i ataquen directament\u201d<\/strong>.<\/p>\n<p>El raper sabadellenc Elgio s\u2019ha mostrat conven\u00e7ut que la pena de pres\u00f3 que pesa sobre ell -2 any i un dia-<strong> \u201crespon a l\u2019objectiu de silenciar un poble\u201d<\/strong> i ha demanat no autocensurar-se: <strong>\u201cen el moment que deixem de dir les coses que ells no volen estarem perdent la batalla\u201d<\/strong>. \u00a0Albert Dom\u00e8nech, mestre de l\u2019IES El Palau de Sant Andreu de la Barca, ha sortit en defensa dels seus companys acusats d\u2019un delicte d\u2019odi i ha dit que <strong>\u201c\u00e9s impossible acusar-nos d\u2019adoctrinament\u201d<\/strong> i ha lamentat que alguns professors de l\u2019institut l\u2019any que ve no seran al centre \u201cper culpa de les pressions\u201d. Al seu torn, Karlos Castilla, de l\u2019Institut de Drets Humans, una altra de les entitats que impulsen la campanya, ha fet una crida a defensar els drets i les llibertats amb totes les forces perqu\u00e8 <strong>\u201cquan fas un pas enrere en drets humans, despr\u00e9s \u00e9s molt dif\u00edcil de recuperar\u201d<\/strong>.<\/p>\n<p>L\u2019activista Tamara Carrasco tamb\u00e9 ha estat present a l\u2019acte per\u00f2 nom\u00e9s de veu. Carrasco, ve\u00efna del Baix Llobregat, no ha pogut ser present a Sant Boi de Llobregat ja que no pot sortir de la seva poblaci\u00f3, Viladecans, per les mesures cautelars imposades pel jutge de l\u2019Audi\u00e8ncia Nacional. \u00a0Es tracta de dues poblacions separades per menys de 8 quil\u00f2metres de dist\u00e0ncia.<\/p>\n<p>La campanya \u2018Dem\u00e0 Pots Ser Tu\u2019 \u00e9s una iniciativa en defensa dels drets fonamentals i civils conjunta de cinc entitats plurals i diverses: \u00d2mnium Cultural, l\u2019Institut de Drets Humans, l\u2019Associaci\u00f3 Ir\u00eddia &#8211; Centre per la Defensa dels Drets Humans, NOVACT &#8211; Institut Internacional per l\u2019Acci\u00f3 Noviolenta i la Fundaci\u00f3 per la Pau. L\u2019objectiu de \u2018Dem\u00e0 pots ser tu\u2019 \u00e9s denunciar que el govern espanyol viola sistem\u00e0ticament els drets i les llibertats b\u00e0siques en democr\u00e0cia.<\/p>\n","protected":false},"excerpt":{"rendered":"<p>Barcelona, 27 de juny de 2018 &#8211; El vicepresident d\u2019\u00d2mnium Cultural, Marcel Mauri de los R\u00edos, ha assegurat des de Sant Boi de Llobregat que \u201cl\u2019\u00fanica alternativa que ha sabut [&hellip;]<\/p>\n","protected":false},"author":112,"featured_media":56218,"comment_status":"closed","ping_status":"open","sticky":false,"template":"","format":"standard","meta":{"_acf_changed":false,"footnotes":""},"categories":[1],"tags":[],"post_headquarter":[1748],"post_project":[3118],"class_list":["post-56217","post","type-post","status-publish","format-standard","has-post-thumbnail","hentry","category-uncategorized-ca","post_headquarter-baix-llobregat","post_project-dema-pots-ser-tu"],"acf":[],"yoast_head":"<!-- This site is optimized with the Yoast SEO plugin v27.2 - https:\/\/yoast.com\/product\/yoast-seo-wordpress\/ -->\n<title>Marcel Mauri de los R\u00edos: \u201cL\u2019\u00fanica alternativa que ha sabut donar l\u2019Estat espanyol \u00e9s la fractura\u201d - \u00d2mnium Cultural<\/title>\n<meta name=\"robots\" content=\"index, follow, max-snippet:-1, max-image-preview:large, max-video-preview:-1\" \/>\n<link rel=\"canonical\" href=\"https:\/\/www.omnium.cat\/ca\/marcel-mauri-de-los-rios-lunica-alternativa-que-ha-sabut-donar-lestat-espanyol-es-la-fractura\/\" \/>\n<meta name=\"twitter:label1\" content=\"Escrit per\" \/>\n\t<meta name=\"twitter:data1\" content=\"Gemma Balsera\" \/>\n\t<meta name=\"twitter:label2\" content=\"Temps estimat de lectura\" \/>\n\t<meta name=\"twitter:data2\" content=\"4 minuts\" \/>\n<script type=\"application\/ld+json\" class=\"yoast-schema-graph\">{\"@context\":\"https:\/\/schema.org\",\"@graph\":[{\"@type\":\"Article\",\"@id\":\"https:\/\/www.omnium.cat\/ca\/marcel-mauri-de-los-rios-lunica-alternativa-que-ha-sabut-donar-lestat-espanyol-es-la-fractura\/#article\",\"isPartOf\":{\"@id\":\"https:\/\/www.omnium.cat\/ca\/marcel-mauri-de-los-rios-lunica-alternativa-que-ha-sabut-donar-lestat-espanyol-es-la-fractura\/\"},\"author\":{\"name\":\"Gemma Balsera\",\"@id\":\"https:\/\/www.omnium.cat\/ca\/#\/schema\/person\/83e4af0ffaa4831cc9f0ccb490dfca74\"},\"headline\":\"Marcel Mauri de los R\u00edos: \u201cL\u2019\u00fanica alternativa que ha sabut donar l\u2019Estat espanyol \u00e9s la fractura\u201d\",\"datePublished\":\"2018-06-27T19:28:33+00:00\",\"dateModified\":\"2018-06-27T19:29:00+00:00\",\"mainEntityOfPage\":{\"@id\":\"https:\/\/www.omnium.cat\/ca\/marcel-mauri-de-los-rios-lunica-alternativa-que-ha-sabut-donar-lestat-espanyol-es-la-fractura\/\"},\"wordCount\":810,\"publisher\":{\"@id\":\"https:\/\/www.omnium.cat\/ca\/#organization\"},\"image\":{\"@id\":\"https:\/\/www.omnium.cat\/ca\/marcel-mauri-de-los-rios-lunica-alternativa-que-ha-sabut-donar-lestat-espanyol-es-la-fractura\/#primaryimage\"},\"thumbnailUrl\":\"https:\/\/cdn.omnium.cat\/wp-content\/uploads\/2018\/06\/01041316\/Dem%C3%A0-Pots-Ser-Tu-Sant-Boi-27-de-juny.jpg\",\"articleSection\":[\"Uncategorized @oc\"],\"inLanguage\":\"ca\"},{\"@type\":\"WebPage\",\"@id\":\"https:\/\/www.omnium.cat\/ca\/marcel-mauri-de-los-rios-lunica-alternativa-que-ha-sabut-donar-lestat-espanyol-es-la-fractura\/\",\"url\":\"https:\/\/www.omnium.cat\/ca\/marcel-mauri-de-los-rios-lunica-alternativa-que-ha-sabut-donar-lestat-espanyol-es-la-fractura\/\",\"name\":\"Marcel Mauri de los R\u00edos: \u201cL\u2019\u00fanica alternativa que ha sabut donar l\u2019Estat espanyol \u00e9s la fractura\u201d - \u00d2mnium Cultural\",\"isPartOf\":{\"@id\":\"https:\/\/www.omnium.cat\/ca\/#website\"},\"primaryImageOfPage\":{\"@id\":\"https:\/\/www.omnium.cat\/ca\/marcel-mauri-de-los-rios-lunica-alternativa-que-ha-sabut-donar-lestat-espanyol-es-la-fractura\/#primaryimage\"},\"image\":{\"@id\":\"https:\/\/www.omnium.cat\/ca\/marcel-mauri-de-los-rios-lunica-alternativa-que-ha-sabut-donar-lestat-espanyol-es-la-fractura\/#primaryimage\"},\"thumbnailUrl\":\"https:\/\/cdn.omnium.cat\/wp-content\/uploads\/2018\/06\/01041316\/Dem%C3%A0-Pots-Ser-Tu-Sant-Boi-27-de-juny.jpg\",\"datePublished\":\"2018-06-27T19:28:33+00:00\",\"dateModified\":\"2018-06-27T19:29:00+00:00\",\"breadcrumb\":{\"@id\":\"https:\/\/www.omnium.cat\/ca\/marcel-mauri-de-los-rios-lunica-alternativa-que-ha-sabut-donar-lestat-espanyol-es-la-fractura\/#breadcrumb\"},\"inLanguage\":\"ca\",\"potentialAction\":[{\"@type\":\"ReadAction\",\"target\":[\"https:\/\/www.omnium.cat\/ca\/marcel-mauri-de-los-rios-lunica-alternativa-que-ha-sabut-donar-lestat-espanyol-es-la-fractura\/\"]}]},{\"@type\":\"ImageObject\",\"inLanguage\":\"ca\",\"@id\":\"https:\/\/www.omnium.cat\/ca\/marcel-mauri-de-los-rios-lunica-alternativa-que-ha-sabut-donar-lestat-espanyol-es-la-fractura\/#primaryimage\",\"url\":\"https:\/\/cdn.omnium.cat\/wp-content\/uploads\/2018\/06\/01041316\/Dem%C3%A0-Pots-Ser-Tu-Sant-Boi-27-de-juny.jpg\",\"contentUrl\":\"https:\/\/cdn.omnium.cat\/wp-content\/uploads\/2018\/06\/01041316\/Dem%C3%A0-Pots-Ser-Tu-Sant-Boi-27-de-juny.jpg\",\"width\":1280,\"height\":960},{\"@type\":\"BreadcrumbList\",\"@id\":\"https:\/\/www.omnium.cat\/ca\/marcel-mauri-de-los-rios-lunica-alternativa-que-ha-sabut-donar-lestat-espanyol-es-la-fractura\/#breadcrumb\",\"itemListElement\":[{\"@type\":\"ListItem\",\"position\":1,\"name\":\"Inici\",\"item\":\"https:\/\/www.omnium.cat\/ca\/\"},{\"@type\":\"ListItem\",\"position\":2,\"name\":\"Marcel Mauri de los R\u00edos: \u201cL\u2019\u00fanica alternativa que ha sabut donar l\u2019Estat espanyol \u00e9s la fractura\u201d\"}]},{\"@type\":\"WebSite\",\"@id\":\"https:\/\/www.omnium.cat\/ca\/#website\",\"url\":\"https:\/\/www.omnium.cat\/ca\/\",\"name\":\"\u00d2mnium Cultural\",\"description\":\"Llengua Cultura Pa\u00eds\",\"publisher\":{\"@id\":\"https:\/\/www.omnium.cat\/ca\/#organization\"},\"potentialAction\":[{\"@type\":\"SearchAction\",\"target\":{\"@type\":\"EntryPoint\",\"urlTemplate\":\"https:\/\/www.omnium.cat\/ca\/?s={search_term_string}\"},\"query-input\":{\"@type\":\"PropertyValueSpecification\",\"valueRequired\":true,\"valueName\":\"search_term_string\"}}],\"inLanguage\":\"ca\"},{\"@type\":\"Organization\",\"@id\":\"https:\/\/www.omnium.cat\/ca\/#organization\",\"name\":\"\u00d2mnium Cultural\",\"url\":\"https:\/\/www.omnium.cat\/ca\/\",\"logo\":{\"@type\":\"ImageObject\",\"inLanguage\":\"ca\",\"@id\":\"https:\/\/www.omnium.cat\/ca\/#\/schema\/logo\/image\/\",\"url\":\"https:\/\/cdn.omnium.cat\/wp-content\/uploads\/2019\/06\/01112517\/cropped-omnium_logo-1.png\",\"contentUrl\":\"https:\/\/cdn.omnium.cat\/wp-content\/uploads\/2019\/06\/01112517\/cropped-omnium_logo-1.png\",\"width\":1213,\"height\":262,\"caption\":\"\u00d2mnium Cultural\"},\"image\":{\"@id\":\"https:\/\/www.omnium.cat\/ca\/#\/schema\/logo\/image\/\"},\"sameAs\":[\"https:\/\/www.facebook.com\/omniumcultural\",\"https:\/\/x.com\/omnium\",\"https:\/\/www.instagram.com\/omniumcultural\/\",\"https:\/\/www.youtube.com\/user\/omniumcultural\"]},{\"@type\":\"Person\",\"@id\":\"https:\/\/www.omnium.cat\/ca\/#\/schema\/person\/83e4af0ffaa4831cc9f0ccb490dfca74\",\"name\":\"Gemma Balsera\",\"image\":{\"@type\":\"ImageObject\",\"inLanguage\":\"ca\",\"@id\":\"https:\/\/secure.gravatar.com\/avatar\/83283f4f3b1ae94262fc6591aa97559e13a55e9da0a21e00b3d108fe74ea1199?s=96&d=mm&r=g\",\"url\":\"https:\/\/secure.gravatar.com\/avatar\/83283f4f3b1ae94262fc6591aa97559e13a55e9da0a21e00b3d108fe74ea1199?s=96&d=mm&r=g\",\"contentUrl\":\"https:\/\/secure.gravatar.com\/avatar\/83283f4f3b1ae94262fc6591aa97559e13a55e9da0a21e00b3d108fe74ea1199?s=96&d=mm&r=g\",\"caption\":\"Gemma Balsera\"}}]}<\/script>\n<!-- \/ Yoast SEO plugin. -->","yoast_head_json":{"title":"Marcel Mauri de los R\u00edos: \u201cL\u2019\u00fanica alternativa que ha sabut donar l\u2019Estat espanyol \u00e9s la fractura\u201d - \u00d2mnium Cultural","robots":{"index":"index","follow":"follow","max-snippet":"max-snippet:-1","max-image-preview":"max-image-preview:large","max-video-preview":"max-video-preview:-1"},"canonical":"https:\/\/www.omnium.cat\/ca\/marcel-mauri-de-los-rios-lunica-alternativa-que-ha-sabut-donar-lestat-espanyol-es-la-fractura\/","twitter_misc":{"Escrit per":"Gemma Balsera","Temps estimat de lectura":"4 minuts"},"schema":{"@context":"https:\/\/schema.org","@graph":[{"@type":"Article","@id":"https:\/\/www.omnium.cat\/ca\/marcel-mauri-de-los-rios-lunica-alternativa-que-ha-sabut-donar-lestat-espanyol-es-la-fractura\/#article","isPartOf":{"@id":"https:\/\/www.omnium.cat\/ca\/marcel-mauri-de-los-rios-lunica-alternativa-que-ha-sabut-donar-lestat-espanyol-es-la-fractura\/"},"author":{"name":"Gemma Balsera","@id":"https:\/\/www.omnium.cat\/ca\/#\/schema\/person\/83e4af0ffaa4831cc9f0ccb490dfca74"},"headline":"Marcel Mauri de los R\u00edos: \u201cL\u2019\u00fanica alternativa que ha sabut donar l\u2019Estat espanyol \u00e9s la fractura\u201d","datePublished":"2018-06-27T19:28:33+00:00","dateModified":"2018-06-27T19:29:00+00:00","mainEntityOfPage":{"@id":"https:\/\/www.omnium.cat\/ca\/marcel-mauri-de-los-rios-lunica-alternativa-que-ha-sabut-donar-lestat-espanyol-es-la-fractura\/"},"wordCount":810,"publisher":{"@id":"https:\/\/www.omnium.cat\/ca\/#organization"},"image":{"@id":"https:\/\/www.omnium.cat\/ca\/marcel-mauri-de-los-rios-lunica-alternativa-que-ha-sabut-donar-lestat-espanyol-es-la-fractura\/#primaryimage"},"thumbnailUrl":"https:\/\/cdn.omnium.cat\/wp-content\/uploads\/2018\/06\/01041316\/Dem%C3%A0-Pots-Ser-Tu-Sant-Boi-27-de-juny.jpg","articleSection":["Uncategorized @oc"],"inLanguage":"ca"},{"@type":"WebPage","@id":"https:\/\/www.omnium.cat\/ca\/marcel-mauri-de-los-rios-lunica-alternativa-que-ha-sabut-donar-lestat-espanyol-es-la-fractura\/","url":"https:\/\/www.omnium.cat\/ca\/marcel-mauri-de-los-rios-lunica-alternativa-que-ha-sabut-donar-lestat-espanyol-es-la-fractura\/","name":"Marcel Mauri de los R\u00edos: \u201cL\u2019\u00fanica alternativa que ha sabut donar l\u2019Estat espanyol \u00e9s la fractura\u201d - \u00d2mnium Cultural","isPartOf":{"@id":"https:\/\/www.omnium.cat\/ca\/#website"},"primaryImageOfPage":{"@id":"https:\/\/www.omnium.cat\/ca\/marcel-mauri-de-los-rios-lunica-alternativa-que-ha-sabut-donar-lestat-espanyol-es-la-fractura\/#primaryimage"},"image":{"@id":"https:\/\/www.omnium.cat\/ca\/marcel-mauri-de-los-rios-lunica-alternativa-que-ha-sabut-donar-lestat-espanyol-es-la-fractura\/#primaryimage"},"thumbnailUrl":"https:\/\/cdn.omnium.cat\/wp-content\/uploads\/2018\/06\/01041316\/Dem%C3%A0-Pots-Ser-Tu-Sant-Boi-27-de-juny.jpg","datePublished":"2018-06-27T19:28:33+00:00","dateModified":"2018-06-27T19:29:00+00:00","breadcrumb":{"@id":"https:\/\/www.omnium.cat\/ca\/marcel-mauri-de-los-rios-lunica-alternativa-que-ha-sabut-donar-lestat-espanyol-es-la-fractura\/#breadcrumb"},"inLanguage":"ca","potentialAction":[{"@type":"ReadAction","target":["https:\/\/www.omnium.cat\/ca\/marcel-mauri-de-los-rios-lunica-alternativa-que-ha-sabut-donar-lestat-espanyol-es-la-fractura\/"]}]},{"@type":"ImageObject","inLanguage":"ca","@id":"https:\/\/www.omnium.cat\/ca\/marcel-mauri-de-los-rios-lunica-alternativa-que-ha-sabut-donar-lestat-espanyol-es-la-fractura\/#primaryimage","url":"https:\/\/cdn.omnium.cat\/wp-content\/uploads\/2018\/06\/01041316\/Dem%C3%A0-Pots-Ser-Tu-Sant-Boi-27-de-juny.jpg","contentUrl":"https:\/\/cdn.omnium.cat\/wp-content\/uploads\/2018\/06\/01041316\/Dem%C3%A0-Pots-Ser-Tu-Sant-Boi-27-de-juny.jpg","width":1280,"height":960},{"@type":"BreadcrumbList","@id":"https:\/\/www.omnium.cat\/ca\/marcel-mauri-de-los-rios-lunica-alternativa-que-ha-sabut-donar-lestat-espanyol-es-la-fractura\/#breadcrumb","itemListElement":[{"@type":"ListItem","position":1,"name":"Inici","item":"https:\/\/www.omnium.cat\/ca\/"},{"@type":"ListItem","position":2,"name":"Marcel Mauri de los R\u00edos: \u201cL\u2019\u00fanica alternativa que ha sabut donar l\u2019Estat espanyol \u00e9s la fractura\u201d"}]},{"@type":"WebSite","@id":"https:\/\/www.omnium.cat\/ca\/#website","url":"https:\/\/www.omnium.cat\/ca\/","name":"\u00d2mnium Cultural","description":"Llengua Cultura Pa\u00eds","publisher":{"@id":"https:\/\/www.omnium.cat\/ca\/#organization"},"potentialAction":[{"@type":"SearchAction","target":{"@type":"EntryPoint","urlTemplate":"https:\/\/www.omnium.cat\/ca\/?s={search_term_string}"},"query-input":{"@type":"PropertyValueSpecification","valueRequired":true,"valueName":"search_term_string"}}],"inLanguage":"ca"},{"@type":"Organization","@id":"https:\/\/www.omnium.cat\/ca\/#organization","name":"\u00d2mnium Cultural","url":"https:\/\/www.omnium.cat\/ca\/","logo":{"@type":"ImageObject","inLanguage":"ca","@id":"https:\/\/www.omnium.cat\/ca\/#\/schema\/logo\/image\/","url":"https:\/\/cdn.omnium.cat\/wp-content\/uploads\/2019\/06\/01112517\/cropped-omnium_logo-1.png","contentUrl":"https:\/\/cdn.omnium.cat\/wp-content\/uploads\/2019\/06\/01112517\/cropped-omnium_logo-1.png","width":1213,"height":262,"caption":"\u00d2mnium Cultural"},"image":{"@id":"https:\/\/www.omnium.cat\/ca\/#\/schema\/logo\/image\/"},"sameAs":["https:\/\/www.facebook.com\/omniumcultural","https:\/\/x.com\/omnium","https:\/\/www.instagram.com\/omniumcultural\/","https:\/\/www.youtube.com\/user\/omniumcultural"]},{"@type":"Person","@id":"https:\/\/www.omnium.cat\/ca\/#\/schema\/person\/83e4af0ffaa4831cc9f0ccb490dfca74","name":"Gemma Balsera","image":{"@type":"ImageObject","inLanguage":"ca","@id":"https:\/\/secure.gravatar.com\/avatar\/83283f4f3b1ae94262fc6591aa97559e13a55e9da0a21e00b3d108fe74ea1199?s=96&d=mm&r=g","url":"https:\/\/secure.gravatar.com\/avatar\/83283f4f3b1ae94262fc6591aa97559e13a55e9da0a21e00b3d108fe74ea1199?s=96&d=mm&r=g","contentUrl":"https:\/\/secure.gravatar.com\/avatar\/83283f4f3b1ae94262fc6591aa97559e13a55e9da0a21e00b3d108fe74ea1199?s=96&d=mm&r=g","caption":"Gemma Balsera"}}]}},"_links":{"self":[{"href":"https:\/\/www.omnium.cat\/ca\/wp-json\/wp\/v2\/posts\/56217","targetHints":{"allow":["GET"]}}],"collection":[{"href":"https:\/\/www.omnium.cat\/ca\/wp-json\/wp\/v2\/posts"}],"about":[{"href":"https:\/\/www.omnium.cat\/ca\/wp-json\/wp\/v2\/types\/post"}],"author":[{"embeddable":true,"href":"https:\/\/www.omnium.cat\/ca\/wp-json\/wp\/v2\/users\/112"}],"replies":[{"embeddable":true,"href":"https:\/\/www.omnium.cat\/ca\/wp-json\/wp\/v2\/comments?post=56217"}],"version-history":[{"count":1,"href":"https:\/\/www.omnium.cat\/ca\/wp-json\/wp\/v2\/posts\/56217\/revisions"}],"predecessor-version":[{"id":56219,"href":"https:\/\/www.omnium.cat\/ca\/wp-json\/wp\/v2\/posts\/56217\/revisions\/56219"}],"wp:featuredmedia":[{"embeddable":true,"href":"https:\/\/www.omnium.cat\/ca\/wp-json\/wp\/v2\/media\/56218"}],"wp:attachment":[{"href":"https:\/\/www.omnium.cat\/ca\/wp-json\/wp\/v2\/media?parent=56217"}],"wp:term":[{"taxonomy":"category","embeddable":true,"href":"https:\/\/www.omnium.cat\/ca\/wp-json\/wp\/v2\/categories?post=56217"},{"taxonomy":"post_tag","embeddable":true,"href":"https:\/\/www.omnium.cat\/ca\/wp-json\/wp\/v2\/tags?post=56217"},{"taxonomy":"post_headquarter","embeddable":true,"href":"https:\/\/www.omnium.cat\/ca\/wp-json\/wp\/v2\/post_headquarter?post=56217"},{"taxonomy":"post_project","embeddable":true,"href":"https:\/\/www.omnium.cat\/ca\/wp-json\/wp\/v2\/post_project?post=56217"}],"curies":[{"name":"wp","href":"https:\/\/api.w.org\/{rel}","templated":true}]}}