{"id":8035,"date":"2014-04-25T22:48:01","date_gmt":"2014-04-25T20:48:01","guid":{"rendered":"http:\/\/omnium.whads.com\/larrelarreu-torna-a-la-biblioteques-de-badalona\/"},"modified":"2018-06-22T12:23:56","modified_gmt":"2018-06-22T10:23:56","slug":"larrelarreu-torna-a-la-biblioteques-de-badalona","status":"publish","type":"post","link":"https:\/\/www.omnium.cat\/ca\/larrelarreu-torna-a-la-biblioteques-de-badalona\/","title":{"rendered":"L&#8217;Arrelarreu torna a la biblioteques de Badalona"},"content":{"rendered":"<div class=\"omnium_formatted_content\">\n<div>\n<div>\n<div>\n\t\t\tCom cada primavera el programa d&#8217;aprenentage-servei &#8216;<strong>Arrelareu contes&#8217;<\/strong>&nbsp;arriba als centres educatius de prim&agrave;ria i les biblioteques p&uacute;bliques de la ciutat. L&rsquo;objectiu de l&rsquo;Arrelarreu Contes &eacute;s que els alumnes nouvinguts &nbsp;de secund&agrave;ria siguin capa&ccedil;os d&rsquo;explicar de manera dramatitzada i en p&uacute;blic un conte del seu pa&iacute;s d&rsquo;origen. La posada en escena a les biblioteques de Llefi&agrave; i Lloreda aix&iacute; com tamb&eacute; als centres educatius de prim&agrave;ria dels districtes 2 i 4 d&oacute;na al programa una dimensi&oacute; d&rsquo;aprenentage-servei ja que acaben exposant en el seu entorn immediat all&ograve; que han apr&egrave;s.<\/p>\n<p dir=\"ltr\">Enguany hi participen alumnes dels centres educatius Pau Casals, Ventura i Gassol i SES Badalona. Els alumnes explicaran els contes a les biblioteques de Lloreda i Llefi&agrave; &#8211; &nbsp;Xavier Soto, a m&eacute;s dels centres de prim&agrave;ria Pau Picasso, Joan Mir&oacute;, Montiagl&agrave;, Folch i Torras, Jes&uacute;s i Maria i Joan Coret.<\/p>\n<p>\t\t\t\t<strong>PROGRAMACI&Oacute; DE LES SECCIONS P&Uacute;BLIQUES A BIBLIOTEQUES<\/strong><\/p>\n<ul type=\"disc\">\n<li>\n\t\t\t\t\t<strong>Dimecres 30 d&#8217;abril, 18h<\/strong>.&nbsp;Biblioteca de Llefi&agrave; Xavier Soto a c&agrave;rrec dels alumnes del SE Badalona.<\/li>\n<li>\n\t\t\t\t\t<strong>Dimarts 20&nbsp;de maig, 18h.<\/strong>&nbsp;Biblioteca de Lloreda a c&agrave;rrec dels alumnes de l&#8217;Institut Ventura Gassol.<\/li>\n<li>\n\t\t\t\t\t<strong>Dimarts&nbsp;27&nbsp;de maig, 18h.<\/strong>&nbsp;Biblioteca de Lloreda a c&agrave;rrec dels alumnes de l&#8217;Institut Pau Casals.<\/li>\n<li>\n\t\t\t\t\t<iframe frameborder=\"0\" height=\"399\" id=\"iframe_chapter\" name=\"iframe_chapter\" scrolling=\"no\" src=\"http:\/\/tvbadalona.xiptv.cat\/embed\/147424?width=628&amp;iframe_width=650&amp;share=&amp;height=353&amp;iframe_height=399\" width=\"650\"><\/iframe><\/li>\n<\/ul>\n<p>\t\t\t(Visualitzeu a partir del minut 19)<\/p>\n<p>\t\t\t<center><br \/>\n\t\t\t\t<iframe allowfullscreen=\"\" frameborder=\"0\" height=\"315\" src=\"\/\/www.youtube.com\/embed\/21elOUGDNaw\" width=\"560\"><\/iframe><\/center><br \/>\n\t\t\t<br \/>\n\t\t\tL&#8217;objectiu del projecte &eacute;s la creaci&oacute; d&#8217;un nou espai d&#8217;aprenentatge i sensibilitzaci&oacute; intercultural a trav&eacute;s de l&#8217;oralitat i el conte com a eina d&#8217;expressi&oacute;. Oferint a la comunitat un servei cultural destinat fonamentalment a les fam&iacute;lies amb fills petits i vehiculat a trav&eacute;s de la biblioteca p&uacute;blica del barri i les biblioteques escolars, per tal de millorar l&rsquo;&uacute;s i la pres&egrave;ncia social de la llengua catalana, promovent el treball en xarxa.<\/div>\n<\/p><\/div>\n<\/div>\n<div>\n<p>Aquest programa d&rsquo;Aprenentatge Servei es va comen&ccedil;ar a implementar ja fa 7 anys en aquesta zona comptant amb la participaci&oacute; de 3 instituts, 6 centres de prim&agrave;ria i una biblioteca p&uacute;blica i ha estat valorat com un model de bones pr&agrave;ctiques pel Departament d&rsquo;Ensenyament de la Generalitat de Catalunya.<\/p>\n<p dir=\"ltr\">A banda d&rsquo;aquest projecte, &Ograve;mnium Badalona &#8211; Barcelon&egrave;s continua treballant en diferents projectes de cohesi&oacute; social. Entre aquests programes destaca el &#8216;Quedem?&#8217;, una iniciativa que des de fa 7 anys reuneix a badalonins d&#8217;or&iacute;gens diversos amb l&#8217;objectiu de descobrir la ciutat amb uns altres ulls. Per satisfer la demanda de pr&agrave;ctica de l&#8217;oralitat en llengua catalana en els darrers dos anys s&#8217;ha impulsat el &#8216;Xerrem?&#8217; arreu de la ciutat amb grups redu&iuml;ts de conversa que amb l&rsquo;ajuda d&rsquo;un voluntari d&rsquo;&Ograve;mnium es fomenta l&rsquo;aprenentatge oral de la llengua. Per &uacute;ltim setmanalment a les 5 biblioteques de la ciutat t&eacute; lloc el programa &nbsp;&#8216;En catal&agrave; llegim i parlem&#8217; que pret&eacute;n promoure el coneixement del catal&agrave; a trav&eacute;s dels llibres de lectura adaptada.<\/p>\n<p dir=\"ltr\">Aquesta aposta per la cohesi&oacute; social es considera un eix fonamental de l&#8217;entitat. Els programes es desenvolupen gr&agrave;cies a un equip d&rsquo;una vintena de voluntaris que col&middot;laboren amb els diversos projectes de manera peri&ograve;dica.<\/p>\n<div>\n\t\tDes d&#8217;&Ograve;mnium s&rsquo;ha apostat per diferents projectes que constribueixin a la vertebraci&oacute; de la ciutat a trav&eacute;s de la interacci&oacute; entre ve&iuml;ns i ve&iuml;nes, independentment de la seva proced&egrave;ncia. El president d&#8217;&Ograve;mnium Badalona &#8211; Barcelon&egrave;s Nord, Marcel Mauri, assenyala que &#8216;aquests programes tenen com a objectiu permetre que persones d&#8217;or&iacute;gens diversos es coneguin com a garantia de superaci&oacute; de prejudicis i de reconeixement de la riquesa de la diversitat&#8217;. Mauri tamb&eacute; destaca que &#8216;&eacute;s essencial que una entitat com &Ograve;mnium treballi perqu&egrave; els valors del catalanisme siguin coneguts i reconeguts per totes les comunitats culturals de Badalona&#8217; com a pas imprescindible per &#8220;construir la Badalona i la Catalunya de totes i tots&#8217;.&nbsp;<\/div>\n<p><\/p>\n<div style=\"margin: 0px 0px 0px 22px; padding: 0px; line-height: 22px;\">\n\t\t<img decoding=\"async\" alt=\"\" src=\"https:\/\/web.omnium.cat\/wp-content\/uploads\/jpeg_arrelarreu_bdn_2014_1_0.jpg\" style=\"color: rgb(34, 34, 34); font-family: Arial, Verdana, sans-serif; font-size: 12px; width: 33%; margin: 1px;\"><img decoding=\"async\" alt=\"\" src=\"https:\/\/web.omnium.cat\/wp-content\/uploads\/jpeg_arrelarreu_bdn_2014_2.jpg\" style=\"color: rgb(34, 34, 34); font-family: Arial, Verdana, sans-serif; font-size: 12px; width: 33%; margin: 1px;\"><img decoding=\"async\" alt=\"\" src=\"https:\/\/web.omnium.cat\/wp-content\/uploads\/jpeg_arrelarreu_bdn_2014_3.jpg\" style=\"color: rgb(34, 34, 34); font-family: Arial, Verdana, sans-serif; font-size: 12px; width: 33%; margin: 1px;\"><\/div>\n<\/div>\n<p>\n<\/div>\n","protected":false},"excerpt":{"rendered":"<p>El programa &#8216;Arrelareu contes&#8217; torna a les biblioteques de Llefi\u00e0 i Lloreda.<\/p>\n","protected":false},"author":62,"featured_media":8036,"comment_status":"closed","ping_status":"open","sticky":false,"template":"","format":"standard","meta":{"_acf_changed":false,"footnotes":""},"categories":[1],"tags":[280,144,287,284,281,397,398,399,22],"post_headquarter":[1746],"post_project":[1809],"class_list":["post-8035","post","type-post","status-publish","format-standard","has-post-thumbnail","hentry","category-uncategorized-ca","tag-arrelarreu","tag-badalona","tag-biblioteques","tag-cohesio","tag-contes","tag-histories","tag-llefia","tag-lloreda","tag-omnium","post_headquarter-badalona-barcelones-nord","post_project-arrelarreu-contes"],"acf":[],"yoast_head":"<!-- This site is optimized with the Yoast SEO plugin v27.2 - https:\/\/yoast.com\/product\/yoast-seo-wordpress\/ -->\n<title>L&#039;Arrelarreu torna a la biblioteques de Badalona - \u00d2mnium Cultural<\/title>\n<meta name=\"robots\" content=\"index, follow, max-snippet:-1, max-image-preview:large, max-video-preview:-1\" \/>\n<link rel=\"canonical\" href=\"https:\/\/www.omnium.cat\/ca\/larrelarreu-torna-a-la-biblioteques-de-badalona\/\" \/>\n<meta name=\"twitter:label1\" content=\"Escrit per\" \/>\n\t<meta name=\"twitter:data1\" content=\"Barcelones Nord\" \/>\n\t<meta name=\"twitter:label2\" content=\"Temps estimat de lectura\" \/>\n\t<meta name=\"twitter:data2\" content=\"4 minuts\" \/>\n<script type=\"application\/ld+json\" class=\"yoast-schema-graph\">{\"@context\":\"https:\/\/schema.org\",\"@graph\":[{\"@type\":\"Article\",\"@id\":\"https:\/\/www.omnium.cat\/ca\/larrelarreu-torna-a-la-biblioteques-de-badalona\/#article\",\"isPartOf\":{\"@id\":\"https:\/\/www.omnium.cat\/ca\/larrelarreu-torna-a-la-biblioteques-de-badalona\/\"},\"author\":{\"name\":\"Barcelones Nord\",\"@id\":\"https:\/\/www.omnium.cat\/ca\/#\/schema\/person\/a6aa1d17a8ec81d6d382607b576be082\"},\"headline\":\"L&#8217;Arrelarreu torna a la biblioteques de Badalona\",\"datePublished\":\"2014-04-25T20:48:01+00:00\",\"dateModified\":\"2018-06-22T10:23:56+00:00\",\"mainEntityOfPage\":{\"@id\":\"https:\/\/www.omnium.cat\/ca\/larrelarreu-torna-a-la-biblioteques-de-badalona\/\"},\"wordCount\":756,\"publisher\":{\"@id\":\"https:\/\/www.omnium.cat\/ca\/#organization\"},\"image\":{\"@id\":\"https:\/\/www.omnium.cat\/ca\/larrelarreu-torna-a-la-biblioteques-de-badalona\/#primaryimage\"},\"thumbnailUrl\":\"https:\/\/cdn.omnium.cat\/wp-content\/uploads\/2014\/04\/01111333\/jpeg_arrelarreu_bdn_2014_1.jpg\",\"keywords\":[\"arrelarreu\",\"badalona\",\"biblioteques\",\"cohesi\u00f3\",\"contes\",\"hist\u00f2ries\",\"llefi\u00e0\",\"lloreda\",\"\u00d2mnium\"],\"articleSection\":[\"Uncategorized @oc\"],\"inLanguage\":\"ca\"},{\"@type\":\"WebPage\",\"@id\":\"https:\/\/www.omnium.cat\/ca\/larrelarreu-torna-a-la-biblioteques-de-badalona\/\",\"url\":\"https:\/\/www.omnium.cat\/ca\/larrelarreu-torna-a-la-biblioteques-de-badalona\/\",\"name\":\"L'Arrelarreu torna a la biblioteques de Badalona - \u00d2mnium Cultural\",\"isPartOf\":{\"@id\":\"https:\/\/www.omnium.cat\/ca\/#website\"},\"primaryImageOfPage\":{\"@id\":\"https:\/\/www.omnium.cat\/ca\/larrelarreu-torna-a-la-biblioteques-de-badalona\/#primaryimage\"},\"image\":{\"@id\":\"https:\/\/www.omnium.cat\/ca\/larrelarreu-torna-a-la-biblioteques-de-badalona\/#primaryimage\"},\"thumbnailUrl\":\"https:\/\/cdn.omnium.cat\/wp-content\/uploads\/2014\/04\/01111333\/jpeg_arrelarreu_bdn_2014_1.jpg\",\"datePublished\":\"2014-04-25T20:48:01+00:00\",\"dateModified\":\"2018-06-22T10:23:56+00:00\",\"breadcrumb\":{\"@id\":\"https:\/\/www.omnium.cat\/ca\/larrelarreu-torna-a-la-biblioteques-de-badalona\/#breadcrumb\"},\"inLanguage\":\"ca\",\"potentialAction\":[{\"@type\":\"ReadAction\",\"target\":[\"https:\/\/www.omnium.cat\/ca\/larrelarreu-torna-a-la-biblioteques-de-badalona\/\"]}]},{\"@type\":\"ImageObject\",\"inLanguage\":\"ca\",\"@id\":\"https:\/\/www.omnium.cat\/ca\/larrelarreu-torna-a-la-biblioteques-de-badalona\/#primaryimage\",\"url\":\"https:\/\/cdn.omnium.cat\/wp-content\/uploads\/2014\/04\/01111333\/jpeg_arrelarreu_bdn_2014_1.jpg\",\"contentUrl\":\"https:\/\/cdn.omnium.cat\/wp-content\/uploads\/2014\/04\/01111333\/jpeg_arrelarreu_bdn_2014_1.jpg\",\"width\":263,\"height\":370},{\"@type\":\"BreadcrumbList\",\"@id\":\"https:\/\/www.omnium.cat\/ca\/larrelarreu-torna-a-la-biblioteques-de-badalona\/#breadcrumb\",\"itemListElement\":[{\"@type\":\"ListItem\",\"position\":1,\"name\":\"Inici\",\"item\":\"https:\/\/www.omnium.cat\/ca\/\"},{\"@type\":\"ListItem\",\"position\":2,\"name\":\"L&#8217;Arrelarreu torna a la biblioteques de Badalona\"}]},{\"@type\":\"WebSite\",\"@id\":\"https:\/\/www.omnium.cat\/ca\/#website\",\"url\":\"https:\/\/www.omnium.cat\/ca\/\",\"name\":\"\u00d2mnium Cultural\",\"description\":\"Llengua Cultura Pa\u00eds\",\"publisher\":{\"@id\":\"https:\/\/www.omnium.cat\/ca\/#organization\"},\"potentialAction\":[{\"@type\":\"SearchAction\",\"target\":{\"@type\":\"EntryPoint\",\"urlTemplate\":\"https:\/\/www.omnium.cat\/ca\/?s={search_term_string}\"},\"query-input\":{\"@type\":\"PropertyValueSpecification\",\"valueRequired\":true,\"valueName\":\"search_term_string\"}}],\"inLanguage\":\"ca\"},{\"@type\":\"Organization\",\"@id\":\"https:\/\/www.omnium.cat\/ca\/#organization\",\"name\":\"\u00d2mnium Cultural\",\"url\":\"https:\/\/www.omnium.cat\/ca\/\",\"logo\":{\"@type\":\"ImageObject\",\"inLanguage\":\"ca\",\"@id\":\"https:\/\/www.omnium.cat\/ca\/#\/schema\/logo\/image\/\",\"url\":\"https:\/\/cdn.omnium.cat\/wp-content\/uploads\/2019\/06\/01112517\/cropped-omnium_logo-1.png\",\"contentUrl\":\"https:\/\/cdn.omnium.cat\/wp-content\/uploads\/2019\/06\/01112517\/cropped-omnium_logo-1.png\",\"width\":1213,\"height\":262,\"caption\":\"\u00d2mnium Cultural\"},\"image\":{\"@id\":\"https:\/\/www.omnium.cat\/ca\/#\/schema\/logo\/image\/\"},\"sameAs\":[\"https:\/\/www.facebook.com\/omniumcultural\",\"https:\/\/x.com\/omnium\",\"https:\/\/www.instagram.com\/omniumcultural\/\",\"https:\/\/www.youtube.com\/user\/omniumcultural\"]},{\"@type\":\"Person\",\"@id\":\"https:\/\/www.omnium.cat\/ca\/#\/schema\/person\/a6aa1d17a8ec81d6d382607b576be082\",\"name\":\"Barcelones Nord\",\"image\":{\"@type\":\"ImageObject\",\"inLanguage\":\"ca\",\"@id\":\"https:\/\/secure.gravatar.com\/avatar\/3749fc231666963ee4e5bd821f5105139a492144e1554907a2879ff67e988cf4?s=96&d=mm&r=g\",\"url\":\"https:\/\/secure.gravatar.com\/avatar\/3749fc231666963ee4e5bd821f5105139a492144e1554907a2879ff67e988cf4?s=96&d=mm&r=g\",\"contentUrl\":\"https:\/\/secure.gravatar.com\/avatar\/3749fc231666963ee4e5bd821f5105139a492144e1554907a2879ff67e988cf4?s=96&d=mm&r=g\",\"caption\":\"Barcelones Nord\"}}]}<\/script>\n<!-- \/ Yoast SEO plugin. -->","yoast_head_json":{"title":"L'Arrelarreu torna a la biblioteques de Badalona - \u00d2mnium Cultural","robots":{"index":"index","follow":"follow","max-snippet":"max-snippet:-1","max-image-preview":"max-image-preview:large","max-video-preview":"max-video-preview:-1"},"canonical":"https:\/\/www.omnium.cat\/ca\/larrelarreu-torna-a-la-biblioteques-de-badalona\/","twitter_misc":{"Escrit per":"Barcelones Nord","Temps estimat de lectura":"4 minuts"},"schema":{"@context":"https:\/\/schema.org","@graph":[{"@type":"Article","@id":"https:\/\/www.omnium.cat\/ca\/larrelarreu-torna-a-la-biblioteques-de-badalona\/#article","isPartOf":{"@id":"https:\/\/www.omnium.cat\/ca\/larrelarreu-torna-a-la-biblioteques-de-badalona\/"},"author":{"name":"Barcelones Nord","@id":"https:\/\/www.omnium.cat\/ca\/#\/schema\/person\/a6aa1d17a8ec81d6d382607b576be082"},"headline":"L&#8217;Arrelarreu torna a la biblioteques de Badalona","datePublished":"2014-04-25T20:48:01+00:00","dateModified":"2018-06-22T10:23:56+00:00","mainEntityOfPage":{"@id":"https:\/\/www.omnium.cat\/ca\/larrelarreu-torna-a-la-biblioteques-de-badalona\/"},"wordCount":756,"publisher":{"@id":"https:\/\/www.omnium.cat\/ca\/#organization"},"image":{"@id":"https:\/\/www.omnium.cat\/ca\/larrelarreu-torna-a-la-biblioteques-de-badalona\/#primaryimage"},"thumbnailUrl":"https:\/\/cdn.omnium.cat\/wp-content\/uploads\/2014\/04\/01111333\/jpeg_arrelarreu_bdn_2014_1.jpg","keywords":["arrelarreu","badalona","biblioteques","cohesi\u00f3","contes","hist\u00f2ries","llefi\u00e0","lloreda","\u00d2mnium"],"articleSection":["Uncategorized @oc"],"inLanguage":"ca"},{"@type":"WebPage","@id":"https:\/\/www.omnium.cat\/ca\/larrelarreu-torna-a-la-biblioteques-de-badalona\/","url":"https:\/\/www.omnium.cat\/ca\/larrelarreu-torna-a-la-biblioteques-de-badalona\/","name":"L'Arrelarreu torna a la biblioteques de Badalona - \u00d2mnium Cultural","isPartOf":{"@id":"https:\/\/www.omnium.cat\/ca\/#website"},"primaryImageOfPage":{"@id":"https:\/\/www.omnium.cat\/ca\/larrelarreu-torna-a-la-biblioteques-de-badalona\/#primaryimage"},"image":{"@id":"https:\/\/www.omnium.cat\/ca\/larrelarreu-torna-a-la-biblioteques-de-badalona\/#primaryimage"},"thumbnailUrl":"https:\/\/cdn.omnium.cat\/wp-content\/uploads\/2014\/04\/01111333\/jpeg_arrelarreu_bdn_2014_1.jpg","datePublished":"2014-04-25T20:48:01+00:00","dateModified":"2018-06-22T10:23:56+00:00","breadcrumb":{"@id":"https:\/\/www.omnium.cat\/ca\/larrelarreu-torna-a-la-biblioteques-de-badalona\/#breadcrumb"},"inLanguage":"ca","potentialAction":[{"@type":"ReadAction","target":["https:\/\/www.omnium.cat\/ca\/larrelarreu-torna-a-la-biblioteques-de-badalona\/"]}]},{"@type":"ImageObject","inLanguage":"ca","@id":"https:\/\/www.omnium.cat\/ca\/larrelarreu-torna-a-la-biblioteques-de-badalona\/#primaryimage","url":"https:\/\/cdn.omnium.cat\/wp-content\/uploads\/2014\/04\/01111333\/jpeg_arrelarreu_bdn_2014_1.jpg","contentUrl":"https:\/\/cdn.omnium.cat\/wp-content\/uploads\/2014\/04\/01111333\/jpeg_arrelarreu_bdn_2014_1.jpg","width":263,"height":370},{"@type":"BreadcrumbList","@id":"https:\/\/www.omnium.cat\/ca\/larrelarreu-torna-a-la-biblioteques-de-badalona\/#breadcrumb","itemListElement":[{"@type":"ListItem","position":1,"name":"Inici","item":"https:\/\/www.omnium.cat\/ca\/"},{"@type":"ListItem","position":2,"name":"L&#8217;Arrelarreu torna a la biblioteques de Badalona"}]},{"@type":"WebSite","@id":"https:\/\/www.omnium.cat\/ca\/#website","url":"https:\/\/www.omnium.cat\/ca\/","name":"\u00d2mnium Cultural","description":"Llengua Cultura Pa\u00eds","publisher":{"@id":"https:\/\/www.omnium.cat\/ca\/#organization"},"potentialAction":[{"@type":"SearchAction","target":{"@type":"EntryPoint","urlTemplate":"https:\/\/www.omnium.cat\/ca\/?s={search_term_string}"},"query-input":{"@type":"PropertyValueSpecification","valueRequired":true,"valueName":"search_term_string"}}],"inLanguage":"ca"},{"@type":"Organization","@id":"https:\/\/www.omnium.cat\/ca\/#organization","name":"\u00d2mnium Cultural","url":"https:\/\/www.omnium.cat\/ca\/","logo":{"@type":"ImageObject","inLanguage":"ca","@id":"https:\/\/www.omnium.cat\/ca\/#\/schema\/logo\/image\/","url":"https:\/\/cdn.omnium.cat\/wp-content\/uploads\/2019\/06\/01112517\/cropped-omnium_logo-1.png","contentUrl":"https:\/\/cdn.omnium.cat\/wp-content\/uploads\/2019\/06\/01112517\/cropped-omnium_logo-1.png","width":1213,"height":262,"caption":"\u00d2mnium Cultural"},"image":{"@id":"https:\/\/www.omnium.cat\/ca\/#\/schema\/logo\/image\/"},"sameAs":["https:\/\/www.facebook.com\/omniumcultural","https:\/\/x.com\/omnium","https:\/\/www.instagram.com\/omniumcultural\/","https:\/\/www.youtube.com\/user\/omniumcultural"]},{"@type":"Person","@id":"https:\/\/www.omnium.cat\/ca\/#\/schema\/person\/a6aa1d17a8ec81d6d382607b576be082","name":"Barcelones Nord","image":{"@type":"ImageObject","inLanguage":"ca","@id":"https:\/\/secure.gravatar.com\/avatar\/3749fc231666963ee4e5bd821f5105139a492144e1554907a2879ff67e988cf4?s=96&d=mm&r=g","url":"https:\/\/secure.gravatar.com\/avatar\/3749fc231666963ee4e5bd821f5105139a492144e1554907a2879ff67e988cf4?s=96&d=mm&r=g","contentUrl":"https:\/\/secure.gravatar.com\/avatar\/3749fc231666963ee4e5bd821f5105139a492144e1554907a2879ff67e988cf4?s=96&d=mm&r=g","caption":"Barcelones Nord"}}]}},"_links":{"self":[{"href":"https:\/\/www.omnium.cat\/ca\/wp-json\/wp\/v2\/posts\/8035","targetHints":{"allow":["GET"]}}],"collection":[{"href":"https:\/\/www.omnium.cat\/ca\/wp-json\/wp\/v2\/posts"}],"about":[{"href":"https:\/\/www.omnium.cat\/ca\/wp-json\/wp\/v2\/types\/post"}],"author":[{"embeddable":true,"href":"https:\/\/www.omnium.cat\/ca\/wp-json\/wp\/v2\/users\/62"}],"replies":[{"embeddable":true,"href":"https:\/\/www.omnium.cat\/ca\/wp-json\/wp\/v2\/comments?post=8035"}],"version-history":[{"count":1,"href":"https:\/\/www.omnium.cat\/ca\/wp-json\/wp\/v2\/posts\/8035\/revisions"}],"predecessor-version":[{"id":51084,"href":"https:\/\/www.omnium.cat\/ca\/wp-json\/wp\/v2\/posts\/8035\/revisions\/51084"}],"wp:featuredmedia":[{"embeddable":true,"href":"https:\/\/www.omnium.cat\/ca\/wp-json\/wp\/v2\/media\/8036"}],"wp:attachment":[{"href":"https:\/\/www.omnium.cat\/ca\/wp-json\/wp\/v2\/media?parent=8035"}],"wp:term":[{"taxonomy":"category","embeddable":true,"href":"https:\/\/www.omnium.cat\/ca\/wp-json\/wp\/v2\/categories?post=8035"},{"taxonomy":"post_tag","embeddable":true,"href":"https:\/\/www.omnium.cat\/ca\/wp-json\/wp\/v2\/tags?post=8035"},{"taxonomy":"post_headquarter","embeddable":true,"href":"https:\/\/www.omnium.cat\/ca\/wp-json\/wp\/v2\/post_headquarter?post=8035"},{"taxonomy":"post_project","embeddable":true,"href":"https:\/\/www.omnium.cat\/ca\/wp-json\/wp\/v2\/post_project?post=8035"}],"curies":[{"name":"wp","href":"https:\/\/api.w.org\/{rel}","templated":true}]}}