{"id":8177,"date":"2014-04-26T00:00:00","date_gmt":"2014-04-25T22:00:00","guid":{"rendered":"http:\/\/omnium.whads.com\/lliurament-dels-premis-del-concurs-literari-omnium-mataro\/"},"modified":"2014-04-26T00:00:00","modified_gmt":"2014-04-25T22:00:00","slug":"lliurament-dels-premis-del-concurs-literari-omnium-mataro","status":"publish","type":"post","link":"https:\/\/www.omnium.cat\/ca\/lliurament-dels-premis-del-concurs-literari-omnium-mataro\/","title":{"rendered":"Lliurament dels premis del Concurs literari \u00d2mnium Matar\u00f3"},"content":{"rendered":"<p>L&#8217;acte, que va tenir lloc al Sal\u00f3 de Sessions de l&#8217;Ajuntament de Matar\u00f3, va ser presidit pel president d&#8217;\u00d2mnium Matar\u00f3-Maresme, Antoni Pous, per la tinent d&#8217;Alcalde, N\u00faria Calpe, i pel regidor d&#8217;ensenyament, Pere Galvany. Tots tres van coincidir en felicitar les escoles i instituts que han optat per encoratjar els seus alumnes a participar en aquest certamen, i, sobretot, a animar els alumnes a continuar escrivint.&nbsp;<\/p>\n<p>En aquesta 34a edici\u00f3 s&#8217;han presentat fins a un total de 1122 treballs, repartits en 5 categories (de 3r de prim\u00e0ria fins a batxillerat i cicles formatius), i han obtingut premis o acc\u00e8ssits 28 alumnes.&nbsp;<\/p>\n<p>Davant de la sala plena dels familiars i professors dels premiats, es va passar a llegir el veredicte i, a continuaci\u00f3 i amb l&#8217;acompanyament d&#8217;una breu informaci\u00f3 de cada obra, els guardonats van anar recollint els seus premis, que consten d&#8217;un diploma, un lot de llibres, un xec intercanviable per material literari i, en el cas dels primers premis, un guard\u00f3 dissenyat especialment per l&#8217;ocasi\u00f3. Tamb\u00e9 es va repartir el llibre amb les obres premiades.&nbsp;<\/p>\n<p>Des d&#8217;\u00d2mnium Matar\u00f3-Maresme volem felicitar a tots els premiats i agrair a tots els alumnes que han participat en aquesta edici\u00f3.&nbsp;<\/p>\n<p>A continuaci\u00f3 podeu veure el veredicte.&nbsp;<\/p>\n<p>\nPRIMERA CATEGORIA (3r i 4t de prim\u00e0ria)<br \/>\n&nbsp;<br \/>\nPrimer premi:<br \/>\n<em>El m\u00f3n de paper de la Clara<\/em>,&nbsp;de&nbsp;Clara Codina i Bacard\u00ed&nbsp;(Col\u00b7legi Cor de Maria)<br \/>\n&nbsp;<br \/>\nSegon premi:<br \/>\n<em>Una gran fam\u00edlia<\/em>,&nbsp;de&nbsp;Max Tura i Aguilera&nbsp;(Escola Cam\u00ed del Mig)<br \/>\n&nbsp;<br \/>\nTercer premi:<br \/>\n<em>La Marina i les mil llegendes<\/em>,&nbsp;de&nbsp;Olaya Benchama&nbsp;(Escola Germanes Bertomeu)<br \/>\n&nbsp;<br \/>\nAcc\u00e8ssit:<br \/>\nEl gosset de la C\u00e8lia, de&nbsp;Clara Amposta i Lorenzo&nbsp;(Col\u00b7legi Cor de Maria)<br \/>\n&nbsp;<br \/>\nAcc\u00e8ssit:<br \/>\n<em>El m\u00f3n que fa les coses al rev\u00e9s<\/em>,&nbsp;de&nbsp;Pau Climent i Nem\u00e9&nbsp;(Escola Cam\u00ed del Mig)<br \/>\n&nbsp;<br \/>\nAcc\u00e8ssit:<br \/>\n<em>El planeta de les llaminadures<\/em>,&nbsp;de&nbsp;Laia Raja i Gubau&nbsp;(Escola Anxaneta)<br \/>\n&nbsp;<br \/>\n&nbsp;<br \/>\n&nbsp;<br \/>\nSEGONA CATEGORIA (5\u00e8 i 6\u00e8 de prim\u00e0ria)<br \/>\n&nbsp;<br \/>\nPrimer premi:<br \/>\n<em>La meva vida<\/em>,&nbsp;d\u2019Ariadna Lligonya i Gelabert&nbsp;(Escola Anxaneta)<br \/>\n&nbsp;<br \/>\nSegon premi:<br \/>\n<em>El Doby ha de marxar<\/em>,&nbsp;de&nbsp;Cristina Torra i Ruiz&nbsp;(Escola Germanes Bertomeu)<br \/>\n&nbsp;<br \/>\nTercer premi:<br \/>\n<em>La hist\u00f2ria de la felicitat<\/em>,&nbsp;de&nbsp;Pol Alcal\u00e0 i Verg\u00e9s&nbsp;(Col\u00b7legi Cor de Maria)<br \/>\n&nbsp;<br \/>\nAcc\u00e8ssit:<br \/>\n<em>El bosc de la felicitat<\/em>,&nbsp;d\u2019\u00c0ngela Gonzalo i Trujillo&nbsp;(Col\u00b7legi Mare de D\u00e9u de Lourdes)<br \/>\n&nbsp;<br \/>\nAcc\u00e8ssit:<br \/>\n<em>Aventures amb la colla de Sa Tuna<\/em>,&nbsp;de&nbsp;Carla Garc\u00eda i Castellsaguer&nbsp;(Col\u00b7legi Mare de D\u00e9u de Lourdes)<br \/>\n&nbsp;<br \/>\n&nbsp;<br \/>\n&nbsp;<br \/>\nTERCERA CATEGORIA (1r i 2n d\u2019ESO)<br \/>\n&nbsp;<br \/>\nPrimer premi:<br \/>\n<em>Categories gramaticals<\/em>,&nbsp;d\u2019Auger M\u00f3ra i Xifr\u00e9&nbsp;(Escola Pia Santa Anna)<br \/>\n&nbsp;<br \/>\nSegon premi:<br \/>\n<em>Despr\u00e9s de la por<\/em>,&nbsp;de&nbsp;Guillermo Cabellos Mart\u00ednez&nbsp;(Col\u00b7legi Maristes Valldemia)<br \/>\n&nbsp;<br \/>\nTercer premi:<br \/>\n<em>Els desaparellats<\/em>,&nbsp;de&nbsp;Minerva L\u00f3pez i Ruiz&nbsp;(Institut Dami\u00e0 Campeny)<br \/>\n&nbsp;<br \/>\nAcc\u00e8ssit:<br \/>\n<em>Un advent de fusta<\/em>,&nbsp;de&nbsp;J\u00falia Fabreg\u00e0 i Barco&nbsp;(Col\u00b7legi Maristes Valldemia)<br \/>\n&nbsp;<br \/>\nAcc\u00e8ssit:<br \/>\n<em>La primavera<\/em>,&nbsp;d\u2019Oriol Borraja de Mesas&nbsp;(Escola Pia Santa Anna)<br \/>\n&nbsp;<br \/>\nAcc\u00e8ssit:<br \/>\n<em>Buscant entre els record<\/em>s,&nbsp;de&nbsp;Berta Pascual i Tubert&nbsp;(Col\u00b7legi Maristes Valldemia)<br \/>\n&nbsp;<br \/>\n&nbsp;<br \/>\n&nbsp;<br \/>\nQUARTA CATEGORIA (3r i 4t d\u2019ESO)<br \/>\n&nbsp;<br \/>\nPrimer premi:<br \/>\n<em>Els embolics cient\u00edfics del dia a dia<\/em>,&nbsp;de&nbsp;Jan Matar\u00f3 i N\u00fa\u00f1ez&nbsp;(Escola Pia Santa Anna)<br \/>\n&nbsp;<br \/>\nSegon premi:<br \/>\n<em>Perqu\u00e8 s\u00ed,<\/em>&nbsp;d\u2019Aida Mateo Gonz\u00e1lez&nbsp;(Escola Pia Santa Anna)<br \/>\n&nbsp;<br \/>\nTercer premi:<br \/>\n<em>Plena de buit i de llum<\/em>,&nbsp;de&nbsp;Lidia Zamora i Morales&nbsp;(Escola Pia Santa Anna)<br \/>\n&nbsp;<br \/>\nAcc\u00e8ssit:<br \/>\n<em>Per quan hi caminis sol<\/em>,&nbsp;d\u2019Ariadna Becerra i Lendinez&nbsp;(Escola Meritxell)<br \/>\n&nbsp;<br \/>\nAcc\u00e8ssit:<br \/>\n<em>Un soldat de carn i ossos<\/em>,&nbsp;d\u2019Emma Pons i Serra&nbsp;(Institut Alexandre Satorras)<br \/>\n&nbsp;<br \/>\n&nbsp;<br \/>\n&nbsp;<br \/>\nCINQUENA CATEGORIA (Batxillerat i Cicles Formatius)<br \/>\n&nbsp;<br \/>\nPrimer premi:<br \/>\n<em>Negre, gris, blau, verd, vermell, taronja, groc, rosa i p\u00farpura<\/em>,&nbsp;de&nbsp;Laia Rivelles i Pereta&nbsp;(Institut Dami\u00e0 Campeny)<br \/>\n&nbsp;<br \/>\nSegon premi:<br \/>\n<em>Inventaris de classe<\/em>,&nbsp;d\u2019El\u00edas Mu\u00f1oz i Caballero&nbsp;(Institut Alexandre Satorras)<br \/>\n&nbsp;<br \/>\nTercer premi:<br \/>\n<em>Solstici de nit<\/em>,&nbsp;de&nbsp;J\u00falia Caball\u00e9 i Solles&nbsp;(Escola Pia Santa Anna)<br \/>\n&nbsp;<br \/>\nAcc\u00e8ssit:<br \/>\n<em>Pensaments, reflexions i un tren<\/em>,&nbsp;de&nbsp;Lisa Tupet i Rodr\u00edguez&nbsp;(Col\u00b7legi Maristes Valldemia)<br \/>\n&nbsp;<br \/>\nAcc\u00e8ssit:<br \/>\n<em>He perdut una amiga<\/em>,&nbsp;de&nbsp;Jordi Estap\u00e9 i Montserrat&nbsp;(Institut Dami\u00e0 Campeny)<br \/>\n&nbsp;<br \/>\nAcc\u00e8ssit:<br \/>\n<em>Els rellotges<\/em>,&nbsp;d\u2019Elisabeth Gili i Barbena&nbsp;(Col\u00b7legi Maristes Valldemia)<\/p>\n<p><\/p>\n","protected":false},"excerpt":{"rendered":"<p>El passat 26 d&#8217;abril es va fer l&#8217;acte de lliurament de premis del Concurs literari per a escolars d&#8217;\u00d2mnium Matar\u00f3 &#8211; Memorial Joaquim Casas. <\/p>\n","protected":false},"author":24,"featured_media":8178,"comment_status":"closed","ping_status":"open","sticky":false,"template":"","format":"standard","meta":{"_acf_changed":false,"footnotes":""},"categories":[1],"tags":[],"post_headquarter":[1751],"post_project":[1807],"class_list":["post-8177","post","type-post","status-publish","format-standard","has-post-thumbnail","hentry","category-uncategorized-ca","post_headquarter-maresme","post_project-concurs-literari-omnium-mataro"],"acf":[],"yoast_head":"<!-- This site is optimized with the Yoast SEO plugin v27.2 - https:\/\/yoast.com\/product\/yoast-seo-wordpress\/ -->\n<title>Lliurament dels premis del Concurs literari \u00d2mnium Matar\u00f3 - \u00d2mnium Cultural<\/title>\n<meta name=\"robots\" content=\"index, follow, max-snippet:-1, max-image-preview:large, max-video-preview:-1\" \/>\n<link rel=\"canonical\" href=\"https:\/\/www.omnium.cat\/ca\/lliurament-dels-premis-del-concurs-literari-omnium-mataro\/\" \/>\n<meta name=\"twitter:label1\" content=\"Escrit per\" \/>\n\t<meta name=\"twitter:data1\" content=\"Mataro-Maresme\" \/>\n\t<meta name=\"twitter:label2\" content=\"Temps estimat de lectura\" \/>\n\t<meta name=\"twitter:data2\" content=\"4 minuts\" \/>\n<script type=\"application\/ld+json\" class=\"yoast-schema-graph\">{\"@context\":\"https:\/\/schema.org\",\"@graph\":[{\"@type\":\"Article\",\"@id\":\"https:\/\/www.omnium.cat\/ca\/lliurament-dels-premis-del-concurs-literari-omnium-mataro\/#article\",\"isPartOf\":{\"@id\":\"https:\/\/www.omnium.cat\/ca\/lliurament-dels-premis-del-concurs-literari-omnium-mataro\/\"},\"author\":{\"name\":\"Mataro-Maresme\",\"@id\":\"https:\/\/www.omnium.cat\/ca\/#\/schema\/person\/54a77f3ab54595cd4330d16b79837eb4\"},\"headline\":\"Lliurament dels premis del Concurs literari \u00d2mnium Matar\u00f3\",\"datePublished\":\"2014-04-25T22:00:00+00:00\",\"mainEntityOfPage\":{\"@id\":\"https:\/\/www.omnium.cat\/ca\/lliurament-dels-premis-del-concurs-literari-omnium-mataro\/\"},\"wordCount\":830,\"publisher\":{\"@id\":\"https:\/\/www.omnium.cat\/ca\/#organization\"},\"image\":{\"@id\":\"https:\/\/www.omnium.cat\/ca\/lliurament-dels-premis-del-concurs-literari-omnium-mataro\/#primaryimage\"},\"thumbnailUrl\":\"https:\/\/cdn.omnium.cat\/wp-content\/uploads\/2014\/04\/01111222\/dsc_0190.jpg\",\"articleSection\":[\"Uncategorized @oc\"],\"inLanguage\":\"ca\"},{\"@type\":\"WebPage\",\"@id\":\"https:\/\/www.omnium.cat\/ca\/lliurament-dels-premis-del-concurs-literari-omnium-mataro\/\",\"url\":\"https:\/\/www.omnium.cat\/ca\/lliurament-dels-premis-del-concurs-literari-omnium-mataro\/\",\"name\":\"Lliurament dels premis del Concurs literari \u00d2mnium Matar\u00f3 - \u00d2mnium Cultural\",\"isPartOf\":{\"@id\":\"https:\/\/www.omnium.cat\/ca\/#website\"},\"primaryImageOfPage\":{\"@id\":\"https:\/\/www.omnium.cat\/ca\/lliurament-dels-premis-del-concurs-literari-omnium-mataro\/#primaryimage\"},\"image\":{\"@id\":\"https:\/\/www.omnium.cat\/ca\/lliurament-dels-premis-del-concurs-literari-omnium-mataro\/#primaryimage\"},\"thumbnailUrl\":\"https:\/\/cdn.omnium.cat\/wp-content\/uploads\/2014\/04\/01111222\/dsc_0190.jpg\",\"datePublished\":\"2014-04-25T22:00:00+00:00\",\"breadcrumb\":{\"@id\":\"https:\/\/www.omnium.cat\/ca\/lliurament-dels-premis-del-concurs-literari-omnium-mataro\/#breadcrumb\"},\"inLanguage\":\"ca\",\"potentialAction\":[{\"@type\":\"ReadAction\",\"target\":[\"https:\/\/www.omnium.cat\/ca\/lliurament-dels-premis-del-concurs-literari-omnium-mataro\/\"]}]},{\"@type\":\"ImageObject\",\"inLanguage\":\"ca\",\"@id\":\"https:\/\/www.omnium.cat\/ca\/lliurament-dels-premis-del-concurs-literari-omnium-mataro\/#primaryimage\",\"url\":\"https:\/\/cdn.omnium.cat\/wp-content\/uploads\/2014\/04\/01111222\/dsc_0190.jpg\",\"contentUrl\":\"https:\/\/cdn.omnium.cat\/wp-content\/uploads\/2014\/04\/01111222\/dsc_0190.jpg\",\"width\":553,\"height\":370},{\"@type\":\"BreadcrumbList\",\"@id\":\"https:\/\/www.omnium.cat\/ca\/lliurament-dels-premis-del-concurs-literari-omnium-mataro\/#breadcrumb\",\"itemListElement\":[{\"@type\":\"ListItem\",\"position\":1,\"name\":\"Inici\",\"item\":\"https:\/\/www.omnium.cat\/ca\/\"},{\"@type\":\"ListItem\",\"position\":2,\"name\":\"Lliurament dels premis del Concurs literari \u00d2mnium Matar\u00f3\"}]},{\"@type\":\"WebSite\",\"@id\":\"https:\/\/www.omnium.cat\/ca\/#website\",\"url\":\"https:\/\/www.omnium.cat\/ca\/\",\"name\":\"\u00d2mnium Cultural\",\"description\":\"Llengua Cultura Pa\u00eds\",\"publisher\":{\"@id\":\"https:\/\/www.omnium.cat\/ca\/#organization\"},\"potentialAction\":[{\"@type\":\"SearchAction\",\"target\":{\"@type\":\"EntryPoint\",\"urlTemplate\":\"https:\/\/www.omnium.cat\/ca\/?s={search_term_string}\"},\"query-input\":{\"@type\":\"PropertyValueSpecification\",\"valueRequired\":true,\"valueName\":\"search_term_string\"}}],\"inLanguage\":\"ca\"},{\"@type\":\"Organization\",\"@id\":\"https:\/\/www.omnium.cat\/ca\/#organization\",\"name\":\"\u00d2mnium Cultural\",\"url\":\"https:\/\/www.omnium.cat\/ca\/\",\"logo\":{\"@type\":\"ImageObject\",\"inLanguage\":\"ca\",\"@id\":\"https:\/\/www.omnium.cat\/ca\/#\/schema\/logo\/image\/\",\"url\":\"https:\/\/cdn.omnium.cat\/wp-content\/uploads\/2019\/06\/01112517\/cropped-omnium_logo-1.png\",\"contentUrl\":\"https:\/\/cdn.omnium.cat\/wp-content\/uploads\/2019\/06\/01112517\/cropped-omnium_logo-1.png\",\"width\":1213,\"height\":262,\"caption\":\"\u00d2mnium Cultural\"},\"image\":{\"@id\":\"https:\/\/www.omnium.cat\/ca\/#\/schema\/logo\/image\/\"},\"sameAs\":[\"https:\/\/www.facebook.com\/omniumcultural\",\"https:\/\/x.com\/omnium\",\"https:\/\/www.instagram.com\/omniumcultural\/\",\"https:\/\/www.youtube.com\/user\/omniumcultural\"]},{\"@type\":\"Person\",\"@id\":\"https:\/\/www.omnium.cat\/ca\/#\/schema\/person\/54a77f3ab54595cd4330d16b79837eb4\",\"name\":\"Mataro-Maresme\",\"image\":{\"@type\":\"ImageObject\",\"inLanguage\":\"ca\",\"@id\":\"https:\/\/secure.gravatar.com\/avatar\/f9b774de3b8fc493fed62a6917182a9b2e58cdc9d689cc445f1be7a758394ad3?s=96&d=mm&r=g\",\"url\":\"https:\/\/secure.gravatar.com\/avatar\/f9b774de3b8fc493fed62a6917182a9b2e58cdc9d689cc445f1be7a758394ad3?s=96&d=mm&r=g\",\"contentUrl\":\"https:\/\/secure.gravatar.com\/avatar\/f9b774de3b8fc493fed62a6917182a9b2e58cdc9d689cc445f1be7a758394ad3?s=96&d=mm&r=g\",\"caption\":\"Mataro-Maresme\"}}]}<\/script>\n<!-- \/ Yoast SEO plugin. -->","yoast_head_json":{"title":"Lliurament dels premis del Concurs literari \u00d2mnium Matar\u00f3 - \u00d2mnium Cultural","robots":{"index":"index","follow":"follow","max-snippet":"max-snippet:-1","max-image-preview":"max-image-preview:large","max-video-preview":"max-video-preview:-1"},"canonical":"https:\/\/www.omnium.cat\/ca\/lliurament-dels-premis-del-concurs-literari-omnium-mataro\/","twitter_misc":{"Escrit per":"Mataro-Maresme","Temps estimat de lectura":"4 minuts"},"schema":{"@context":"https:\/\/schema.org","@graph":[{"@type":"Article","@id":"https:\/\/www.omnium.cat\/ca\/lliurament-dels-premis-del-concurs-literari-omnium-mataro\/#article","isPartOf":{"@id":"https:\/\/www.omnium.cat\/ca\/lliurament-dels-premis-del-concurs-literari-omnium-mataro\/"},"author":{"name":"Mataro-Maresme","@id":"https:\/\/www.omnium.cat\/ca\/#\/schema\/person\/54a77f3ab54595cd4330d16b79837eb4"},"headline":"Lliurament dels premis del Concurs literari \u00d2mnium Matar\u00f3","datePublished":"2014-04-25T22:00:00+00:00","mainEntityOfPage":{"@id":"https:\/\/www.omnium.cat\/ca\/lliurament-dels-premis-del-concurs-literari-omnium-mataro\/"},"wordCount":830,"publisher":{"@id":"https:\/\/www.omnium.cat\/ca\/#organization"},"image":{"@id":"https:\/\/www.omnium.cat\/ca\/lliurament-dels-premis-del-concurs-literari-omnium-mataro\/#primaryimage"},"thumbnailUrl":"https:\/\/cdn.omnium.cat\/wp-content\/uploads\/2014\/04\/01111222\/dsc_0190.jpg","articleSection":["Uncategorized @oc"],"inLanguage":"ca"},{"@type":"WebPage","@id":"https:\/\/www.omnium.cat\/ca\/lliurament-dels-premis-del-concurs-literari-omnium-mataro\/","url":"https:\/\/www.omnium.cat\/ca\/lliurament-dels-premis-del-concurs-literari-omnium-mataro\/","name":"Lliurament dels premis del Concurs literari \u00d2mnium Matar\u00f3 - \u00d2mnium Cultural","isPartOf":{"@id":"https:\/\/www.omnium.cat\/ca\/#website"},"primaryImageOfPage":{"@id":"https:\/\/www.omnium.cat\/ca\/lliurament-dels-premis-del-concurs-literari-omnium-mataro\/#primaryimage"},"image":{"@id":"https:\/\/www.omnium.cat\/ca\/lliurament-dels-premis-del-concurs-literari-omnium-mataro\/#primaryimage"},"thumbnailUrl":"https:\/\/cdn.omnium.cat\/wp-content\/uploads\/2014\/04\/01111222\/dsc_0190.jpg","datePublished":"2014-04-25T22:00:00+00:00","breadcrumb":{"@id":"https:\/\/www.omnium.cat\/ca\/lliurament-dels-premis-del-concurs-literari-omnium-mataro\/#breadcrumb"},"inLanguage":"ca","potentialAction":[{"@type":"ReadAction","target":["https:\/\/www.omnium.cat\/ca\/lliurament-dels-premis-del-concurs-literari-omnium-mataro\/"]}]},{"@type":"ImageObject","inLanguage":"ca","@id":"https:\/\/www.omnium.cat\/ca\/lliurament-dels-premis-del-concurs-literari-omnium-mataro\/#primaryimage","url":"https:\/\/cdn.omnium.cat\/wp-content\/uploads\/2014\/04\/01111222\/dsc_0190.jpg","contentUrl":"https:\/\/cdn.omnium.cat\/wp-content\/uploads\/2014\/04\/01111222\/dsc_0190.jpg","width":553,"height":370},{"@type":"BreadcrumbList","@id":"https:\/\/www.omnium.cat\/ca\/lliurament-dels-premis-del-concurs-literari-omnium-mataro\/#breadcrumb","itemListElement":[{"@type":"ListItem","position":1,"name":"Inici","item":"https:\/\/www.omnium.cat\/ca\/"},{"@type":"ListItem","position":2,"name":"Lliurament dels premis del Concurs literari \u00d2mnium Matar\u00f3"}]},{"@type":"WebSite","@id":"https:\/\/www.omnium.cat\/ca\/#website","url":"https:\/\/www.omnium.cat\/ca\/","name":"\u00d2mnium Cultural","description":"Llengua Cultura Pa\u00eds","publisher":{"@id":"https:\/\/www.omnium.cat\/ca\/#organization"},"potentialAction":[{"@type":"SearchAction","target":{"@type":"EntryPoint","urlTemplate":"https:\/\/www.omnium.cat\/ca\/?s={search_term_string}"},"query-input":{"@type":"PropertyValueSpecification","valueRequired":true,"valueName":"search_term_string"}}],"inLanguage":"ca"},{"@type":"Organization","@id":"https:\/\/www.omnium.cat\/ca\/#organization","name":"\u00d2mnium Cultural","url":"https:\/\/www.omnium.cat\/ca\/","logo":{"@type":"ImageObject","inLanguage":"ca","@id":"https:\/\/www.omnium.cat\/ca\/#\/schema\/logo\/image\/","url":"https:\/\/cdn.omnium.cat\/wp-content\/uploads\/2019\/06\/01112517\/cropped-omnium_logo-1.png","contentUrl":"https:\/\/cdn.omnium.cat\/wp-content\/uploads\/2019\/06\/01112517\/cropped-omnium_logo-1.png","width":1213,"height":262,"caption":"\u00d2mnium Cultural"},"image":{"@id":"https:\/\/www.omnium.cat\/ca\/#\/schema\/logo\/image\/"},"sameAs":["https:\/\/www.facebook.com\/omniumcultural","https:\/\/x.com\/omnium","https:\/\/www.instagram.com\/omniumcultural\/","https:\/\/www.youtube.com\/user\/omniumcultural"]},{"@type":"Person","@id":"https:\/\/www.omnium.cat\/ca\/#\/schema\/person\/54a77f3ab54595cd4330d16b79837eb4","name":"Mataro-Maresme","image":{"@type":"ImageObject","inLanguage":"ca","@id":"https:\/\/secure.gravatar.com\/avatar\/f9b774de3b8fc493fed62a6917182a9b2e58cdc9d689cc445f1be7a758394ad3?s=96&d=mm&r=g","url":"https:\/\/secure.gravatar.com\/avatar\/f9b774de3b8fc493fed62a6917182a9b2e58cdc9d689cc445f1be7a758394ad3?s=96&d=mm&r=g","contentUrl":"https:\/\/secure.gravatar.com\/avatar\/f9b774de3b8fc493fed62a6917182a9b2e58cdc9d689cc445f1be7a758394ad3?s=96&d=mm&r=g","caption":"Mataro-Maresme"}}]}},"_links":{"self":[{"href":"https:\/\/www.omnium.cat\/ca\/wp-json\/wp\/v2\/posts\/8177","targetHints":{"allow":["GET"]}}],"collection":[{"href":"https:\/\/www.omnium.cat\/ca\/wp-json\/wp\/v2\/posts"}],"about":[{"href":"https:\/\/www.omnium.cat\/ca\/wp-json\/wp\/v2\/types\/post"}],"author":[{"embeddable":true,"href":"https:\/\/www.omnium.cat\/ca\/wp-json\/wp\/v2\/users\/24"}],"replies":[{"embeddable":true,"href":"https:\/\/www.omnium.cat\/ca\/wp-json\/wp\/v2\/comments?post=8177"}],"version-history":[{"count":0,"href":"https:\/\/www.omnium.cat\/ca\/wp-json\/wp\/v2\/posts\/8177\/revisions"}],"wp:featuredmedia":[{"embeddable":true,"href":"https:\/\/www.omnium.cat\/ca\/wp-json\/wp\/v2\/media\/8178"}],"wp:attachment":[{"href":"https:\/\/www.omnium.cat\/ca\/wp-json\/wp\/v2\/media?parent=8177"}],"wp:term":[{"taxonomy":"category","embeddable":true,"href":"https:\/\/www.omnium.cat\/ca\/wp-json\/wp\/v2\/categories?post=8177"},{"taxonomy":"post_tag","embeddable":true,"href":"https:\/\/www.omnium.cat\/ca\/wp-json\/wp\/v2\/tags?post=8177"},{"taxonomy":"post_headquarter","embeddable":true,"href":"https:\/\/www.omnium.cat\/ca\/wp-json\/wp\/v2\/post_headquarter?post=8177"},{"taxonomy":"post_project","embeddable":true,"href":"https:\/\/www.omnium.cat\/ca\/wp-json\/wp\/v2\/post_project?post=8177"}],"curies":[{"name":"wp","href":"https:\/\/api.w.org\/{rel}","templated":true}]}}